{"id":791,"date":"2024-04-10T10:03:06","date_gmt":"2022-07-16T20:14:41","guid":{"rendered":"http:\/\/pavillon-s.com\/franqueville_utopia-2\/"},"modified":"2024-10-09T15:43:52","modified_gmt":"2024-10-09T13:43:52","slug":"franqueville_balutopique","status":"publish","type":"post","link":"https:\/\/pavillon-s.com\/en\/franqueville_balutopique\/","title":{"rendered":"Pavillon-s t\u00e9moins Franqueville Bal Utopique 2024"},"content":{"rendered":"","protected":false},"excerpt":{"rendered":"","protected":false},"author":1,"featured_media":792,"comment_status":"closed","ping_status":"closed","sticky":false,"template":"","format":"standard","meta":[],"categories":[10],"tags":[],"class_list":["post-791","post","type-post","status-publish","has-post-thumbnail","hentry","category-pavillon-s-temoins"],"grid":"{\r\n  \"colCount\": 12,\r\n  \"colGutter\": 1,\r\n  \"rowGutters\": [\r\n    2.5,\r\n    0,\r\n    2,\r\n    2,\r\n    2,\r\n    2,\r\n    2\r\n  ],\r\n  \"frameMargin\": 5,\r\n  \"leftFrameMargin\": 2.5,\r\n  \"rightFrameMargin\": 5,\r\n  \"topFrameMargin\": 180,\r\n  \"bottomFrameMargin\": 5,\r\n  \"rowAttrs\": [\r\n    {},\r\n    {},\r\n    {},\r\n    {},\r\n    {},\r\n    {},\r\n    {},\r\n    {}\r\n  ],\r\n  \"bgColor\": null,\r\n  \"bgImage\": null,\r\n  \"cont\": [\r\n    {\r\n      \"type\": \"text\",\r\n      \"cont\": \"<h1 class=\\\"_menu_home\\\"><a href=\\\"http:\/\/pavillon-s.com\/franqueville-artistes-projets-2024\/\\\" data-type=\\\"page\\\" data-id=\\\"714\\\" data-title=\\\"Pavillon-s t\u00e9moins Franqueville-Saint-Pierre artistes projets 2024\\\"><span style=\\\"color: #ff00ff;\\\">Pavillon-s t\u00e9moins, Franqueville-Saint-Pierre<\/span><\/a><\/h1>\",\r\n      \"align\": \"top\",\r\n      \"row\": 0,\r\n      \"col\": 0,\r\n      \"colspan\": 10,\r\n      \"offsetx\": 0,\r\n      \"offsety\": 0,\r\n      \"spaceabove\": 0,\r\n      \"spacebelow\": 0,\r\n      \"yvel\": 1,\r\n      \"push\": 0,\r\n      \"relid\": 9,\r\n      \"frameOverflow\": \"\"\r\n    },\r\n    {\r\n      \"type\": \"text\",\r\n      \"cont\": \"<h1 class=\\\"_Titre_spectacle\\\"><em>Bal Utopique<\/em><br \/>La Presque Compagnie<\/h1>\",\r\n      \"align\": \"top\",\r\n      \"row\": 1,\r\n      \"col\": 0,\r\n      \"colspan\": 7,\r\n      \"offsetx\": 0,\r\n      \"offsety\": 0,\r\n      \"spaceabove\": 0,\r\n      \"spacebelow\": 0,\r\n      \"yvel\": 1,\r\n      \"push\": 0,\r\n      \"relid\": 4\r\n    },\r\n    {\r\n      \"type\": \"text\",\r\n      \"cont\": \"<p class=\\\"_texte_page\\\">le 13 juillet \u00e0 Franqueville-Saint-Pierre<\/p>\",\r\n      \"align\": \"middle\",\r\n      \"row\": 2,\r\n      \"col\": 0,\r\n      \"colspan\": 7,\r\n      \"offsetx\": 0,\r\n      \"offsety\": 0,\r\n      \"spaceabove\": 0,\r\n      \"spacebelow\": 0,\r\n      \"yvel\": 1,\r\n      \"push\": 0,\r\n      \"relid\": 5,\r\n      \"frameOverflow\": \"\"\r\n    },\r\n    {\r\n      \"type\": \"carousel\",\r\n      \"cont\": \"\",\r\n      \"align\": \"top\",\r\n      \"row\": 3,\r\n      \"col\": 0,\r\n      \"colspan\": 7,\r\n      \"offsetx\": 0,\r\n      \"offsety\": 0,\r\n      \"spaceabove\": 0,\r\n      \"spacebelow\": 0,\r\n      \"yvel\": 1,\r\n      \"push\": 0,\r\n      \"relid\": 182,\r\n      \"carousel_options\": {\r\n        \"random\": false,\r\n        \"autoplay\": true,\r\n        \"showMultipleSlides\": false,\r\n        \"freeScroll\": false,\r\n        \"mousewheelScroll\": false,\r\n        \"size\": \"aspectRatioOfFirstElement\",\r\n        \"slidesWidth\": \"null\",\r\n        \"transition\": \"sliding\",\r\n        \"loop\": \"1\",\r\n        \"spaceBetween\": 0,\r\n        \"captionsUnderSlides\": false,\r\n        \"disableClick\": false\r\n      },\r\n      \"carousel\": [\r\n        {\r\n          \"type\": \"img\",\r\n          \"attid\": 1022,\r\n          \"cont\": \"\/wp-content\/uploads\/2024\/04\/Balutopique\u00a9MarieSerresGiancotti.IMG_0701.jpg\",\r\n          \"sizes\": {\r\n            \"full\": \"\/wp-content\/uploads\/2024\/04\/Balutopique\u00a9MarieSerresGiancotti.IMG_0701.jpg\",\r\n            \"_1920\": \"\/wp-content\/uploads\/2024\/04\/Balutopique\u00a9MarieSerresGiancotti.IMG_0701-1920x1280.jpg\",\r\n            \"_1280\": \"\/wp-content\/uploads\/2024\/04\/Balutopique\u00a9MarieSerresGiancotti.IMG_0701-1280x854.jpg\",\r\n            \"_1024\": \"\/wp-content\/uploads\/2024\/04\/Balutopique\u00a9MarieSerresGiancotti.IMG_0701-1024x683.jpg\",\r\n            \"_768\": \"\/wp-content\/uploads\/2024\/04\/Balutopique\u00a9MarieSerresGiancotti.IMG_0701-768x512.jpg\",\r\n            \"_512\": \"\/wp-content\/uploads\/2024\/04\/Balutopique\u00a9MarieSerresGiancotti.IMG_0701-512x341.jpg\",\r\n            \"_265\": \"\/wp-content\/uploads\/2024\/04\/Balutopique\u00a9MarieSerresGiancotti.IMG_0701-265x177.jpg\"\r\n          },\r\n          \"w\": 2551,\r\n          \"h\": 1701,\r\n          \"ar\": 0.666797334378675,\r\n          \"alt\": \"\",\r\n          \"caption\": \"<p class=\\\"_texte_page\\\">\u00a9 Marie Serres-Giancotti<\/p>\"\r\n        },\r\n        {\r\n          \"type\": \"img\",\r\n          \"attid\": 1021,\r\n          \"cont\": \"\/wp-content\/uploads\/2024\/04\/Balutopique\u00a9EmmanuelleVo-Dinh.IMG_5530.HEBalutopique\u00a9EmmanuelleVo-Dinh.IC_.jpg\",\r\n          \"sizes\": {\r\n            \"full\": \"\/wp-content\/uploads\/2024\/04\/Balutopique\u00a9EmmanuelleVo-Dinh.IMG_5530.HEBalutopique\u00a9EmmanuelleVo-Dinh.IC_.jpg\",\r\n            \"_1280\": \"\/wp-content\/uploads\/2024\/04\/Balutopique\u00a9EmmanuelleVo-Dinh.IMG_5530.HEBalutopique\u00a9EmmanuelleVo-Dinh.IC_-1280x960.jpg\",\r\n            \"_1024\": \"\/wp-content\/uploads\/2024\/04\/Balutopique\u00a9EmmanuelleVo-Dinh.IMG_5530.HEBalutopique\u00a9EmmanuelleVo-Dinh.IC_-1024x768.jpg\",\r\n            \"_768\": \"\/wp-content\/uploads\/2024\/04\/Balutopique\u00a9EmmanuelleVo-Dinh.IMG_5530.HEBalutopique\u00a9EmmanuelleVo-Dinh.IC_-768x576.jpg\",\r\n            \"_512\": \"\/wp-content\/uploads\/2024\/04\/Balutopique\u00a9EmmanuelleVo-Dinh.IMG_5530.HEBalutopique\u00a9EmmanuelleVo-Dinh.IC_-512x384.jpg\",\r\n            \"_265\": \"\/wp-content\/uploads\/2024\/04\/Balutopique\u00a9EmmanuelleVo-Dinh.IMG_5530.HEBalutopique\u00a9EmmanuelleVo-Dinh.IC_-265x199.jpg\"\r\n          },\r\n          \"w\": 1701,\r\n          \"h\": 1276,\r\n          \"ar\": 0.7501469723691946,\r\n          \"alt\": \"\",\r\n          \"caption\": \"<p class=\\\"_texte_page\\\">\u00a9 Emmanuelle Vo-Dinh<\/p>\"\r\n        }\r\n      ]\r\n    },\r\n    {\r\n      \"type\": \"text\",\r\n      \"cont\": \"<div title=\\\"Page 17\\\"><p class=\\\"_texte_page\\\">Entre standards incontournables, musique e\u0301lectro planante et chore\u0301graphies collectives, le bal utopique de la Presque compagnie a \u00e9t\u00e9 la promesse d\u2019une soire\u0301e interge\u0301ne\u0301rationnelle passionne\u0301e et de\u0301chaine\u0301e. Un petit tour sur la piste ?<br \/>La Presque Compagnie nous a invit\u00e9 \u00e0 investir la piste de danse lors de soir\u00e9es partag\u00e9es passionn\u00e9es, d\u00e9chain\u00e9es et utopiques !<br \/>Nul besoin d\u2019\u00eatre bon danseur, tout le monde a \u00e9t\u00e9 invit\u00e9 \u00e0 se d\u00e9hancher seul ou en groupe, jeune ou plus \u00e2g\u00e9. La soir\u00e9e se veut interg\u00e9n\u00e9rationnelle et d\u00e9jant\u00e9e !<br \/>Entre standards incontournables, musique \u00e9lectro plus planante, chor\u00e9graphies collectives ou solo, l\u2019enjeu sera surtout de se retrouver pour passer un moment commun heureux en dehors du temps.<\/p><\/div>\",\r\n      \"align\": \"top\",\r\n      \"row\": 4,\r\n      \"col\": 0,\r\n      \"colspan\": 8,\r\n      \"offsetx\": 0,\r\n      \"offsety\": 0,\r\n      \"spaceabove\": 0,\r\n      \"spacebelow\": 0,\r\n      \"yvel\": 1,\r\n      \"push\": 0,\r\n      \"relid\": 6\r\n    },\r\n    {\r\n      \"type\": \"text\",\r\n      \"cont\": \"<div class=\\\"page\\\" title=\\\"Page 17\\\"><div class=\\\"section\\\"><div class=\\\"layoutArea\\\"><div class=\\\"column\\\"><p class=\\\"_texte_page\\\"><span><span style=\\\"color: #1500f6;\\\">Bal utopique sans r\u00e9servation<\/span><br \/>Samedi 13 juillet,\u00a0<\/span><span>a\u0300 partir de 19h,\u00a0<\/span><span>Cour de l\u2019e\u0301cole L. Lemonnier<\/span><\/p><\/div><div title=\\\"Page 17\\\"><div><div><div><p class=\\\"_texte_page\\\">Restauration et buvette seront disponibles sur place.<\/p><p class=\\\"_texte_page\\\">Vous souhaitez en savoir plus, re\u0301server ? <span style=\\\"color: #1500f6;\\\">contact@pavillon-s.com \/ 06 59 70 08 41\u00a0<\/span><\/p><\/div><\/div><\/div><\/div><\/div><\/div><\/div>\",\r\n      \"align\": \"top\",\r\n      \"row\": 5,\r\n      \"col\": 0,\r\n      \"colspan\": 9,\r\n      \"offsetx\": 0,\r\n      \"offsety\": 0,\r\n      \"spaceabove\": 0,\r\n      \"spacebelow\": 0,\r\n      \"yvel\": 1,\r\n      \"push\": 0,\r\n      \"relid\": 7,\r\n      \"frameOverflow\": \"\"\r\n    },\r\n    {\r\n      \"type\": \"text\",\r\n      \"cont\": \"<p class=\\\"_texte_page\\\"><span style=\\\"color: #1500f6;\\\">Bal utopique<\/span><span style=\\\"font-size: 20px; color: #0000ff;\\\"><br \/><\/span><span style=\\\"text-indent: 0em; letter-spacing: 0em; color: #1500f6;\\\">direction,\u00a0<\/span><span style=\\\"text-indent: 0em; letter-spacing: 0em;\\\"><span style=\\\"color: #1500f6;\\\">DJ<\/span> Charlotte Rousseau <\/span><span style=\\\"text-indent: 0em; letter-spacing: 0em;\\\">\/ <\/span><span style=\\\"text-indent: 0em; letter-spacing: 0em;\\\">performeuses <\/span><span style=\\\"text-indent: 0em; letter-spacing: 0em;\\\">Ele\u0301onore Guipouy, <\/span><span style=\\\"text-indent: 0em; letter-spacing: 0em;\\\">\/ <\/span><span style=\\\"text-indent: 0em; letter-spacing: 0em;\\\">Ambre Duband <\/span><span style=\\\"text-indent: 0em; letter-spacing: 0em;\\\">\/ guests<br \/><\/span><span style=\\\"text-indent: 0em; letter-spacing: 0em; color: #1500f6;\\\">dure\u0301e<\/span><span style=\\\"text-indent: 0em; letter-spacing: 0em;\\\">\u00a03 heures<br \/><\/span><span style=\\\"text-indent: 0em; letter-spacing: 0em;\\\"><span style=\\\"color: #1500f6;\\\">production<\/span> <\/span><span style=\\\"text-indent: 0em; letter-spacing: 0em;\\\">La Presque Compagnie Avec le soutien de Pavillon-s<\/span><\/p>\",\r\n      \"align\": \"top\",\r\n      \"row\": 6,\r\n      \"col\": 0,\r\n      \"colspan\": 8,\r\n      \"offsetx\": 0,\r\n      \"offsety\": 0,\r\n      \"spaceabove\": 0,\r\n      \"spacebelow\": 0,\r\n      \"yvel\": 1,\r\n      \"push\": 0,\r\n      \"relid\": 8\r\n    },\r\n    {\r\n      \"type\": \"text\",\r\n      \"cont\": \"<p class=\\\"_texte_page\\\"><span style=\\\"color: #1500f6;\\\">Charlotte Rousseau<\/span>\u00a0a\u00a0cr\u00e9\u00e9 La presque compagnie en 2012 et produit aussi bien des spectacles dont elle signe la chor\u00e9graphie, la musique, les images et la lumi\u00e8re, que des performances ou bien des DJ sets. Charlotte\u00a0aime se d\u00e9finir comme pluridisciplinaire, en\u00a0d\u00e9fendant une\u00a0\u00e9criture\u00a0contemporaine\u00a0singuli\u00e8re o\u00f9 les formes de ne sont jamais fig\u00e9es et les cadres\u00a0sont mobiles, pour mieux explorer,\u00a0inventer mais surtout transmettre ou retranscrire l\u2019essentiel: l\u2019humain, sa parole et\u00a0son\u00a0histoire dans un r\u00e9el\u00a0contemporain toujours en\u00a0mouvement.\u00a0Son travail prend\u00a0place aussi bien sur des plateaux de th\u00e9\u00e2tre, que\u00a0dans\u00a0l\u2019espace\u00a0public \u00e0 la\u00a0rencontre des\u00a0gens, ou \u00e0 travers des\u00a0performances, des\u00a0projets\u00a0participatifs, des bals,\u2026.La Presque Compagnie est implant\u00e9e \u00e0\u00a0Rouen.<br \/><a style=\\\"color: #1500f6;\\\" href=\\\"https:\/\/www.lapresquecompagnie.com\/\\\">https:\/\/www.lapresquecompagnie.com<\/a><\/p>\",\r\n      \"align\": \"top\",\r\n      \"row\": 7,\r\n      \"col\": 0,\r\n      \"colspan\": 8,\r\n      \"offsetx\": 0,\r\n      \"offsety\": 0,\r\n      \"spaceabove\": 0,\r\n      \"spacebelow\": 0,\r\n      \"yvel\": 1,\r\n      \"push\": 0,\r\n      \"relid\": 10,\r\n      \"frameOverflow\": \"\"\r\n    }\r\n  ]\r\n}","phonegrid":"{\r\n  \"colCount\": 12,\r\n  \"colGutter\": 1,\r\n  \"rowGutters\": [\r\n    \"2.5\",\r\n    \"0\",\r\n    \"2\",\r\n    \"2\",\r\n    \"5\",\r\n    \"5\",\r\n    \"5\"\r\n  ],\r\n  \"frameMargin\": 5,\r\n  \"leftFrameMargin\": 5,\r\n  \"rightFrameMargin\": 5,\r\n  \"topFrameMargin\": \"15\",\r\n  \"bottomFrameMargin\": 5,\r\n  \"rowAttrs\": [\r\n    {},\r\n    {},\r\n    {},\r\n    {},\r\n    {},\r\n    {},\r\n    {},\r\n    {}\r\n  ],\r\n  \"bgColor\": null,\r\n  \"bgImage\": null,\r\n  \"cont\": [\r\n    {\r\n      \"type\": \"text\",\r\n      \"cont\": \"<h1 class=\\\"_menu_home\\\"><a href=\\\"http:\/\/pavillon-s.com\/franqueville-artistes-projets-2024\/\\\" data-type=\\\"page\\\" data-id=\\\"714\\\" data-title=\\\"Pavillon-s t\u00e9moins Franqueville-Saint-Pierre artistes projets 2024\\\"><span style=\\\"color: #ff00ff;\\\">Pavillon-s t\u00e9moins, Franqueville-Saint-Pierre<\/span><\/a><\/h1>\",\r\n      \"align\": \"bottom\",\r\n      \"row\": 0,\r\n      \"col\": 0,\r\n      \"colspan\": 12,\r\n      \"offsetx\": 0,\r\n      \"offsety\": 0,\r\n      \"spaceabove\": 0,\r\n      \"spacebelow\": 0,\r\n      \"yvel\": 1,\r\n      \"push\": 0,\r\n      \"relid\": 9,\r\n      \"frameOverflow\": \"\"\r\n    },\r\n    {\r\n      \"type\": \"text\",\r\n      \"cont\": \"<h1 class=\\\"_Titre_spectacle\\\"><em>Bal Utopique<\/em><br \/>La Presque Compagnie<\/h1>\",\r\n      \"align\": \"bottom\",\r\n      \"row\": 1,\r\n      \"col\": 0,\r\n      \"colspan\": 12,\r\n      \"offsetx\": 0,\r\n      \"offsety\": 0,\r\n      \"spaceabove\": 0,\r\n      \"spacebelow\": 0,\r\n      \"yvel\": 1,\r\n      \"push\": 0,\r\n      \"relid\": 4\r\n    },\r\n    {\r\n      \"type\": \"text\",\r\n      \"cont\": \"<p class=\\\"_texte_page\\\">Le 13 juillet \u00e0 Franqueville-Saint-Pierre<\/p>\",\r\n      \"align\": \"top\",\r\n      \"row\": 2,\r\n      \"col\": 0,\r\n      \"colspan\": 12,\r\n      \"offsetx\": 0,\r\n      \"offsety\": 0,\r\n      \"spaceabove\": 0,\r\n      \"spacebelow\": 0,\r\n      \"yvel\": 1,\r\n      \"push\": 0,\r\n      \"relid\": 12\r\n    },\r\n    {\r\n      \"type\": \"carousel\",\r\n      \"cont\": \"\",\r\n      \"align\": \"bottom\",\r\n      \"row\": 3,\r\n      \"col\": 0,\r\n      \"colspan\": 12,\r\n      \"offsetx\": 0,\r\n      \"offsety\": 0,\r\n      \"spaceabove\": 0,\r\n      \"spacebelow\": 0,\r\n      \"yvel\": 1,\r\n      \"push\": 0,\r\n      \"relid\": 182,\r\n      \"carousel_options\": {\r\n        \"random\": false,\r\n        \"autoplay\": true,\r\n        \"showMultipleSlides\": false,\r\n        \"freeScroll\": false,\r\n        \"mousewheelScroll\": false,\r\n        \"size\": \"aspectRatioOfFirstElement\",\r\n        \"slidesWidth\": \"null\",\r\n        \"transition\": \"sliding\",\r\n        \"loop\": \"1\",\r\n        \"spaceBetween\": 0,\r\n        \"captionsUnderSlides\": false,\r\n        \"disableClick\": false\r\n      },\r\n      \"carousel\": [\r\n        {\r\n          \"type\": \"img\",\r\n          \"attid\": 1022,\r\n          \"cont\": \"\/wp-content\/uploads\/2024\/04\/Balutopique\u00a9MarieSerresGiancotti.IMG_0701.jpg\",\r\n          \"sizes\": {\r\n            \"full\": \"\/wp-content\/uploads\/2024\/04\/Balutopique\u00a9MarieSerresGiancotti.IMG_0701.jpg\",\r\n            \"_1920\": \"\/wp-content\/uploads\/2024\/04\/Balutopique\u00a9MarieSerresGiancotti.IMG_0701-1920x1280.jpg\",\r\n            \"_1280\": \"\/wp-content\/uploads\/2024\/04\/Balutopique\u00a9MarieSerresGiancotti.IMG_0701-1280x854.jpg\",\r\n            \"_1024\": \"\/wp-content\/uploads\/2024\/04\/Balutopique\u00a9MarieSerresGiancotti.IMG_0701-1024x683.jpg\",\r\n            \"_768\": \"\/wp-content\/uploads\/2024\/04\/Balutopique\u00a9MarieSerresGiancotti.IMG_0701-768x512.jpg\",\r\n            \"_512\": \"\/wp-content\/uploads\/2024\/04\/Balutopique\u00a9MarieSerresGiancotti.IMG_0701-512x341.jpg\",\r\n            \"_265\": \"\/wp-content\/uploads\/2024\/04\/Balutopique\u00a9MarieSerresGiancotti.IMG_0701-265x177.jpg\"\r\n          },\r\n          \"w\": 2551,\r\n          \"h\": 1701,\r\n          \"ar\": 0.666797334378675,\r\n          \"alt\": \"\",\r\n          \"caption\": \"<p class=\\\"_texte_page\\\">\u00a9 Marie Serres-Giancotti<\/p>\"\r\n        },\r\n        {\r\n          \"type\": \"img\",\r\n          \"attid\": 1021,\r\n          \"cont\": \"\/wp-content\/uploads\/2024\/04\/Balutopique\u00a9EmmanuelleVo-Dinh.IMG_5530.HEBalutopique\u00a9EmmanuelleVo-Dinh.IC_.jpg\",\r\n          \"sizes\": {\r\n            \"full\": \"\/wp-content\/uploads\/2024\/04\/Balutopique\u00a9EmmanuelleVo-Dinh.IMG_5530.HEBalutopique\u00a9EmmanuelleVo-Dinh.IC_.jpg\",\r\n            \"_1280\": \"\/wp-content\/uploads\/2024\/04\/Balutopique\u00a9EmmanuelleVo-Dinh.IMG_5530.HEBalutopique\u00a9EmmanuelleVo-Dinh.IC_-1280x960.jpg\",\r\n            \"_1024\": \"\/wp-content\/uploads\/2024\/04\/Balutopique\u00a9EmmanuelleVo-Dinh.IMG_5530.HEBalutopique\u00a9EmmanuelleVo-Dinh.IC_-1024x768.jpg\",\r\n            \"_768\": \"\/wp-content\/uploads\/2024\/04\/Balutopique\u00a9EmmanuelleVo-Dinh.IMG_5530.HEBalutopique\u00a9EmmanuelleVo-Dinh.IC_-768x576.jpg\",\r\n            \"_512\": \"\/wp-content\/uploads\/2024\/04\/Balutopique\u00a9EmmanuelleVo-Dinh.IMG_5530.HEBalutopique\u00a9EmmanuelleVo-Dinh.IC_-512x384.jpg\",\r\n            \"_265\": \"\/wp-content\/uploads\/2024\/04\/Balutopique\u00a9EmmanuelleVo-Dinh.IMG_5530.HEBalutopique\u00a9EmmanuelleVo-Dinh.IC_-265x199.jpg\"\r\n          },\r\n          \"w\": 1701,\r\n          \"h\": 1276,\r\n          \"ar\": 0.7501469723691946,\r\n          \"alt\": \"\",\r\n          \"caption\": \"<p class=\\\"_texte_page\\\">\u00a9 Emmanuelle Vo-Dinh<\/p>\"\r\n        }\r\n      ],\r\n      \"frameOverflow\": \"\"\r\n    },\r\n    {\r\n      \"type\": \"text\",\r\n      \"cont\": \"<div title=\\\"Page 17\\\"><p class=\\\"_texte_page\\\">Entre standards incontournables, musique e\u0301lectro planante et chore\u0301graphies collectives, le bal utopique de la Presque compagnie a \u00e9t\u00e9 la promesse d\u2019une soire\u0301e interge\u0301ne\u0301rationnelle passionne\u0301e et de\u0301chaine\u0301e. Un petit tour sur la piste ?<br \/>La Presque Compagnie nous a invit\u00e9 \u00e0 investir la piste de danse lors de soir\u00e9es partag\u00e9es passionn\u00e9es, d\u00e9chain\u00e9es et utopiques !<br \/>Nul besoin d\u2019\u00eatre bon danseur, tout le monde a \u00e9t\u00e9 invit\u00e9 \u00e0 se d\u00e9hancher seul ou en groupe, jeune ou plus \u00e2g\u00e9. La soir\u00e9e se veut interg\u00e9n\u00e9rationnelle et d\u00e9jant\u00e9e !<br \/>Entre standards incontournables, musique \u00e9lectro plus planante, chor\u00e9graphies collectives ou solo, l\u2019enjeu sera surtout de se retrouver pour passer un moment commun heureux en dehors du temps.<\/p><\/div>\",\r\n      \"align\": \"bottom\",\r\n      \"row\": 4,\r\n      \"col\": 0,\r\n      \"colspan\": 12,\r\n      \"offsetx\": 0,\r\n      \"offsety\": 0,\r\n      \"spaceabove\": 0,\r\n      \"spacebelow\": 0,\r\n      \"yvel\": 1,\r\n      \"push\": 0,\r\n      \"relid\": 6\r\n    },\r\n    {\r\n      \"type\": \"text\",\r\n      \"cont\": \"<div class=\\\"column\\\"><p class=\\\"_texte_page\\\"><span><span style=\\\"color: #1500f6;\\\">Bal utopique sans r\u00e9servation \u00e0 Franqueville-Saint-Pierre<\/span><br \/>Samedi 13 juillet,\u00a0<\/span><span>a\u0300 partir de 19h,\u00a0<\/span><span>Cour de l\u2019e\u0301cole L. Lemonnier<\/span><\/p><\/div><div title=\\\"Page 17\\\"><div><div><div><p class=\\\"_texte_page\\\">Restauration et buvette seront disponibles sur place.<\/p><p class=\\\"_texte_page\\\">Vous souhaitez en savoir plus, re\u0301server ? <span style=\\\"color: #1500f6;\\\">contact@pavillon-s.com \/ 06 59 70 08 41\u00a0<\/span><\/p><\/div><\/div><\/div><\/div>\",\r\n      \"align\": \"top\",\r\n      \"row\": 5,\r\n      \"col\": 0,\r\n      \"colspan\": 12,\r\n      \"offsetx\": 0,\r\n      \"offsety\": 0,\r\n      \"spaceabove\": 0,\r\n      \"spacebelow\": 0,\r\n      \"yvel\": 1,\r\n      \"push\": 0,\r\n      \"relid\": 11,\r\n      \"dosync\": false\r\n    },\r\n    {\r\n      \"type\": \"text\",\r\n      \"cont\": \"<p class=\\\"_texte_page\\\"><span style=\\\"color: #1500f6;\\\">Bal utopique<\/span><span style=\\\"font-size: 20px; color: #0000ff;\\\"><br \/><\/span><span style=\\\"text-indent: 0em; letter-spacing: 0em; color: #1500f6;\\\">direction,\u00a0<\/span><span style=\\\"text-indent: 0em; letter-spacing: 0em;\\\"><span style=\\\"color: #1500f6;\\\">DJ<\/span> Charlotte Rousseau <\/span><span style=\\\"text-indent: 0em; letter-spacing: 0em;\\\">\/ <\/span><span style=\\\"text-indent: 0em; letter-spacing: 0em;\\\">performeuses <\/span><span style=\\\"text-indent: 0em; letter-spacing: 0em;\\\">Ele\u0301onore Guipouy, <\/span><span style=\\\"text-indent: 0em; letter-spacing: 0em;\\\">\/ <\/span><span style=\\\"text-indent: 0em; letter-spacing: 0em;\\\">Ambre Duband <\/span><span style=\\\"text-indent: 0em; letter-spacing: 0em;\\\">\/ guests<br \/><\/span><span style=\\\"text-indent: 0em; letter-spacing: 0em; color: #1500f6;\\\">dure\u0301e<\/span><span style=\\\"text-indent: 0em; letter-spacing: 0em;\\\">\u00a03 heures<br \/><\/span><span style=\\\"text-indent: 0em; letter-spacing: 0em;\\\"><span style=\\\"color: #1500f6;\\\">production<\/span> <\/span><span style=\\\"text-indent: 0em; letter-spacing: 0em;\\\">La Presque Compagnie Avec le soutien de Pavillon-s<\/span><\/p>\",\r\n      \"align\": \"top\",\r\n      \"row\": 6,\r\n      \"col\": 0,\r\n      \"colspan\": 12,\r\n      \"offsetx\": 0,\r\n      \"offsety\": 0,\r\n      \"spaceabove\": 0,\r\n      \"spacebelow\": 0,\r\n      \"yvel\": 1,\r\n      \"push\": 0,\r\n      \"relid\": 8\r\n    },\r\n    {\r\n      \"type\": \"text\",\r\n      \"cont\": \"<p class=\\\"_texte_page\\\"><span style=\\\"color: #1500f6;\\\">Charlotte Rousseau<\/span>\u00a0a\u00a0cr\u00e9\u00e9 La presque compagnie en 2012 et produit aussi bien des spectacles dont elle signe la chor\u00e9graphie, la musique, les images et la lumi\u00e8re, que des performances ou bien des DJ sets. Charlotte\u00a0aime se d\u00e9finir comme pluridisciplinaire, en\u00a0d\u00e9fendant une\u00a0\u00e9criture\u00a0contemporaine\u00a0singuli\u00e8re o\u00f9 les formes de ne sont jamais fig\u00e9es et les cadres\u00a0sont mobiles, pour mieux explorer,\u00a0inventer mais surtout transmettre ou retranscrire l\u2019essentiel: l\u2019humain, sa parole et\u00a0son\u00a0histoire dans un r\u00e9el\u00a0contemporain toujours en\u00a0mouvement.\u00a0Son travail prend\u00a0place aussi bien sur des plateaux de th\u00e9\u00e2tre, que\u00a0dans\u00a0l\u2019espace\u00a0public \u00e0 la\u00a0rencontre des\u00a0gens, ou \u00e0 travers des\u00a0performances, des\u00a0projets\u00a0participatifs, des bals,\u2026.La Presque Compagnie est implant\u00e9e \u00e0\u00a0Rouen.<br \/><span style=\\\"color: #1500f6;\\\"><a style=\\\"color: #1500f6;\\\" href=\\\"https:\/\/www.lapresquecompagnie.com\/\\\">https:\/\/www.lapresquecompagnie.com<\/a><\/span><\/p>\",\r\n      \"align\": \"top\",\r\n      \"row\": 7,\r\n      \"col\": 0,\r\n      \"colspan\": 12,\r\n      \"offsetx\": 0,\r\n      \"offsety\": 0,\r\n      \"spaceabove\": 0,\r\n      \"spacebelow\": 0,\r\n      \"yvel\": 1,\r\n      \"push\": 0,\r\n      \"relid\": 13\r\n    }\r\n  ]\r\n}","_links":{"self":[{"href":"https:\/\/pavillon-s.com\/en\/wp-json\/wp\/v2\/posts\/791","targetHints":{"allow":["GET"]}}],"collection":[{"href":"https:\/\/pavillon-s.com\/en\/wp-json\/wp\/v2\/posts"}],"about":[{"href":"https:\/\/pavillon-s.com\/en\/wp-json\/wp\/v2\/types\/post"}],"author":[{"embeddable":true,"href":"https:\/\/pavillon-s.com\/en\/wp-json\/wp\/v2\/users\/1"}],"replies":[{"embeddable":true,"href":"https:\/\/pavillon-s.com\/en\/wp-json\/wp\/v2\/comments?post=791"}],"version-history":[{"count":0,"href":"https:\/\/pavillon-s.com\/en\/wp-json\/wp\/v2\/posts\/791\/revisions"}],"wp:featuredmedia":[{"embeddable":true,"href":"https:\/\/pavillon-s.com\/en\/wp-json\/wp\/v2\/media\/792"}],"wp:attachment":[{"href":"https:\/\/pavillon-s.com\/en\/wp-json\/wp\/v2\/media?parent=791"}],"wp:term":[{"taxonomy":"category","embeddable":true,"href":"https:\/\/pavillon-s.com\/en\/wp-json\/wp\/v2\/categories?post=791"},{"taxonomy":"post_tag","embeddable":true,"href":"https:\/\/pavillon-s.com\/en\/wp-json\/wp\/v2\/tags?post=791"}],"curies":[{"name":"wp","href":"https:\/\/api.w.org\/{rel}","templated":true}]}}