{"id":699,"date":"2024-03-18T12:36:43","date_gmt":"2022-07-16T20:14:41","guid":{"rendered":"http:\/\/pavillon-s.com\/sprint-2\/"},"modified":"2026-01-26T19:25:06","modified_gmt":"2026-01-26T18:25:06","slug":"orukami","status":"publish","type":"post","link":"https:\/\/pavillon-s.com\/en\/orukami\/","title":{"rendered":"ORUKAMI"},"content":{"rendered":"","protected":false},"excerpt":{"rendered":"","protected":false},"author":1,"featured_media":1226,"comment_status":"closed","ping_status":"closed","sticky":false,"template":"","format":"standard","meta":[],"categories":[3],"tags":[],"class_list":["post-699","post","type-post","status-publish","has-post-thumbnail","hentry","category-spectacles"],"grid":"{\r\n  \"colCount\": 12,\r\n  \"colGutter\": 1,\r\n  \"rowGutters\": [\r\n    2.5,\r\n    1,\r\n    2,\r\n    5,\r\n    2,\r\n    2,\r\n    2,\r\n    5\r\n  ],\r\n  \"frameMargin\": 5,\r\n  \"leftFrameMargin\": 2.5,\r\n  \"rightFrameMargin\": 5,\r\n  \"topFrameMargin\": 180,\r\n  \"bottomFrameMargin\": 5,\r\n  \"rowAttrs\": [\r\n    {\r\n      \"relid\": 1\r\n    },\r\n    {\r\n      \"relid\": 2\r\n    },\r\n    {\r\n      \"relid\": 3\r\n    },\r\n    {\r\n      \"relid\": 14\r\n    },\r\n    {\r\n      \"relid\": 13\r\n    },\r\n    {\r\n      \"relid\": 12\r\n    },\r\n    {\r\n      \"relid\": 15\r\n    },\r\n    {\r\n      \"relid\": 25\r\n    },\r\n    {\r\n      \"relid\": 16\r\n    }\r\n  ],\r\n  \"bgColor\": null,\r\n  \"bgImage\": null,\r\n  \"cont\": [\r\n    {\r\n      \"type\": \"text\",\r\n      \"cont\": \"<h1 class=\\\"_menu_home\\\"><a href=\\\"http:\/\/pavillon-s.com\/emmanuelle-vo-dinh\/\\\" data-type=\\\"page\\\" data-id=\\\"73\\\" data-title=\\\"Emmanuelle Vo-Dinh\\\">Creations, residencies...<\/a><\/h1>\",\r\n      \"align\": \"top\",\r\n      \"row\": 0,\r\n      \"col\": 0,\r\n      \"colspan\": 8,\r\n      \"offsetx\": 0,\r\n      \"offsety\": 0,\r\n      \"spaceabove\": 0,\r\n      \"spacebelow\": 0,\r\n      \"yvel\": 1,\r\n      \"push\": 0,\r\n      \"relid\": 9,\r\n      \"absolute_position\": false\r\n    },\r\n    {\r\n      \"type\": \"text\",\r\n      \"cont\": \"<h1 class=\\\"_Titre_spectacle\\\">ORUKAMI<\/h1>\",\r\n      \"align\": \"top\",\r\n      \"row\": 1,\r\n      \"col\": 0,\r\n      \"colspan\": 7,\r\n      \"offsetx\": 0,\r\n      \"offsety\": 0,\r\n      \"spaceabove\": 0,\r\n      \"spacebelow\": 0,\r\n      \"yvel\": 1,\r\n      \"push\": 0,\r\n      \"relid\": 4,\r\n      \"absolute_position\": false\r\n    },\r\n    {\r\n      \"type\": \"text\",\r\n      \"cont\": \"<p class=\\\"_texte_page\\\">Creation 2024<\/p>\",\r\n      \"align\": \"top\",\r\n      \"row\": 2,\r\n      \"col\": 0,\r\n      \"colspan\": 9,\r\n      \"offsetx\": 0,\r\n      \"offsety\": 0,\r\n      \"spaceabove\": 0,\r\n      \"spacebelow\": 0,\r\n      \"yvel\": 1,\r\n      \"push\": 0,\r\n      \"relid\": 5,\r\n      \"absolute_position\": false\r\n    },\r\n    {\r\n      \"type\": \"video\",\r\n      \"cont\": \"https:\/\/i.vimeocdn.com\/video\/2094698138-21f0530cb40127daf4ad0dc7ed5b6e8de57d34986b6eb81dfd6fb3fef7e68a31-d_295x166?region=us\",\r\n      \"align\": \"top\",\r\n      \"row\": 3,\r\n      \"col\": 0,\r\n      \"colspan\": 8,\r\n      \"offsetx\": 0,\r\n      \"offsety\": 0,\r\n      \"spaceabove\": 0,\r\n      \"spacebelow\": 0,\r\n      \"yvel\": 1,\r\n      \"push\": 0,\r\n      \"relid\": 10,\r\n      \"iframe\": \"<iframe src=\\\"\/\/player.vimeo.com\/video\/1068044642?api=1&byline=0&amp;portrait=0&amp;title=0&amp;color=ffffff\\\" width=\\\"426\\\" height=\\\"240\\\" frameborder=\\\"0\\\" webkitallowfullscreen mozallowfullscreen allowfullscreen><\/iframe>\",\r\n      \"url\": \"https:\/\/vimeo.com\/1068044642?fl=ip&fe=ec\",\r\n      \"w\": 426,\r\n      \"h\": 240,\r\n      \"ar\": 0.5633802816901409,\r\n      \"absolute_position\": false,\r\n      \"customLayControls\": false,\r\n      \"showShareButton\": false\r\n    },\r\n    {\r\n      \"type\": \"text\",\r\n      \"cont\": \"<p class=\\\"_texte_page\\\">In ORUKAMI (oru: to fold, Kami: paper), three performers take hold of material objects originally designed to serve as survival ponchos.<br \/>They transform them and conjure up different images in turn: becoming fans, tents, rocks, pyramids, metal flowers... these makeshift garments come to life in the form of mischievous and noisy ectoplasms, characters with improbable morphologies, even surprising puppets.<br \/>Through the magic of DIY and childlike beliefs that we are more eager than ever to evoke, the diaerent lives of these precarious ponchos invite young and old alike to enjoy the poetry of marabout, string, horse saddle..<\/p>\",\r\n      \"align\": \"top\",\r\n      \"row\": 4,\r\n      \"col\": 0,\r\n      \"colspan\": 8,\r\n      \"offsetx\": 0,\r\n      \"offsety\": 0,\r\n      \"spaceabove\": 0,\r\n      \"spacebelow\": 0,\r\n      \"yvel\": 1,\r\n      \"push\": 0,\r\n      \"relid\": 6,\r\n      \"absolute_position\": false\r\n    },\r\n    {\r\n      \"type\": \"carousel\",\r\n      \"cont\": \"\",\r\n      \"align\": \"top\",\r\n      \"row\": 5,\r\n      \"col\": 0,\r\n      \"colspan\": 8,\r\n      \"offsetx\": 0,\r\n      \"offsety\": 0,\r\n      \"spaceabove\": 0,\r\n      \"spacebelow\": 0,\r\n      \"yvel\": 1,\r\n      \"push\": 0,\r\n      \"relid\": 182,\r\n      \"carousel_options\": {\r\n        \"random\": false,\r\n        \"autoplay\": true,\r\n        \"showMultipleSlides\": false,\r\n        \"freeScroll\": false,\r\n        \"mousewheelScroll\": false,\r\n        \"size\": \"aspectRatioOfFirstElement\",\r\n        \"slidesWidth\": \"null\",\r\n        \"transition\": \"sliding\",\r\n        \"loop\": \"1\",\r\n        \"spaceBetween\": 0,\r\n        \"captionsUnderSlides\": false,\r\n        \"disableClick\": false\r\n      },\r\n      \"carousel\": [\r\n        {\r\n          \"type\": \"img\",\r\n          \"attid\": 1225,\r\n          \"cont\": \"http:\/\/pavillon-s.com\/wp-content\/uploads\/2024\/03\/9G1A8345-2.jpg\",\r\n          \"sizes\": {\r\n            \"full\": \"http:\/\/pavillon-s.com\/wp-content\/uploads\/2024\/03\/9G1A8345-2.jpg\",\r\n            \"_4096\": \"http:\/\/pavillon-s.com\/wp-content\/uploads\/2024\/03\/9G1A8345-2-4096x2731.jpg\",\r\n            \"_3840\": \"http:\/\/pavillon-s.com\/wp-content\/uploads\/2024\/03\/9G1A8345-2-3840x2560.jpg\",\r\n            \"_3200\": \"http:\/\/pavillon-s.com\/wp-content\/uploads\/2024\/03\/9G1A8345-2-3200x2133.jpg\",\r\n            \"_2560\": \"http:\/\/pavillon-s.com\/wp-content\/uploads\/2024\/03\/9G1A8345-2-2560x1707.jpg\",\r\n            \"_1920\": \"http:\/\/pavillon-s.com\/wp-content\/uploads\/2024\/03\/9G1A8345-2-1920x1280.jpg\",\r\n            \"_1280\": \"http:\/\/pavillon-s.com\/wp-content\/uploads\/2024\/03\/9G1A8345-2-1280x853.jpg\",\r\n            \"_1024\": \"http:\/\/pavillon-s.com\/wp-content\/uploads\/2024\/03\/9G1A8345-2-1024x683.jpg\",\r\n            \"_768\": \"http:\/\/pavillon-s.com\/wp-content\/uploads\/2024\/03\/9G1A8345-2-768x512.jpg\",\r\n            \"_512\": \"http:\/\/pavillon-s.com\/wp-content\/uploads\/2024\/03\/9G1A8345-2-512x341.jpg\",\r\n            \"_265\": \"http:\/\/pavillon-s.com\/wp-content\/uploads\/2024\/03\/9G1A8345-2-265x177.jpg\"\r\n          },\r\n          \"w\": 6588,\r\n          \"h\": 4392,\r\n          \"ar\": 0.6666666666666666,\r\n          \"alt\": \"\"\r\n        },\r\n        {\r\n          \"type\": \"img\",\r\n          \"attid\": 1226,\r\n          \"cont\": \"http:\/\/pavillon-s.com\/wp-content\/uploads\/2024\/03\/9G1A8358-2.jpg\",\r\n          \"sizes\": {\r\n            \"full\": \"http:\/\/pavillon-s.com\/wp-content\/uploads\/2024\/03\/9G1A8358-2.jpg\",\r\n            \"_4096\": \"http:\/\/pavillon-s.com\/wp-content\/uploads\/2024\/03\/9G1A8358-2-4096x2731.jpg\",\r\n            \"_3840\": \"http:\/\/pavillon-s.com\/wp-content\/uploads\/2024\/03\/9G1A8358-2-3840x2560.jpg\",\r\n            \"_3200\": \"http:\/\/pavillon-s.com\/wp-content\/uploads\/2024\/03\/9G1A8358-2-3200x2133.jpg\",\r\n            \"_2560\": \"http:\/\/pavillon-s.com\/wp-content\/uploads\/2024\/03\/9G1A8358-2-2560x1707.jpg\",\r\n            \"_1920\": \"http:\/\/pavillon-s.com\/wp-content\/uploads\/2024\/03\/9G1A8358-2-1920x1280.jpg\",\r\n            \"_1280\": \"http:\/\/pavillon-s.com\/wp-content\/uploads\/2024\/03\/9G1A8358-2-1280x853.jpg\",\r\n            \"_1024\": \"http:\/\/pavillon-s.com\/wp-content\/uploads\/2024\/03\/9G1A8358-2-1024x683.jpg\",\r\n            \"_768\": \"http:\/\/pavillon-s.com\/wp-content\/uploads\/2024\/03\/9G1A8358-2-768x512.jpg\",\r\n            \"_512\": \"http:\/\/pavillon-s.com\/wp-content\/uploads\/2024\/03\/9G1A8358-2-512x341.jpg\",\r\n            \"_265\": \"http:\/\/pavillon-s.com\/wp-content\/uploads\/2024\/03\/9G1A8358-2-265x177.jpg\"\r\n          },\r\n          \"w\": 6720,\r\n          \"h\": 4480,\r\n          \"ar\": 0.6666666666666666,\r\n          \"alt\": \"\"\r\n        },\r\n        {\r\n          \"type\": \"img\",\r\n          \"attid\": 1227,\r\n          \"cont\": \"http:\/\/pavillon-s.com\/wp-content\/uploads\/2024\/03\/9G1A8471-2.jpg\",\r\n          \"sizes\": {\r\n            \"full\": \"http:\/\/pavillon-s.com\/wp-content\/uploads\/2024\/03\/9G1A8471-2.jpg\",\r\n            \"_4096\": \"http:\/\/pavillon-s.com\/wp-content\/uploads\/2024\/03\/9G1A8471-2-4096x2730.jpg\",\r\n            \"_3840\": \"http:\/\/pavillon-s.com\/wp-content\/uploads\/2024\/03\/9G1A8471-2-3840x2560.jpg\",\r\n            \"_3200\": \"http:\/\/pavillon-s.com\/wp-content\/uploads\/2024\/03\/9G1A8471-2-3200x2133.jpg\",\r\n            \"_2560\": \"http:\/\/pavillon-s.com\/wp-content\/uploads\/2024\/03\/9G1A8471-2-2560x1707.jpg\",\r\n            \"_1920\": \"http:\/\/pavillon-s.com\/wp-content\/uploads\/2024\/03\/9G1A8471-2-1920x1280.jpg\",\r\n            \"_1280\": \"http:\/\/pavillon-s.com\/wp-content\/uploads\/2024\/03\/9G1A8471-2-1280x853.jpg\",\r\n            \"_1024\": \"http:\/\/pavillon-s.com\/wp-content\/uploads\/2024\/03\/9G1A8471-2-1024x683.jpg\",\r\n            \"_768\": \"http:\/\/pavillon-s.com\/wp-content\/uploads\/2024\/03\/9G1A8471-2-768x512.jpg\",\r\n            \"_512\": \"http:\/\/pavillon-s.com\/wp-content\/uploads\/2024\/03\/9G1A8471-2-512x341.jpg\",\r\n            \"_265\": \"http:\/\/pavillon-s.com\/wp-content\/uploads\/2024\/03\/9G1A8471-2-265x177.jpg\"\r\n          },\r\n          \"w\": 6158,\r\n          \"h\": 4105,\r\n          \"ar\": 0.6666125365378369,\r\n          \"alt\": \"\"\r\n        }\r\n      ],\r\n      \"frameOverflow\": \"\",\r\n      \"absolute_position\": false\r\n    },\r\n    {\r\n      \"type\": \"text\",\r\n      \"cont\": \"<p class=\\\"_texte_page\\\"><span style=\\\"color: #1500f6;\\\">ORUKAMI<\/span><br \/><span style=\\\"color: #1500f6;\\\">Concept<\/span>\u00a0Emmanuelle Vo-Dinh<br \/><span style=\\\"color: #1500f6;\\\">Choreography and dancers<\/span> Violette Ang\u00e9, Alexia Bigot, Emmanuelle Vo-Dinh<br \/><span style=\\\"color: #1500f6;\\\">Music <span style=\\\"color: #000000;\\\">Olyphant<br \/><span style=\\\"color: #1500f6;\\\">Lenght<\/span> 30 minutes<br \/><\/span><\/span><span style=\\\"color: #1500f6;\\\">Production<\/span>\u00a0Pavillon-s, Emmanuelle Vo-Dinh<br \/>Pavillon-s is supported by the Minist\u00e8re de la culture \u2013 direction g\u00e9n\u00e9rale de la cr\u00e9ation artistique, the R\u00e9gion Normandie, the D\u00e9partement de l'Eure, the D\u00e9partement de Seine-Maritime et the Ville de Rouen.<\/p>\",\r\n      \"align\": \"top\",\r\n      \"row\": 6,\r\n      \"col\": 0,\r\n      \"colspan\": 8,\r\n      \"offsetx\": 0,\r\n      \"offsety\": 0,\r\n      \"spaceabove\": 0,\r\n      \"spacebelow\": 0,\r\n      \"yvel\": 1,\r\n      \"push\": 0,\r\n      \"relid\": 7,\r\n      \"absolute_position\": false\r\n    },\r\n    {\r\n      \"type\": \"img\",\r\n      \"cont\": \"\/wp-content\/uploads\/2024\/03\/SPEDIDAM-LOGO-2017.png\",\r\n      \"align\": \"top\",\r\n      \"row\": 7,\r\n      \"col\": 0,\r\n      \"colspan\": 2,\r\n      \"offsetx\": 0,\r\n      \"offsety\": 0,\r\n      \"spaceabove\": 0,\r\n      \"spacebelow\": 0,\r\n      \"yvel\": 1,\r\n      \"push\": 0,\r\n      \"relid\": 26,\r\n      \"attid\": 1336,\r\n      \"sizes\": {\r\n        \"full\": \"\/wp-content\/uploads\/2024\/03\/SPEDIDAM-LOGO-2017.png\",\r\n        \"_512\": \"\/wp-content\/uploads\/2024\/03\/SPEDIDAM-LOGO-2017-512x243.png\",\r\n        \"_265\": \"\/wp-content\/uploads\/2024\/03\/SPEDIDAM-LOGO-2017-265x126.png\"\r\n      },\r\n      \"w\": 672,\r\n      \"h\": 319,\r\n      \"ar\": 0.47470238095238093,\r\n      \"alt\": \"\",\r\n      \"absolute_position\": false,\r\n      \"frameOverflow\": \"\"\r\n    },\r\n    {\r\n      \"type\": \"text\",\r\n      \"cont\": \"<p class=\\\"_texte_page\\\"><span style=\\\"color: #1500f6;\\\">ORUKAMI<\/span><br \/><span style=\\\"color: #1500f6;\\\">Conception<\/span> Emmanuelle Vo-Dinh<br \/><span style=\\\"color: #1500f6;\\\">Chor\u00e9graphie et interpr\u00e9tation<\/span> Violette Ang\u00e9, Alexia Bigot, Emmanuelle Vo-Dinh<br \/><span style=\\\"color: #1500f6;\\\">Musique <span style=\\\"color: #000000;\\\">Olyphant<br \/><span style=\\\"color: #1500f6;\\\">Dur\u00e9e<\/span> 25 minutes<br \/><\/span><\/span><span style=\\\"color: #1500f6;\\\">Production<\/span>\u00a0Pavillon-s, Emmanuelle Vo-Dinh<br \/>Pavillon-s est subventionn\u00e9 par le Minist\u00e8re de la culture \u2013 direction g\u00e9n\u00e9rale de la cr\u00e9ation artistique, la R\u00e9gion Normandie, le D\u00e9partement de l'Eure, le D\u00e9partement de Seine-Maritime et la Ville de Rouen.<\/p><p>\u00a0<\/p><p>\u00a0<\/p>\",\r\n      \"align\": \"top\",\r\n      \"row\": 7,\r\n      \"col\": 2,\r\n      \"colspan\": 8,\r\n      \"offsetx\": 0,\r\n      \"offsety\": 0,\r\n      \"spaceabove\": 0,\r\n      \"spacebelow\": 0,\r\n      \"yvel\": 1,\r\n      \"push\": 0,\r\n      \"relid\": 27,\r\n      \"absolute_position\": false,\r\n      \"frameOverflow\": \"\"\r\n    },\r\n    {\r\n      \"type\": \"text\",\r\n      \"cont\": \"<p class=\\\"_texte_page\\\" style=\\\"line-height: 0.9;\\\">\u00a0<\/p><p class=\\\"_texte_page\\\" style=\\\"line-height: 0.9;\\\"><span style=\\\"color: #1500f6;\\\"><br \/><span>Calendrier de tourn\u00e9e<\/span><br \/><\/span><\/p><p class=\\\"_texte_page\\\" style=\\\"line-height: 0.6;\\\"><span style=\\\"color: #000000;\\\">April 29th 2024, 16:00 - <span style=\\\"color: #1500f6;\\\">Centre Andr\u00e9 Malraux, Rouen<\/span><\/span><\/p><p class=\\\"_texte_page\\\" style=\\\"line-height: 0.6;\\\"><span style=\\\"color: #000000;\\\">March 15th, 20:00 -<\/span> <span style=\\\"color: #0000ff;\\\">Le Th\u00e9\u00e2tre sc\u00e8ne nationale de Saint-Nazaire <\/span><\/p><p class=\\\"_texte_page\\\" style=\\\"line-height: 0.6;\\\"><span style=\\\"font-size: 20px;\\\">June 24th 2025, 10:45 - <span style=\\\"color: #0000ff;\\\"> Ecole Les Emouquets, Roncherolles-sur-le-Vivier<\/span><\/span><\/p><p class=\\\"_texte_page\\\" style=\\\"line-height: 0.6;\\\"><span style=\\\"font-size: 20px;\\\">June 26th 2025, 10:45 - <span style=\\\"color: #0000ff;\\\">Ecole Les Emouquets, Roncherolles-sur-le-Vivier<\/span><\/span><\/p><p class=\\\"_texte_page\\\" style=\\\"line-height: 0.6;\\\"><span style=\\\"font-size: 20px;\\\">June 27th 2025, 9:30, 11:00, 14:00 - <span style=\\\"color: #0000ff;\\\">Ecole Les Emouquets, Roncherolles-sur-le-Vivier<\/span><\/span><\/p><p class=\\\"_texte_page\\\" style=\\\"line-height: 0.6;\\\"><span style=\\\"font-size: 20px;\\\">June 30th 2025, 14:15, 15:45 - <span style=\\\"color: #0000ff;\\\">Ecole Rameau, Grand'Mare (Hauts de Rouen)<\/span><\/span><\/p><p class=\\\"_texte_page\\\" style=\\\"line-height: 0.6;\\\"><span style=\\\"font-size: 20px;\\\">July 1st 2025, 9:30, 11:00, 14:15 - <span style=\\\"color: #0000ff;\\\">Ecole Debussy, La Grand'Mare (Hauts de Rouen)<\/span><\/span><\/p><p class=\\\"_texte_page\\\" style=\\\"line-height: 0.6;\\\"><span style=\\\"font-size: 20px;\\\">July 2nd 2025, 15:00, 16:30<\/span>\u00a0- <span style=\\\"font-size: 20px;\\\"><span style=\\\"color: #0000ff;\\\">Centre social Ch\u00e2telet, La Grand'Mare (Hauts de Rouen)<\/span><\/span><\/p><p class=\\\"_texte_page\\\" style=\\\"line-height: 0.6;\\\"><span style=\\\"font-size: 20px;\\\">July 3rd 2025, 9:30, 10:45, 14:15 - <span style=\\\"color: #0000ff;\\\">Ecole Rameau, La Grand'Mare (Hauts de Rouen)\u00a0<\/span><\/span><\/p><p class=\\\"_texte_page\\\" style=\\\"line-height: 0.6;\\\"><span style=\\\"font-size: 20px;\\\">July 4th 2025 9:30, 11:00, 14:15 - <span style=\\\"color: #0000ff;\\\">Ecole Debussy, La Grand'Mare (Hauts de Rouen)<\/span><\/span><\/p><p class=\\\"_texte_page\\\" style=\\\"line-height: 0.6;\\\"><span style=\\\"font-size: 20px;\\\">September 20th 2025, 16:00 - <span style=\\\"color: #0000ff;\\\">Studio du Fruit int\u00e9gral,<\/span> dans le cadre de <a href=\\\"https:\/\/pavillon-s.com\/wei-2025\/\\\"><span style=\\\"color: #0000ff;\\\">WEI!<\/span><\/a>, And\u00e9<\/span><\/p><p class=\\\"_texte_page\\\" style=\\\"line-height: 0.6;\\\"><span style=\\\"font-size: 20px;\\\">September 21st 2025, 16:00\u00a0- <span style=\\\"color: #0000ff;\\\">Studio du Fruit int\u00e9gral,<\/span> dans le cadre de <a href=\\\"https:\/\/pavillon-s.com\/wei-2025\/\\\"><span style=\\\"color: #0000ff;\\\">WEI!<\/span><\/a>, And\u00e9<\/span><\/p><p class=\\\"_texte_page\\\" style=\\\"line-height: 0.6;\\\"><span style=\\\"font-size: 20px;\\\">November 24th 2025 \u00a0- <span style=\\\"color: #0000ff;\\\">\u00c9cole \u00e9l\u00e9mentaire, Daubeuf-pr\u00e8s-Vatteville<\/span><\/span><\/p><p class=\\\"_texte_page\\\" style=\\\"line-height: 0.6;\\\"><span style=\\\"font-size: 20px;\\\">November 25th 2025 \u00a0- <span style=\\\"color: #0000ff;\\\">\u00c9cole \u00e9l\u00e9mentaire, Daubeuf-pr\u00e8s-Vatteville<\/span><\/span><\/p><p class=\\\"_texte_page\\\" style=\\\"line-height: 0.6;\\\"><span style=\\\"font-size: 20px;\\\">December 2nd 2025,14:30 - <span style=\\\"color: #0000ff;\\\">Festival Ad Hoc Le Volcan, sc\u00e8ne nationale du Havre\u00a0<\/span><\/span><\/p><p class=\\\"_texte_page\\\" style=\\\"line-height: 0.6;\\\"><span style=\\\"font-size: 20px;\\\">December 3rd 2025, 11:00, 15:00 - <span style=\\\"color: #0000ff;\\\">Festival Ad Hoc Le Volcan, sc\u00e8ne nationale du Havre<\/span><\/span><\/p><p class=\\\"_texte_page\\\" style=\\\"line-height: 0.6;\\\"><span style=\\\"font-size: 20px;\\\">December 4th 2025, 10:00, 14:30 - <span style=\\\"color: #0000ff;\\\">Festival Ad Hoc Le Volcan, sc\u00e8ne nationale du Havre<\/span><\/span><\/p><p class=\\\"_texte_page\\\" style=\\\"line-height: 0.6;\\\"><span style=\\\"font-size: 20px;\\\">March 8 2026, 16:00<\/span>\u00a0-<a href=\\\"https:\/\/fracnormandie.fr\/evenement\/exposition-marcher-sur-la-tete-slr\\\"> <span style=\\\"color: #0000ff;\\\">FRAC Normandie, Sotteville-l\u00e8s-Rouen<\/span><\/a><\/p><p class=\\\"_texte_page\\\" style=\\\"line-height: 0.6;\\\">\u00a0<\/p>\",\r\n      \"align\": \"top\",\r\n      \"row\": 8,\r\n      \"col\": 0,\r\n      \"colspan\": 12,\r\n      \"offsetx\": 0,\r\n      \"offsety\": 0,\r\n      \"spaceabove\": 0,\r\n      \"spacebelow\": 0,\r\n      \"yvel\": 1,\r\n      \"push\": 0,\r\n      \"relid\": 8,\r\n      \"frameOverflow\": \"right\",\r\n      \"absolute_position\": false\r\n    }\r\n  ]\r\n}","phonegrid":"{\r\n  \"colCount\": 12,\r\n  \"colGutter\": 1,\r\n  \"rowGutters\": [\r\n    5,\r\n    5,\r\n    5,\r\n    5,\r\n    5,\r\n    5,\r\n    5\r\n  ],\r\n  \"frameMargin\": 5,\r\n  \"leftFrameMargin\": 5,\r\n  \"rightFrameMargin\": 5,\r\n  \"topFrameMargin\": \"15\",\r\n  \"bottomFrameMargin\": 5,\r\n  \"rowAttrs\": [\r\n    {\r\n      \"relid\": 17\r\n    },\r\n    {\r\n      \"relid\": 18\r\n    },\r\n    {\r\n      \"relid\": 19\r\n    },\r\n    {\r\n      \"relid\": 20\r\n    },\r\n    {\r\n      \"relid\": 21\r\n    },\r\n    {\r\n      \"relid\": 22\r\n    },\r\n    {\r\n      \"relid\": 23\r\n    },\r\n    {\r\n      \"relid\": 24\r\n    }\r\n  ],\r\n  \"bgColor\": null,\r\n  \"bgImage\": null,\r\n  \"cont\": [\r\n    {\r\n      \"type\": \"text\",\r\n      \"cont\": \"<h1 class=\\\"_menu_home\\\"><a href=\\\"http:\/\/pavillon-s.com\/emmanuelle-vo-dinh\/\\\" data-type=\\\"page\\\" data-id=\\\"73\\\" data-title=\\\"Emmanuelle Vo-Dinh\\\">Creations, residencies...<\/a><\/h1>\",\r\n      \"align\": \"bottom\",\r\n      \"row\": 0,\r\n      \"col\": 0,\r\n      \"colspan\": 12,\r\n      \"offsetx\": 0,\r\n      \"offsety\": 0,\r\n      \"spaceabove\": 0,\r\n      \"spacebelow\": 0,\r\n      \"yvel\": 1,\r\n      \"push\": 0,\r\n      \"relid\": 9,\r\n      \"absolute_position\": false\r\n    },\r\n    {\r\n      \"type\": \"text\",\r\n      \"cont\": \"<h1 class=\\\"_Titre_spectacle\\\">ORUKAMI<\/h1>\",\r\n      \"align\": \"bottom\",\r\n      \"row\": 1,\r\n      \"col\": 0,\r\n      \"colspan\": 12,\r\n      \"offsetx\": 0,\r\n      \"offsety\": 0,\r\n      \"spaceabove\": 0,\r\n      \"spacebelow\": 0,\r\n      \"yvel\": 1,\r\n      \"push\": 0,\r\n      \"relid\": 4\r\n    },\r\n    {\r\n      \"type\": \"text\",\r\n      \"cont\": \"<p class=\\\"_texte_page\\\">Creation 2024<\/p>\",\r\n      \"align\": \"bottom\",\r\n      \"row\": 2,\r\n      \"col\": 0,\r\n      \"colspan\": 12,\r\n      \"offsetx\": 0,\r\n      \"offsety\": 0,\r\n      \"spaceabove\": 0,\r\n      \"spacebelow\": 0,\r\n      \"yvel\": 1,\r\n      \"push\": 0,\r\n      \"relid\": 5,\r\n      \"frameOverflow\": \"\",\r\n      \"absolute_position\": false\r\n    },\r\n    {\r\n      \"type\": \"carousel\",\r\n      \"cont\": \"\",\r\n      \"align\": \"top\",\r\n      \"row\": 3,\r\n      \"col\": 0,\r\n      \"colspan\": 12,\r\n      \"offsetx\": 0,\r\n      \"offsety\": 0,\r\n      \"spaceabove\": 0,\r\n      \"spacebelow\": 0,\r\n      \"yvel\": 1,\r\n      \"push\": 0,\r\n      \"relid\": 182,\r\n      \"carousel_options\": {\r\n        \"random\": false,\r\n        \"autoplay\": true,\r\n        \"showMultipleSlides\": false,\r\n        \"freeScroll\": false,\r\n        \"mousewheelScroll\": false,\r\n        \"size\": \"aspectRatioOfFirstElement\",\r\n        \"slidesWidth\": \"null\",\r\n        \"transition\": \"sliding\",\r\n        \"loop\": \"1\",\r\n        \"spaceBetween\": 0,\r\n        \"captionsUnderSlides\": false,\r\n        \"disableClick\": false\r\n      },\r\n      \"carousel\": [\r\n        {\r\n          \"type\": \"img\",\r\n          \"attid\": 1225,\r\n          \"cont\": \"http:\/\/pavillon-s.com\/wp-content\/uploads\/2024\/03\/9G1A8345-2.jpg\",\r\n          \"sizes\": {\r\n            \"full\": \"http:\/\/pavillon-s.com\/wp-content\/uploads\/2024\/03\/9G1A8345-2.jpg\",\r\n            \"_4096\": \"http:\/\/pavillon-s.com\/wp-content\/uploads\/2024\/03\/9G1A8345-2-4096x2731.jpg\",\r\n            \"_3840\": \"http:\/\/pavillon-s.com\/wp-content\/uploads\/2024\/03\/9G1A8345-2-3840x2560.jpg\",\r\n            \"_3200\": \"http:\/\/pavillon-s.com\/wp-content\/uploads\/2024\/03\/9G1A8345-2-3200x2133.jpg\",\r\n            \"_2560\": \"http:\/\/pavillon-s.com\/wp-content\/uploads\/2024\/03\/9G1A8345-2-2560x1707.jpg\",\r\n            \"_1920\": \"http:\/\/pavillon-s.com\/wp-content\/uploads\/2024\/03\/9G1A8345-2-1920x1280.jpg\",\r\n            \"_1280\": \"http:\/\/pavillon-s.com\/wp-content\/uploads\/2024\/03\/9G1A8345-2-1280x853.jpg\",\r\n            \"_1024\": \"http:\/\/pavillon-s.com\/wp-content\/uploads\/2024\/03\/9G1A8345-2-1024x683.jpg\",\r\n            \"_768\": \"http:\/\/pavillon-s.com\/wp-content\/uploads\/2024\/03\/9G1A8345-2-768x512.jpg\",\r\n            \"_512\": \"http:\/\/pavillon-s.com\/wp-content\/uploads\/2024\/03\/9G1A8345-2-512x341.jpg\",\r\n            \"_265\": \"http:\/\/pavillon-s.com\/wp-content\/uploads\/2024\/03\/9G1A8345-2-265x177.jpg\"\r\n          },\r\n          \"w\": 6588,\r\n          \"h\": 4392,\r\n          \"ar\": 0.6666666666666666,\r\n          \"alt\": \"\"\r\n        },\r\n        {\r\n          \"type\": \"img\",\r\n          \"attid\": 1226,\r\n          \"cont\": \"http:\/\/pavillon-s.com\/wp-content\/uploads\/2024\/03\/9G1A8358-2.jpg\",\r\n          \"sizes\": {\r\n            \"full\": \"http:\/\/pavillon-s.com\/wp-content\/uploads\/2024\/03\/9G1A8358-2.jpg\",\r\n            \"_4096\": \"http:\/\/pavillon-s.com\/wp-content\/uploads\/2024\/03\/9G1A8358-2-4096x2731.jpg\",\r\n            \"_3840\": \"http:\/\/pavillon-s.com\/wp-content\/uploads\/2024\/03\/9G1A8358-2-3840x2560.jpg\",\r\n            \"_3200\": \"http:\/\/pavillon-s.com\/wp-content\/uploads\/2024\/03\/9G1A8358-2-3200x2133.jpg\",\r\n            \"_2560\": \"http:\/\/pavillon-s.com\/wp-content\/uploads\/2024\/03\/9G1A8358-2-2560x1707.jpg\",\r\n            \"_1920\": \"http:\/\/pavillon-s.com\/wp-content\/uploads\/2024\/03\/9G1A8358-2-1920x1280.jpg\",\r\n            \"_1280\": \"http:\/\/pavillon-s.com\/wp-content\/uploads\/2024\/03\/9G1A8358-2-1280x853.jpg\",\r\n            \"_1024\": \"http:\/\/pavillon-s.com\/wp-content\/uploads\/2024\/03\/9G1A8358-2-1024x683.jpg\",\r\n            \"_768\": \"http:\/\/pavillon-s.com\/wp-content\/uploads\/2024\/03\/9G1A8358-2-768x512.jpg\",\r\n            \"_512\": \"http:\/\/pavillon-s.com\/wp-content\/uploads\/2024\/03\/9G1A8358-2-512x341.jpg\",\r\n            \"_265\": \"http:\/\/pavillon-s.com\/wp-content\/uploads\/2024\/03\/9G1A8358-2-265x177.jpg\"\r\n          },\r\n          \"w\": 6720,\r\n          \"h\": 4480,\r\n          \"ar\": 0.6666666666666666,\r\n          \"alt\": \"\"\r\n        },\r\n        {\r\n          \"type\": \"img\",\r\n          \"attid\": 1227,\r\n          \"cont\": \"http:\/\/pavillon-s.com\/wp-content\/uploads\/2024\/03\/9G1A8471-2.jpg\",\r\n          \"sizes\": {\r\n            \"full\": \"http:\/\/pavillon-s.com\/wp-content\/uploads\/2024\/03\/9G1A8471-2.jpg\",\r\n            \"_4096\": \"http:\/\/pavillon-s.com\/wp-content\/uploads\/2024\/03\/9G1A8471-2-4096x2730.jpg\",\r\n            \"_3840\": \"http:\/\/pavillon-s.com\/wp-content\/uploads\/2024\/03\/9G1A8471-2-3840x2560.jpg\",\r\n            \"_3200\": \"http:\/\/pavillon-s.com\/wp-content\/uploads\/2024\/03\/9G1A8471-2-3200x2133.jpg\",\r\n            \"_2560\": \"http:\/\/pavillon-s.com\/wp-content\/uploads\/2024\/03\/9G1A8471-2-2560x1707.jpg\",\r\n            \"_1920\": \"http:\/\/pavillon-s.com\/wp-content\/uploads\/2024\/03\/9G1A8471-2-1920x1280.jpg\",\r\n            \"_1280\": \"http:\/\/pavillon-s.com\/wp-content\/uploads\/2024\/03\/9G1A8471-2-1280x853.jpg\",\r\n            \"_1024\": \"http:\/\/pavillon-s.com\/wp-content\/uploads\/2024\/03\/9G1A8471-2-1024x683.jpg\",\r\n            \"_768\": \"http:\/\/pavillon-s.com\/wp-content\/uploads\/2024\/03\/9G1A8471-2-768x512.jpg\",\r\n            \"_512\": \"http:\/\/pavillon-s.com\/wp-content\/uploads\/2024\/03\/9G1A8471-2-512x341.jpg\",\r\n            \"_265\": \"http:\/\/pavillon-s.com\/wp-content\/uploads\/2024\/03\/9G1A8471-2-265x177.jpg\"\r\n          },\r\n          \"w\": 6158,\r\n          \"h\": 4105,\r\n          \"ar\": 0.6666125365378369,\r\n          \"alt\": \"\"\r\n        }\r\n      ]\r\n    },\r\n    {\r\n      \"type\": \"text\",\r\n      \"cont\": \"<p class=\\\"_texte_page\\\">In ORUKAMI (oru: to fold, Kami: paper), three performers take hold of material objects originally designed to serve as survival ponchos.<br \/>They transform them and conjure up different images in turn: becoming fans, tents, rocks, pyramids, metal flowers... these makeshift garments come to life in the form of mischievous and noisy ectoplasms, characters with improbable morphologies, even surprising puppets.<br \/>Through the magic of DIY and childlike beliefs that we are more eager than ever to evoke, the diaerent lives of these precarious ponchos invite young and old alike to enjoy the poetry of marabout, string, horse saddle..<\/p>\",\r\n      \"align\": \"top\",\r\n      \"row\": 4,\r\n      \"col\": 0,\r\n      \"colspan\": 12,\r\n      \"offsetx\": 0,\r\n      \"offsety\": 0,\r\n      \"spaceabove\": 0,\r\n      \"spacebelow\": 0,\r\n      \"yvel\": 1,\r\n      \"push\": 0,\r\n      \"relid\": 6\r\n    },\r\n    {\r\n      \"type\": \"video\",\r\n      \"cont\": \"https:\/\/i.vimeocdn.com\/video\/1996075902-fde023f270eaff68b95e9426cafe38fd2dc5e141708b0355f38924ca20b3b600-d_295x166?region=us\",\r\n      \"align\": \"top\",\r\n      \"row\": 5,\r\n      \"col\": 0,\r\n      \"colspan\": 12,\r\n      \"offsetx\": 0,\r\n      \"offsety\": 0,\r\n      \"spaceabove\": 0,\r\n      \"spacebelow\": 0,\r\n      \"yvel\": 1,\r\n      \"push\": 0,\r\n      \"relid\": 11,\r\n      \"iframe\": \"<iframe src=\\\"\/\/player.vimeo.com\/video\/1068044642?api=1&title=0&amp;byline=0&amp;portrait=0&amp;color=ffffff\\\" width=\\\"426\\\" height=\\\"240\\\" frameborder=\\\"0\\\" webkitallowfullscreen mozallowfullscreen allowfullscreen><\/iframe>\",\r\n      \"url\": \"https:\/\/vimeo.com\/1068044642\",\r\n      \"w\": 426,\r\n      \"h\": 240,\r\n      \"ar\": 0.5633802816901409\r\n    },\r\n    {\r\n      \"type\": \"text\",\r\n      \"cont\": \"<p class=\\\"_texte_page\\\"><span style=\\\"color: #1500f6;\\\">ORUKAMI<\/span><br \/><span style=\\\"color: #1500f6;\\\">Concept<\/span>\u00a0Emmanuelle Vo-Dinh<br \/><span style=\\\"color: #1500f6;\\\">Choreography and dancers<\/span> Violette Ang\u00e9, Alexia Bigot, Emmanuelle Vo-Dinh<br \/><span style=\\\"color: #1500f6;\\\">Music <span style=\\\"color: #000000;\\\">Olyphant<br \/><span style=\\\"color: #1500f6;\\\">Lenght<\/span> 30 minutes<br \/><\/span><\/span><span style=\\\"color: #1500f6;\\\">Production<\/span>\u00a0Pavillon-s, Emmanuelle Vo-Dinh<br \/>Pavillon-s is supported by the Minist\u00e8re de la culture \u2013 direction g\u00e9n\u00e9rale de la cr\u00e9ation artistique, the R\u00e9gion Normandie, the D\u00e9partement de l'Eure, the D\u00e9partement de Seine-Maritime et the Ville de Rouen.<\/p>\",\r\n      \"align\": \"top\",\r\n      \"row\": 6,\r\n      \"col\": 0,\r\n      \"colspan\": 12,\r\n      \"offsetx\": 0,\r\n      \"offsety\": 0,\r\n      \"spaceabove\": 0,\r\n      \"spacebelow\": 0,\r\n      \"yvel\": 1,\r\n      \"push\": 0,\r\n      \"relid\": 7,\r\n      \"absolute_position\": false\r\n    },\r\n    {\r\n      \"type\": \"text\",\r\n      \"cont\": \"<p class=\\\"_texte_page\\\" style=\\\"line-height: 0.9;\\\">\u00a0<\/p><p class=\\\"_texte_page\\\" style=\\\"line-height: 0.9;\\\"><span style=\\\"color: #1500f6;\\\"><br \/><span>Calendrier de tourn\u00e9e<\/span><br \/><\/span><\/p><p class=\\\"_texte_page\\\" style=\\\"line-height: 0.6;\\\"><span style=\\\"color: #000000;\\\">April 29th 2024, 16:00 - <span style=\\\"color: #1500f6;\\\">Centre Andr\u00e9 Malraux, Rouen<\/span><\/span><\/p><p class=\\\"_texte_page\\\" style=\\\"line-height: 0.6;\\\"><span style=\\\"color: #000000;\\\">March 15th, 20:00 -<\/span> <span style=\\\"color: #0000ff;\\\">Le Th\u00e9\u00e2tre sc\u00e8ne nationale de Saint-Nazaire <\/span><\/p><p class=\\\"_texte_page\\\" style=\\\"line-height: 0.6;\\\"><span style=\\\"font-size: 20px;\\\">June 24th 2025, 10:45 - <span style=\\\"color: #0000ff;\\\"> Ecole Les Emouquets, Roncherolles-sur-le-Vivier<\/span><\/span><\/p><p class=\\\"_texte_page\\\" style=\\\"line-height: 0.6;\\\"><span style=\\\"font-size: 20px;\\\">June 26th 2025, 10:45 - <span style=\\\"color: #0000ff;\\\">Ecole Les Emouquets, Roncherolles-sur-le-Vivier<\/span><\/span><\/p><p class=\\\"_texte_page\\\" style=\\\"line-height: 0.6;\\\"><span style=\\\"font-size: 20px;\\\">June 27th 2025, 9:30, 11:00, 14:00 - <span style=\\\"color: #0000ff;\\\">Ecole Les Emouquets, Roncherolles-sur-le-Vivier<\/span><\/span><\/p><p class=\\\"_texte_page\\\" style=\\\"line-height: 0.6;\\\"><span style=\\\"font-size: 20px;\\\">June 30th 2025, 14:15, 15:45 - <span style=\\\"color: #0000ff;\\\">Ecole Rameau, Grand'Mare (Hauts de Rouen)<\/span><\/span><\/p><p class=\\\"_texte_page\\\" style=\\\"line-height: 0.6;\\\"><span style=\\\"font-size: 20px;\\\">July 1st 2025, 9:30, 11:00, 14:15 - <span style=\\\"color: #0000ff;\\\">Ecole Debussy, La Grand'Mare (Hauts de Rouen)<\/span><\/span><\/p><p class=\\\"_texte_page\\\" style=\\\"line-height: 0.6;\\\"><span style=\\\"font-size: 20px;\\\">July 2nd 2025, 15:00, 16:30<\/span>\u00a0- <span style=\\\"font-size: 20px;\\\"><span style=\\\"color: #0000ff;\\\">Centre social Ch\u00e2telet, La Grand'Mare (Hauts de Rouen)<\/span><\/span><\/p><p class=\\\"_texte_page\\\" style=\\\"line-height: 0.6;\\\"><span style=\\\"font-size: 20px;\\\">July 3rd 2025, 9:30, 10:45, 14:15 - <span style=\\\"color: #0000ff;\\\">Ecole Rameau, La Grand'Mare (Hauts de Rouen)\u00a0<\/span><\/span><\/p><p class=\\\"_texte_page\\\" style=\\\"line-height: 0.6;\\\"><span style=\\\"font-size: 20px;\\\">July 4th 2025 9:30, 11:00, 14:15 - <span style=\\\"color: #0000ff;\\\">Ecole Debussy, La Grand'Mare (Hauts de Rouen)<\/span><\/span><\/p><p class=\\\"_texte_page\\\" style=\\\"line-height: 0.6;\\\"><span style=\\\"font-size: 20px;\\\">September 20th 2025, 16:00 - <span style=\\\"color: #0000ff;\\\">Studio du Fruit int\u00e9gral,<\/span> dans le cadre de <a href=\\\"https:\/\/pavillon-s.com\/wei-2025\/\\\"><span style=\\\"color: #0000ff;\\\">WEI!<\/span><\/a>, And\u00e9<\/span><\/p><p class=\\\"_texte_page\\\" style=\\\"line-height: 0.6;\\\"><span style=\\\"font-size: 20px;\\\">September 21st 2025, 16:00\u00a0- <span style=\\\"color: #0000ff;\\\">Studio du Fruit int\u00e9gral,<\/span> dans le cadre de <a href=\\\"https:\/\/pavillon-s.com\/wei-2025\/\\\"><span style=\\\"color: #0000ff;\\\">WEI!<\/span><\/a>, And\u00e9<\/span><\/p><p class=\\\"_texte_page\\\" style=\\\"line-height: 0.6;\\\"><span style=\\\"font-size: 20px;\\\">November 24th 2025 \u00a0- <span style=\\\"color: #0000ff;\\\">\u00c9cole \u00e9l\u00e9mentaire, Daubeuf-pr\u00e8s-Vatteville<\/span><\/span><\/p><p class=\\\"_texte_page\\\" style=\\\"line-height: 0.6;\\\"><span style=\\\"font-size: 20px;\\\">November 25th 2025 \u00a0- <span style=\\\"color: #0000ff;\\\">\u00c9cole \u00e9l\u00e9mentaire, Daubeuf-pr\u00e8s-Vatteville<\/span><\/span><\/p><p class=\\\"_texte_page\\\" style=\\\"line-height: 0.6;\\\"><span style=\\\"font-size: 20px;\\\">December 2nd 2025,14:30 - <span style=\\\"color: #0000ff;\\\">Festival Ad Hoc Le Volcan, sc\u00e8ne nationale du Havre\u00a0<\/span><\/span><\/p><p class=\\\"_texte_page\\\" style=\\\"line-height: 0.6;\\\"><span style=\\\"font-size: 20px;\\\">December 3rd 2025, 11:00, 15:00 - <span style=\\\"color: #0000ff;\\\">Festival Ad Hoc Le Volcan, sc\u00e8ne nationale du Havre<\/span><\/span><\/p><p class=\\\"_texte_page\\\" style=\\\"line-height: 0.6;\\\"><span style=\\\"font-size: 20px;\\\">December 4th 2025, 10:00, 14:30 - <span style=\\\"color: #0000ff;\\\">Festival Ad Hoc Le Volcan, sc\u00e8ne nationale du Havre<\/span><\/span><\/p><p class=\\\"_texte_page\\\" style=\\\"line-height: 0.6;\\\"><span style=\\\"font-size: 20px;\\\">March 8 2026, 16:00<\/span>\u00a0-<a href=\\\"https:\/\/fracnormandie.fr\/evenement\/exposition-marcher-sur-la-tete-slr\\\"> <span style=\\\"color: #0000ff;\\\">FRAC Normandie, Sotteville-l\u00e8s-Rouen<\/span><\/a><\/p><p class=\\\"_texte_page\\\" style=\\\"line-height: 0.6;\\\">\u00a0<\/p>\",\r\n      \"align\": \"top\",\r\n      \"row\": 7,\r\n      \"col\": 0,\r\n      \"colspan\": 12,\r\n      \"offsetx\": 0,\r\n      \"offsety\": 0,\r\n      \"spaceabove\": 0,\r\n      \"spacebelow\": 0,\r\n      \"yvel\": 1,\r\n      \"push\": 0,\r\n      \"relid\": 8,\r\n      \"frameOverflow\": \"right\",\r\n      \"absolute_position\": false\r\n    }\r\n  ]\r\n}","_links":{"self":[{"href":"https:\/\/pavillon-s.com\/en\/wp-json\/wp\/v2\/posts\/699","targetHints":{"allow":["GET"]}}],"collection":[{"href":"https:\/\/pavillon-s.com\/en\/wp-json\/wp\/v2\/posts"}],"about":[{"href":"https:\/\/pavillon-s.com\/en\/wp-json\/wp\/v2\/types\/post"}],"author":[{"embeddable":true,"href":"https:\/\/pavillon-s.com\/en\/wp-json\/wp\/v2\/users\/1"}],"replies":[{"embeddable":true,"href":"https:\/\/pavillon-s.com\/en\/wp-json\/wp\/v2\/comments?post=699"}],"version-history":[{"count":0,"href":"https:\/\/pavillon-s.com\/en\/wp-json\/wp\/v2\/posts\/699\/revisions"}],"wp:featuredmedia":[{"embeddable":true,"href":"https:\/\/pavillon-s.com\/en\/wp-json\/wp\/v2\/media\/1226"}],"wp:attachment":[{"href":"https:\/\/pavillon-s.com\/en\/wp-json\/wp\/v2\/media?parent=699"}],"wp:term":[{"taxonomy":"category","embeddable":true,"href":"https:\/\/pavillon-s.com\/en\/wp-json\/wp\/v2\/categories?post=699"},{"taxonomy":"post_tag","embeddable":true,"href":"https:\/\/pavillon-s.com\/en\/wp-json\/wp\/v2\/tags?post=699"}],"curies":[{"name":"wp","href":"https:\/\/api.w.org\/{rel}","templated":true}]}}