{"id":915,"date":"2024-08-23T10:24:22","date_gmt":"2022-08-22T06:59:41","guid":{"rendered":"http:\/\/pavillon-s.com\/siestes-like-teen-spirites-2\/"},"modified":"2024-12-12T15:03:32","modified_gmt":"2024-12-12T14:03:32","slug":"lux-magica","status":"publish","type":"post","link":"http:\/\/pavillon-s.com\/en\/lux-magica\/","title":{"rendered":"WEI 2024 Lux Magica Anette Lenz"},"content":{"rendered":"","protected":false},"excerpt":{"rendered":"","protected":false},"author":1,"featured_media":917,"comment_status":"closed","ping_status":"closed","sticky":false,"template":"","format":"standard","meta":[],"categories":[6],"tags":[],"class_list":["post-915","post","type-post","status-publish","has-post-thumbnail","hentry","category-wei-artistes-projects"],"grid":"{\r\n  \"colCount\": 12,\r\n  \"colGutter\": 1,\r\n  \"rowGutters\": [\r\n    2.5,\r\n    2,\r\n    2,\r\n    2\r\n  ],\r\n  \"frameMargin\": 5,\r\n  \"leftFrameMargin\": 2.5,\r\n  \"rightFrameMargin\": 5,\r\n  \"topFrameMargin\": 180,\r\n  \"bottomFrameMargin\": 5,\r\n  \"rowAttrs\": [\r\n    {},\r\n    {},\r\n    {},\r\n    {},\r\n    {}\r\n  ],\r\n  \"bgColor\": null,\r\n  \"bgImage\": null,\r\n  \"cont\": [\r\n    {\r\n      \"type\": \"text\",\r\n      \"cont\": \"<h1 class=\\\"_menu_home\\\"><a href=\\\"http:\/\/pavillon-s.com\/wei-artistes-projets-2024\/\\\" data-type=\\\"page\\\" data-id=\\\"859\\\" data-title=\\\"Wei artistes projets 2024\\\">Wei! \/ artistes projets<\/a><\/h1>\",\r\n      \"align\": \"top\",\r\n      \"row\": 0,\r\n      \"col\": 0,\r\n      \"colspan\": 8,\r\n      \"offsetx\": 0,\r\n      \"offsety\": 0,\r\n      \"spaceabove\": 0,\r\n      \"spacebelow\": 0,\r\n      \"yvel\": 1,\r\n      \"push\": 0,\r\n      \"relid\": 9\r\n    },\r\n    {\r\n      \"type\": \"text\",\r\n      \"cont\": \"<h1 class=\\\"_Titre_spectacle\\\"><span>Anette Lenz<\/span><\/h1>\",\r\n      \"align\": \"top\",\r\n      \"row\": 1,\r\n      \"col\": 0,\r\n      \"colspan\": 7,\r\n      \"offsetx\": 0,\r\n      \"offsety\": 0,\r\n      \"spaceabove\": 0,\r\n      \"spacebelow\": 0,\r\n      \"yvel\": 1,\r\n      \"push\": 0,\r\n      \"relid\": 4\r\n    },\r\n    {\r\n      \"type\": \"carousel\",\r\n      \"cont\": \"\",\r\n      \"align\": \"top\",\r\n      \"row\": 2,\r\n      \"col\": 0,\r\n      \"colspan\": 4,\r\n      \"offsetx\": 0,\r\n      \"offsety\": 0,\r\n      \"spaceabove\": 0,\r\n      \"spacebelow\": 0,\r\n      \"yvel\": 1,\r\n      \"push\": 0,\r\n      \"relid\": 1214,\r\n      \"carousel_options\": {\r\n        \"random\": false,\r\n        \"autoplay\": true,\r\n        \"showMultipleSlides\": false,\r\n        \"freeScroll\": false,\r\n        \"mousewheelScroll\": false,\r\n        \"size\": \"aspectRatioOfFirstElement\",\r\n        \"slidesWidth\": \"null\",\r\n        \"transition\": \"sliding\",\r\n        \"loop\": \"1\",\r\n        \"spaceBetween\": 0,\r\n        \"captionsUnderSlides\": false,\r\n        \"disableClick\": false\r\n      },\r\n      \"carousel\": [\r\n        {\r\n          \"type\": \"img\",\r\n          \"attid\": 1077,\r\n          \"cont\": \"\/wp-content\/uploads\/2024\/08\/Lux-Magica-@evd.jpg\",\r\n          \"sizes\": {\r\n            \"full\": \"\/wp-content\/uploads\/2024\/08\/Lux-Magica-@evd.jpg\",\r\n            \"_1280\": \"\/wp-content\/uploads\/2024\/08\/Lux-Magica-@evd-1280x1707.jpg\",\r\n            \"_1024\": \"\/wp-content\/uploads\/2024\/08\/Lux-Magica-@evd-1024x1365.jpg\",\r\n            \"_768\": \"\/wp-content\/uploads\/2024\/08\/Lux-Magica-@evd-768x1024.jpg\",\r\n            \"_512\": \"\/wp-content\/uploads\/2024\/08\/Lux-Magica-@evd-512x683.jpg\",\r\n            \"_265\": \"\/wp-content\/uploads\/2024\/08\/Lux-Magica-@evd-265x353.jpg\"\r\n          },\r\n          \"w\": 1701,\r\n          \"h\": 2268,\r\n          \"ar\": 1.3333333333333333,\r\n          \"alt\": \"\",\r\n          \"caption\": \"<p class=\\\"_texte_page\\\">\u00a9 Emmanuelle Vo-Dinh<\/p>\"\r\n        },\r\n        {\r\n          \"type\": \"img\",\r\n          \"attid\": 1095,\r\n          \"cont\": \"\/wp-content\/uploads\/2024\/08\/Lux-magica-19-\u00a9LisaSahores.jpg\",\r\n          \"sizes\": {\r\n            \"full\": \"\/wp-content\/uploads\/2024\/08\/Lux-magica-19-\u00a9LisaSahores.jpg\",\r\n            \"_768\": \"\/wp-content\/uploads\/2024\/08\/Lux-magica-19-\u00a9LisaSahores-768x1367.jpg\",\r\n            \"_512\": \"\/wp-content\/uploads\/2024\/08\/Lux-magica-19-\u00a9LisaSahores-512x911.jpg\",\r\n            \"_265\": \"\/wp-content\/uploads\/2024\/08\/Lux-magica-19-\u00a9LisaSahores-265x472.jpg\"\r\n          },\r\n          \"w\": 992,\r\n          \"h\": 1766,\r\n          \"ar\": 1.780241935483871,\r\n          \"alt\": \"\",\r\n          \"caption\": \"<p class=\\\"_texte_page\\\">\u00a9 Lisa Sahores<\/p>\"\r\n        },\r\n        {\r\n          \"type\": \"img\",\r\n          \"attid\": 1096,\r\n          \"cont\": \"\/wp-content\/uploads\/2024\/08\/Lux-Magica-\u00a9Moulin-dAnde.jpeg\",\r\n          \"sizes\": {\r\n            \"full\": \"\/wp-content\/uploads\/2024\/08\/Lux-Magica-\u00a9Moulin-dAnde.jpeg\",\r\n            \"_1280\": \"\/wp-content\/uploads\/2024\/08\/Lux-Magica-\u00a9Moulin-dAnde-1280x1707.jpeg\",\r\n            \"_1024\": \"\/wp-content\/uploads\/2024\/08\/Lux-Magica-\u00a9Moulin-dAnde-1024x1365.jpeg\",\r\n            \"_768\": \"\/wp-content\/uploads\/2024\/08\/Lux-Magica-\u00a9Moulin-dAnde-768x1024.jpeg\",\r\n            \"_512\": \"\/wp-content\/uploads\/2024\/08\/Lux-Magica-\u00a9Moulin-dAnde-512x683.jpeg\",\r\n            \"_265\": \"\/wp-content\/uploads\/2024\/08\/Lux-Magica-\u00a9Moulin-dAnde-265x353.jpeg\"\r\n          },\r\n          \"w\": 1536,\r\n          \"h\": 2048,\r\n          \"ar\": 1.3333333333333333,\r\n          \"alt\": \"\",\r\n          \"caption\": \"<p class=\\\"_texte_page\\\">\u00a9 Moulin d'And\u00e9<\/p>\"\r\n        }\r\n      ],\r\n      \"frameOverflow\": \"\"\r\n    },\r\n    {\r\n      \"type\": \"text\",\r\n      \"cont\": \"<p class=\\\"_texte_page\\\"><strong><span style=\\\"color: #1500f6;\\\">Lux Magica<\/span><\/strong><\/p><p class=\\\"_texte_page\\\">Dans un kiosque o\u00f9 le temps \u00e9tait suspendu, Lux Magica r\u00e9v\u00e8le silhouettes v\u00e9g\u00e9tales et animales en hommage \u00e0 des esp\u00e8ces disparues aujourd'hui... l'ombre danse avec la lumi\u00e8re pour en c\u00e9l\u00e9brer l'essence.<\/p><p class=\\\"_texte_page\\\"><strong>Vendredi 20 septembre de 20h \u00e0 23h, Kiosque de l'esplanade du moulin<\/strong><br \/><strong>Samedi 21 septembre de 20h \u00e0 23h, Kiosque de l'esplanade du moulin<\/strong><br \/><strong>Dimanche 22 septembre de 20h \u00e0 23h, Kiosque de l'esplanade du moulin<br \/><\/strong><\/p>\",\r\n      \"align\": \"top\",\r\n      \"row\": 3,\r\n      \"col\": 0,\r\n      \"colspan\": 8,\r\n      \"offsetx\": 0,\r\n      \"offsety\": 0,\r\n      \"spaceabove\": 0,\r\n      \"spacebelow\": 0,\r\n      \"yvel\": 1,\r\n      \"push\": 0,\r\n      \"relid\": 6\r\n    },\r\n    {\r\n      \"type\": \"text\",\r\n      \"cont\": \"<p class=\\\"_texte_page\\\">Anette Lenz est designer graphique. Allemande, elle a choisi de vivre et de travailler \u00e0 Paris. <br \/>Concern\u00e9e par la question de l\u2019espace public au sens large, elle travaille avec des commanditaires vari\u00e9s dont des institutions culturelles publiques, notamment dans le spectacle vivant (Pavillon-s, Le Phare Centre chor\u00e9graphique national du Havre Normandie \u2013 direction Emmanuelle Vo-Dinh, le Centre Pompidou, le Palais de Tokyo, la Fondazione Bonotto, Herm\u00e8s, L\u2019Onde \u2013 th\u00e9\u00e2tre centre d\u2019Art, la Sc\u00e8ne nationale d\u2019Angoul\u00eame, le Nouveau Relax Chaumont, La Filature, Sc\u00e8ne nationale de Mulhouse et le Th\u00e9\u00e2tre d\u2019Auxerre, les mus\u00e9e des Arts d\u00e9coratifs Paris et Bordeaux, le Minist\u00e8re de la Culture, le Senat, le FRAC Bourgogne, Radio France, Arte, \u2026 ).<br \/>Anette Lenz envisage le design graphique comme un formidable outil de connexion po\u00e9tique et politique. Son travail reconnu internationalement est r\u00e9guli\u00e8rement expos\u00e9, comme au Museum Angewandte Kunst \u00e0 Frankfurt en Allemagne avec son exposition personnelle A propos en 2020-21.<br \/>Elle est membre de l\u2019Alliance Graphique Internationale et professeure de design graphique \u00e0 la HEAD \u00e0 Gen\u00e8ve.<br \/><span style=\\\"color: #1500f6;\\\"><a style=\\\"color: #1500f6;\\\" href=\\\"https:\/\/www.instagram.com\/anettelenz\/\\\">https:\/\/www.instagram.com\/anettelenz\/<\/a><\/span><\/p>\",\r\n      \"align\": \"top\",\r\n      \"row\": 4,\r\n      \"col\": 0,\r\n      \"colspan\": 10,\r\n      \"offsetx\": 0,\r\n      \"offsety\": 0,\r\n      \"spaceabove\": 0,\r\n      \"spacebelow\": 0,\r\n      \"yvel\": 1,\r\n      \"push\": 0,\r\n      \"relid\": 5\r\n    }\r\n  ]\r\n}","phonegrid":"{\r\n  \"colCount\": 12,\r\n  \"colGutter\": 1,\r\n  \"rowGutters\": [\r\n    5,\r\n    5,\r\n    5,\r\n    5\r\n  ],\r\n  \"frameMargin\": 5,\r\n  \"leftFrameMargin\": 5,\r\n  \"rightFrameMargin\": 5,\r\n  \"topFrameMargin\": 15,\r\n  \"bottomFrameMargin\": 5,\r\n  \"rowAttrs\": [\r\n    {},\r\n    {},\r\n    {},\r\n    {},\r\n    {}\r\n  ],\r\n  \"bgColor\": null,\r\n  \"bgImage\": null,\r\n  \"cont\": [\r\n    {\r\n      \"type\": \"text\",\r\n      \"cont\": \"<h1 class=\\\"_menu_home\\\"><a href=\\\"http:\/\/pavillon-s.com\/wei-artistes-projets-2024\/\\\" data-type=\\\"page\\\" data-id=\\\"859\\\" data-title=\\\"Wei artistes projets 2024\\\">Wei! \/ artistes projets<\/a><\/h1>\",\r\n      \"align\": \"top\",\r\n      \"row\": 0,\r\n      \"col\": 0,\r\n      \"colspan\": 12,\r\n      \"offsetx\": 0,\r\n      \"offsety\": 0,\r\n      \"spaceabove\": 0,\r\n      \"spacebelow\": 0,\r\n      \"yvel\": 1,\r\n      \"push\": 0,\r\n      \"relid\": 9,\r\n      \"frameOverflow\": \"\"\r\n    },\r\n    {\r\n      \"type\": \"text\",\r\n      \"cont\": \"<h1 class=\\\"_Titre_spectacle\\\"><span>Anette Lenz<\/span><\/h1>\",\r\n      \"align\": \"top\",\r\n      \"row\": 1,\r\n      \"col\": 0,\r\n      \"colspan\": 7,\r\n      \"offsetx\": 0,\r\n      \"offsety\": 0,\r\n      \"spaceabove\": 0,\r\n      \"spacebelow\": 0,\r\n      \"yvel\": 1,\r\n      \"push\": 0,\r\n      \"relid\": 4\r\n    },\r\n    {\r\n      \"type\": \"carousel\",\r\n      \"cont\": \"\",\r\n      \"align\": \"top\",\r\n      \"row\": 2,\r\n      \"col\": 0,\r\n      \"colspan\": 4,\r\n      \"offsetx\": 0,\r\n      \"offsety\": 0,\r\n      \"spaceabove\": 0,\r\n      \"spacebelow\": 0,\r\n      \"yvel\": 1,\r\n      \"push\": 0,\r\n      \"relid\": 1214,\r\n      \"carousel_options\": {\r\n        \"random\": false,\r\n        \"autoplay\": true,\r\n        \"showMultipleSlides\": false,\r\n        \"freeScroll\": false,\r\n        \"mousewheelScroll\": false,\r\n        \"size\": \"aspectRatioOfFirstElement\",\r\n        \"slidesWidth\": \"null\",\r\n        \"transition\": \"sliding\",\r\n        \"loop\": \"1\",\r\n        \"spaceBetween\": 0,\r\n        \"captionsUnderSlides\": false,\r\n        \"disableClick\": false\r\n      },\r\n      \"carousel\": [\r\n        {\r\n          \"type\": \"img\",\r\n          \"attid\": 1077,\r\n          \"cont\": \"\/wp-content\/uploads\/2024\/08\/Lux-Magica-@evd.jpg\",\r\n          \"sizes\": {\r\n            \"full\": \"\/wp-content\/uploads\/2024\/08\/Lux-Magica-@evd.jpg\",\r\n            \"_1280\": \"\/wp-content\/uploads\/2024\/08\/Lux-Magica-@evd-1280x1707.jpg\",\r\n            \"_1024\": \"\/wp-content\/uploads\/2024\/08\/Lux-Magica-@evd-1024x1365.jpg\",\r\n            \"_768\": \"\/wp-content\/uploads\/2024\/08\/Lux-Magica-@evd-768x1024.jpg\",\r\n            \"_512\": \"\/wp-content\/uploads\/2024\/08\/Lux-Magica-@evd-512x683.jpg\",\r\n            \"_265\": \"\/wp-content\/uploads\/2024\/08\/Lux-Magica-@evd-265x353.jpg\"\r\n          },\r\n          \"w\": 1701,\r\n          \"h\": 2268,\r\n          \"ar\": 1.3333333333333333,\r\n          \"alt\": \"\",\r\n          \"caption\": \"<p class=\\\"_texte_page\\\">\u00a9 Emmanuelle Vo-Dinh<\/p>\"\r\n        },\r\n        {\r\n          \"type\": \"img\",\r\n          \"attid\": 1095,\r\n          \"cont\": \"\/wp-content\/uploads\/2024\/08\/Lux-magica-19-\u00a9LisaSahores.jpg\",\r\n          \"sizes\": {\r\n            \"full\": \"\/wp-content\/uploads\/2024\/08\/Lux-magica-19-\u00a9LisaSahores.jpg\",\r\n            \"_768\": \"\/wp-content\/uploads\/2024\/08\/Lux-magica-19-\u00a9LisaSahores-768x1367.jpg\",\r\n            \"_512\": \"\/wp-content\/uploads\/2024\/08\/Lux-magica-19-\u00a9LisaSahores-512x911.jpg\",\r\n            \"_265\": \"\/wp-content\/uploads\/2024\/08\/Lux-magica-19-\u00a9LisaSahores-265x472.jpg\"\r\n          },\r\n          \"w\": 992,\r\n          \"h\": 1766,\r\n          \"ar\": 1.780241935483871,\r\n          \"alt\": \"\",\r\n          \"caption\": \"<p class=\\\"_texte_page\\\">\u00a9 Lisa Sahores<\/p>\"\r\n        },\r\n        {\r\n          \"type\": \"img\",\r\n          \"attid\": 1096,\r\n          \"cont\": \"\/wp-content\/uploads\/2024\/08\/Lux-Magica-\u00a9Moulin-dAnde.jpeg\",\r\n          \"sizes\": {\r\n            \"full\": \"\/wp-content\/uploads\/2024\/08\/Lux-Magica-\u00a9Moulin-dAnde.jpeg\",\r\n            \"_1280\": \"\/wp-content\/uploads\/2024\/08\/Lux-Magica-\u00a9Moulin-dAnde-1280x1707.jpeg\",\r\n            \"_1024\": \"\/wp-content\/uploads\/2024\/08\/Lux-Magica-\u00a9Moulin-dAnde-1024x1365.jpeg\",\r\n            \"_768\": \"\/wp-content\/uploads\/2024\/08\/Lux-Magica-\u00a9Moulin-dAnde-768x1024.jpeg\",\r\n            \"_512\": \"\/wp-content\/uploads\/2024\/08\/Lux-Magica-\u00a9Moulin-dAnde-512x683.jpeg\",\r\n            \"_265\": \"\/wp-content\/uploads\/2024\/08\/Lux-Magica-\u00a9Moulin-dAnde-265x353.jpeg\"\r\n          },\r\n          \"w\": 1536,\r\n          \"h\": 2048,\r\n          \"ar\": 1.3333333333333333,\r\n          \"alt\": \"\",\r\n          \"caption\": \"<p class=\\\"_texte_page\\\">\u00a9 Moulin d'And\u00e9<\/p>\"\r\n        }\r\n      ],\r\n      \"frameOverflow\": \"\"\r\n    },\r\n    {\r\n      \"type\": \"text\",\r\n      \"cont\": \"<p class=\\\"_texte_page\\\"><strong><span style=\\\"color: #1500f6;\\\">Lux Magica<\/span><\/strong><\/p><p class=\\\"_texte_page\\\">Dans un kiosque o\u00f9 le temps \u00e9tait suspendu, Lux Magica r\u00e9v\u00e8le silhouettes v\u00e9g\u00e9tales et animales en hommage \u00e0 des esp\u00e8ces disparues aujourd'hui... l'ombre danse avec la lumi\u00e8re pour en c\u00e9l\u00e9brer l'essence.<\/p><p class=\\\"_texte_page\\\"><strong>Vendredi 20 septembre de 20h \u00e0 23h, Kiosque de l'esplanade du moulin<\/strong><br \/><strong>Samedi 21 septembre de 20h \u00e0 23h, Kiosque de l'esplanade du moulin<\/strong><br \/><strong>Dimanche 22 septembre de 20h \u00e0 23h, Kiosque de l'esplanade du moulin<br \/><\/strong><\/p>\",\r\n      \"align\": \"top\",\r\n      \"row\": 3,\r\n      \"col\": 0,\r\n      \"colspan\": 12,\r\n      \"offsetx\": 0,\r\n      \"offsety\": 0,\r\n      \"spaceabove\": 0,\r\n      \"spacebelow\": 0,\r\n      \"yvel\": 1,\r\n      \"push\": 0,\r\n      \"relid\": 6,\r\n      \"frameOverflow\": \"\"\r\n    },\r\n    {\r\n      \"type\": \"text\",\r\n      \"cont\": \"<p class=\\\"_texte_page\\\">Anette Lenz est designer graphique. Allemande, elle a choisi de vivre et de travailler \u00e0 Paris. <br \/>Concern\u00e9e par la question de l\u2019espace public au sens large, elle travaille avec des commanditaires vari\u00e9s dont des institutions culturelles publiques, notamment dans le spectacle vivant (Pavillon-s, Le Phare Centre chor\u00e9graphique national du Havre Normandie \u2013 direction Emmanuelle Vo-Dinh, le Centre Pompidou, le Palais de Tokyo, la Fondazione Bonotto, Herm\u00e8s, L\u2019Onde \u2013 th\u00e9\u00e2tre centre d\u2019Art, la Sc\u00e8ne nationale d\u2019Angoul\u00eame, le Nouveau Relax Chaumont, La Filature, Sc\u00e8ne nationale de Mulhouse et le Th\u00e9\u00e2tre d\u2019Auxerre, les mus\u00e9e des Arts d\u00e9coratifs Paris et Bordeaux, le Minist\u00e8re de la Culture, le Senat, le FRAC Bourgogne, Radio France, Arte, \u2026 ).<br \/>Anette Lenz envisage le design graphique comme un formidable outil de connexion po\u00e9tique et politique. Son travail reconnu internationalement est r\u00e9guli\u00e8rement expos\u00e9, comme au Museum Angewandte Kunst \u00e0 Frankfurt en Allemagne avec son exposition personnelle A propos en 2020-21.<br \/>Elle est membre de l\u2019Alliance Graphique Internationale et professeure de design graphique \u00e0 la HEAD \u00e0 Gen\u00e8ve.<br \/><span style=\\\"color: #1500f6;\\\"><a style=\\\"color: #1500f6;\\\" href=\\\"https:\/\/www.instagram.com\/anettelenz\/\\\">https:\/\/www.instagram.com\/anettelenz\/<\/a><\/span><\/p>\",\r\n      \"align\": \"top\",\r\n      \"row\": 4,\r\n      \"col\": 0,\r\n      \"colspan\": 12,\r\n      \"offsetx\": 0,\r\n      \"offsety\": 0,\r\n      \"spaceabove\": 0,\r\n      \"spacebelow\": 0,\r\n      \"yvel\": 1,\r\n      \"push\": 0,\r\n      \"relid\": 5,\r\n      \"frameOverflow\": \"\"\r\n    }\r\n  ]\r\n}","_links":{"self":[{"href":"http:\/\/pavillon-s.com\/en\/wp-json\/wp\/v2\/posts\/915","targetHints":{"allow":["GET"]}}],"collection":[{"href":"http:\/\/pavillon-s.com\/en\/wp-json\/wp\/v2\/posts"}],"about":[{"href":"http:\/\/pavillon-s.com\/en\/wp-json\/wp\/v2\/types\/post"}],"author":[{"embeddable":true,"href":"http:\/\/pavillon-s.com\/en\/wp-json\/wp\/v2\/users\/1"}],"replies":[{"embeddable":true,"href":"http:\/\/pavillon-s.com\/en\/wp-json\/wp\/v2\/comments?post=915"}],"version-history":[{"count":0,"href":"http:\/\/pavillon-s.com\/en\/wp-json\/wp\/v2\/posts\/915\/revisions"}],"wp:featuredmedia":[{"embeddable":true,"href":"http:\/\/pavillon-s.com\/en\/wp-json\/wp\/v2\/media\/917"}],"wp:attachment":[{"href":"http:\/\/pavillon-s.com\/en\/wp-json\/wp\/v2\/media?parent=915"}],"wp:term":[{"taxonomy":"category","embeddable":true,"href":"http:\/\/pavillon-s.com\/en\/wp-json\/wp\/v2\/categories?post=915"},{"taxonomy":"post_tag","embeddable":true,"href":"http:\/\/pavillon-s.com\/en\/wp-json\/wp\/v2\/tags?post=915"}],"curies":[{"name":"wp","href":"https:\/\/api.w.org\/{rel}","templated":true}]}}