{"id":912,"date":"2024-07-22T15:51:33","date_gmt":"2022-08-22T06:59:41","guid":{"rendered":"http:\/\/pavillon-s.com\/visites-moulin-2-2\/"},"modified":"2024-11-05T15:49:00","modified_gmt":"2024-11-05T14:49:00","slug":"visites-fil-rouge-2024","status":"publish","type":"post","link":"http:\/\/pavillon-s.com\/en\/visites-fil-rouge-2024\/","title":{"rendered":"WEI 2024 Fil rouge, visite accompagn\u00e9e"},"content":{"rendered":"","protected":false},"excerpt":{"rendered":"","protected":false},"author":1,"featured_media":255,"comment_status":"closed","ping_status":"closed","sticky":false,"template":"","format":"standard","meta":[],"categories":[6],"tags":[],"class_list":["post-912","post","type-post","status-publish","has-post-thumbnail","hentry","category-wei-artistes-projects"],"grid":"{\r\n  \"colCount\": 12,\r\n  \"colGutter\": 1,\r\n  \"rowGutters\": [\r\n    2.5,\r\n    2,\r\n    2\r\n  ],\r\n  \"frameMargin\": 5,\r\n  \"leftFrameMargin\": 2.5,\r\n  \"rightFrameMargin\": 5,\r\n  \"topFrameMargin\": 180,\r\n  \"bottomFrameMargin\": 5,\r\n  \"rowAttrs\": [\r\n    {},\r\n    {},\r\n    {},\r\n    {}\r\n  ],\r\n  \"bgColor\": null,\r\n  \"bgImage\": null,\r\n  \"cont\": [\r\n    {\r\n      \"type\": \"text\",\r\n      \"cont\": \"<h1 class=\\\"_menu_home\\\"><a href=\\\"http:\/\/pavillon-s.com\/wei-artistes-projets-2024\/\\\" data-type=\\\"page\\\" data-id=\\\"859\\\" data-title=\\\"Wei artistes projets 2024\\\">Wei! \/ artistes projets<\/a><\/h1>\",\r\n      \"align\": \"top\",\r\n      \"row\": 0,\r\n      \"col\": 0,\r\n      \"colspan\": 8,\r\n      \"offsetx\": 0,\r\n      \"offsety\": 0,\r\n      \"spaceabove\": 0,\r\n      \"spacebelow\": 0,\r\n      \"yvel\": 1,\r\n      \"push\": 0,\r\n      \"relid\": 9\r\n    },\r\n    {\r\n      \"type\": \"text\",\r\n      \"cont\": \"<h1 class=\\\"_Titre_spectacle\\\"><span>Fil rouge, visite accompagn\u00e9e de la collection du Fruit int\u00e9gral<br \/><\/span><\/h1>\",\r\n      \"align\": \"top\",\r\n      \"row\": 1,\r\n      \"col\": 0,\r\n      \"colspan\": 8,\r\n      \"offsetx\": 0,\r\n      \"offsety\": 0,\r\n      \"spaceabove\": 0,\r\n      \"spacebelow\": 0,\r\n      \"yvel\": 1,\r\n      \"push\": 0,\r\n      \"relid\": 4,\r\n      \"frameOverflow\": \"\"\r\n    },\r\n    {\r\n      \"type\": \"carousel\",\r\n      \"cont\": \"\",\r\n      \"align\": \"top\",\r\n      \"row\": 2,\r\n      \"col\": 0,\r\n      \"colspan\": 6,\r\n      \"offsetx\": 0,\r\n      \"offsety\": 0,\r\n      \"spaceabove\": 0,\r\n      \"spacebelow\": 0,\r\n      \"yvel\": 1,\r\n      \"push\": 0,\r\n      \"relid\": 1361,\r\n      \"carousel_options\": {\r\n        \"random\": false,\r\n        \"autoplay\": false,\r\n        \"showMultipleSlides\": false,\r\n        \"freeScroll\": false,\r\n        \"mousewheelScroll\": false,\r\n        \"size\": \"aspectRatioOfFirstElement\",\r\n        \"slidesWidth\": \"null\",\r\n        \"transition\": \"sliding\",\r\n        \"loop\": \"1\",\r\n        \"spaceBetween\": 0,\r\n        \"captionsUnderSlides\": false\r\n      },\r\n      \"carousel\": [\r\n        {\r\n          \"type\": \"img\",\r\n          \"attid\": 1093,\r\n          \"cont\": \"\/wp-content\/uploads\/2024\/07\/Visites_fil_rouge\u00a9SolenneRacape.IMG_8849.jpg\",\r\n          \"sizes\": {\r\n            \"full\": \"\/wp-content\/uploads\/2024\/07\/Visites_fil_rouge\u00a9SolenneRacape.IMG_8849.jpg\",\r\n            \"_1280\": \"\/wp-content\/uploads\/2024\/07\/Visites_fil_rouge\u00a9SolenneRacape.IMG_8849-1280x960.jpg\",\r\n            \"_1024\": \"\/wp-content\/uploads\/2024\/07\/Visites_fil_rouge\u00a9SolenneRacape.IMG_8849-1024x768.jpg\",\r\n            \"_768\": \"\/wp-content\/uploads\/2024\/07\/Visites_fil_rouge\u00a9SolenneRacape.IMG_8849-768x576.jpg\",\r\n            \"_512\": \"\/wp-content\/uploads\/2024\/07\/Visites_fil_rouge\u00a9SolenneRacape.IMG_8849-512x384.jpg\",\r\n            \"_265\": \"\/wp-content\/uploads\/2024\/07\/Visites_fil_rouge\u00a9SolenneRacape.IMG_8849-265x199.jpg\"\r\n          },\r\n          \"w\": 1417,\r\n          \"h\": 1063,\r\n          \"ar\": 0.7501764290755116,\r\n          \"alt\": \"\",\r\n          \"caption\": \"<p class=\\\"_texte_page\\\">\u00a9 Solenne Racap\u00e9<\/p>\"\r\n        }\r\n      ],\r\n      \"frameOverflow\": \"\"\r\n    },\r\n    {\r\n      \"type\": \"text\",\r\n      \"cont\": \"<p class=\\\"_texte_page\\\"><strong><span style=\\\"color: #1500f6;\\\">Fil rouge, visite accompagn\u00e9e de la collection du Fruit int\u00e9gral<\/span><\/strong><\/p><p class=\\\"_texte_page\\\"><strong>Samedi 21 septembre\u00a014h\/14h30\/15h\/15h30\/16h<\/strong><br \/><strong>Dimanche 22 septembre\u00a012h\/14h30\/15h\/15h30\/16h<\/strong><br \/>Inscriptions sur place \u00e0 l\u2019accueil, dans la limite des places disponibles<br \/>Dur\u00e9e 45 minutes<\/p><p class=\\\"_texte_page\\\">La collection\u00a0priv\u00e9e\u00a0d\u2019art contemporain du parc du Fruit int\u00e9gral s\u2019est constitu\u00e9e au fil des ann\u00e9es depuis 2011.<br \/>Si la maison du Fruit int\u00e9gral et son parc ont \u00e9t\u00e9 l\u2019objet de plusieurs tournages\u00a0cin\u00e9matographiques\u00a0(Les 400 coups\u00a0de Fran\u00e7ois Truffaut en 1959 et\u00a0La joie de vivre\u00a0de Jean-Pierre Am\u00e9ris en 2011), ce dernier a \u00e9galement connu les premiers essais de la 4CV de Renault dans l\u2019all\u00e9e des 200 tilleuls qui bordent la propri\u00e9t\u00e9.<br \/>Aujourd\u2019hui le parc abrite un studio de danse d\u00e9di\u00e9 \u00e0 la cr\u00e9ation chor\u00e9graphique et une collection d\u2019\u0153uvres contemporaines et \/ou d\u2019objets insolites dont la majeure partie\u00a0participe\u00a0\u00e0 une r\u00e9flexion autour de la guerre et de la fascination des hommes pour celle-ci.<br \/>L\u2019ensemble\u00a0trouve une r\u00e9sonance science-fictionnel \/ futuriste dans\u00a0le mobilier d\u2019assise pr\u00e9sent dans le parc. Appartenant au mouvement utopique space-age\u00a0cr\u00e9\u00e9 dans les ann\u00e9es 1960\/1970,\u00a0il t\u00e9moigne de la\u00a0fascination de ses architectes ou designers pour la conqu\u00eate spatiale.<br \/><br \/><span style=\\\"color: #1500f6;\\\">Avec les oeuvres de<\/span> Marti Folio, La fratrie, Robuste Odin, Laurent Le Penru, Lucasfilm, Hans-Walter M\u00fcller, Laurent Martin, Vincent Mauger, M\u00e9talobil, Nicolas Momein, Florian Pugnaire &amp; David Raffini, Romain Reveilhac, Maurice Slotine, Maylis Turtaut.<\/p><p class=\\\"_texte_page\\\"><span style=\\\"color: #1500f6;\\\">Et le mobilier d\u2019assise de<\/span> Marco Acerbis, Marc Berthier, Harry Bertoia, Alexander Begge, Luigi Colani, Joe Colombo, Elsie Crawford, Douglas Deed, Stacy Dukes, Aarnio Eero, Patrick Gingembre, Willy Guhl,\u00a0Nils Gullov, Roger Landault, Vico Magestrati, Guy Mismaque, Olivier Mourgue, Verner Panton, Dominique Prevost &amp; Favriau, G\u00fcnter Ferdinand Ris &amp; Herbert Selldorf, Philippe Starck, Charles Zublena.<\/p><p class=\\\"_texte_page\\\">\u00a0<\/p>\",\r\n      \"align\": \"top\",\r\n      \"row\": 3,\r\n      \"col\": 0,\r\n      \"colspan\": 8,\r\n      \"offsetx\": 0,\r\n      \"offsety\": 0,\r\n      \"spaceabove\": 0,\r\n      \"spacebelow\": 0,\r\n      \"yvel\": 1,\r\n      \"push\": 0,\r\n      \"relid\": 6\r\n    }\r\n  ]\r\n}","phonegrid":"{\r\n  \"colCount\": 12,\r\n  \"colGutter\": 1,\r\n  \"rowGutters\": [\r\n    \"2\",\r\n    \"2\",\r\n    5\r\n  ],\r\n  \"frameMargin\": 5,\r\n  \"leftFrameMargin\": 5,\r\n  \"rightFrameMargin\": 5,\r\n  \"topFrameMargin\": 15,\r\n  \"bottomFrameMargin\": 5,\r\n  \"rowAttrs\": [\r\n    {},\r\n    {},\r\n    {},\r\n    {}\r\n  ],\r\n  \"bgColor\": null,\r\n  \"bgImage\": null,\r\n  \"cont\": [\r\n    {\r\n      \"type\": \"text\",\r\n      \"cont\": \"<h1 class=\\\"_menu_home\\\"><a href=\\\"http:\/\/pavillon-s.com\/wei-artistes-projets-2024\/\\\" data-type=\\\"page\\\" data-id=\\\"859\\\" data-title=\\\"Wei artistes projets 2024\\\">Wei! \/ artistes projets<\/a><\/h1>\",\r\n      \"align\": \"top\",\r\n      \"row\": 0,\r\n      \"col\": 0,\r\n      \"colspan\": 12,\r\n      \"offsetx\": 0,\r\n      \"offsety\": 0,\r\n      \"spaceabove\": 0,\r\n      \"spacebelow\": 0,\r\n      \"yvel\": 1,\r\n      \"push\": 0,\r\n      \"relid\": 9,\r\n      \"frameOverflow\": \"\"\r\n    },\r\n    {\r\n      \"type\": \"text\",\r\n      \"cont\": \"<h1 class=\\\"_Titre_spectacle\\\"><span>Fil rouge, visite accompagn\u00e9e de la collection du Fruit int\u00e9gral<br \/><\/span><\/h1>\",\r\n      \"align\": \"top\",\r\n      \"row\": 1,\r\n      \"col\": 0,\r\n      \"colspan\": 12,\r\n      \"offsetx\": 0,\r\n      \"offsety\": 0,\r\n      \"spaceabove\": 0,\r\n      \"spacebelow\": 0,\r\n      \"yvel\": 1,\r\n      \"push\": 0,\r\n      \"relid\": 4,\r\n      \"frameOverflow\": \"\"\r\n    },\r\n    {\r\n      \"type\": \"carousel\",\r\n      \"cont\": \"\",\r\n      \"align\": \"top\",\r\n      \"row\": 2,\r\n      \"col\": 0,\r\n      \"colspan\": 6,\r\n      \"offsetx\": 0,\r\n      \"offsety\": 0,\r\n      \"spaceabove\": 0,\r\n      \"spacebelow\": 0,\r\n      \"yvel\": 1,\r\n      \"push\": 0,\r\n      \"relid\": 1361,\r\n      \"carousel_options\": {\r\n        \"random\": false,\r\n        \"autoplay\": false,\r\n        \"showMultipleSlides\": false,\r\n        \"freeScroll\": false,\r\n        \"mousewheelScroll\": false,\r\n        \"size\": \"aspectRatioOfFirstElement\",\r\n        \"slidesWidth\": \"null\",\r\n        \"transition\": \"sliding\",\r\n        \"loop\": \"1\",\r\n        \"spaceBetween\": 0,\r\n        \"captionsUnderSlides\": false\r\n      },\r\n      \"carousel\": [\r\n        {\r\n          \"type\": \"img\",\r\n          \"attid\": 1093,\r\n          \"cont\": \"\/wp-content\/uploads\/2024\/07\/Visites_fil_rouge\u00a9SolenneRacape.IMG_8849.jpg\",\r\n          \"sizes\": {\r\n            \"full\": \"\/wp-content\/uploads\/2024\/07\/Visites_fil_rouge\u00a9SolenneRacape.IMG_8849.jpg\",\r\n            \"_1280\": \"\/wp-content\/uploads\/2024\/07\/Visites_fil_rouge\u00a9SolenneRacape.IMG_8849-1280x960.jpg\",\r\n            \"_1024\": \"\/wp-content\/uploads\/2024\/07\/Visites_fil_rouge\u00a9SolenneRacape.IMG_8849-1024x768.jpg\",\r\n            \"_768\": \"\/wp-content\/uploads\/2024\/07\/Visites_fil_rouge\u00a9SolenneRacape.IMG_8849-768x576.jpg\",\r\n            \"_512\": \"\/wp-content\/uploads\/2024\/07\/Visites_fil_rouge\u00a9SolenneRacape.IMG_8849-512x384.jpg\",\r\n            \"_265\": \"\/wp-content\/uploads\/2024\/07\/Visites_fil_rouge\u00a9SolenneRacape.IMG_8849-265x199.jpg\"\r\n          },\r\n          \"w\": 1417,\r\n          \"h\": 1063,\r\n          \"ar\": 0.7501764290755116,\r\n          \"alt\": \"\",\r\n          \"caption\": \"<p class=\\\"_texte_page\\\">\u00a9 Solenne Racap\u00e9<\/p>\"\r\n        }\r\n      ],\r\n      \"frameOverflow\": \"\"\r\n    },\r\n    {\r\n      \"type\": \"text\",\r\n      \"cont\": \"<p class=\\\"_texte_page\\\"><strong><span style=\\\"color: #1500f6;\\\">Fil rouge, visite accompagn\u00e9e de la collection du Fruit int\u00e9gral<\/span><\/strong><\/p><p class=\\\"_texte_page\\\"><strong>Samedi 21 septembre\u00a014h\/14h30\/15h\/15h30\/16h<\/strong><br \/><strong>Dimanche 22 septembre\u00a012h\/14h30\/15h\/15h30\/16h<\/strong><br \/>Inscriptions sur place \u00e0 l\u2019accueil, dans la limite des places disponibles<br \/>Dur\u00e9e 45 minutes<\/p><p class=\\\"_texte_page\\\">La collection\u00a0priv\u00e9e\u00a0d\u2019art contemporain du parc du Fruit int\u00e9gral s\u2019est constitu\u00e9e au fil des ann\u00e9es depuis 2011.<br \/>Si la maison du Fruit int\u00e9gral et son parc ont \u00e9t\u00e9 l\u2019objet de plusieurs tournages\u00a0cin\u00e9matographiques\u00a0(Les 400 coups\u00a0de Fran\u00e7ois Truffaut en 1959 et\u00a0La joie de vivre\u00a0de Jean-Pierre Am\u00e9ris en 2011), ce dernier a \u00e9galement connu les premiers essais de la 4CV de Renault dans l\u2019all\u00e9e des 200 tilleuls qui bordent la propri\u00e9t\u00e9.<br \/>Aujourd\u2019hui le parc abrite un studio de danse d\u00e9di\u00e9 \u00e0 la cr\u00e9ation chor\u00e9graphique et une collection d\u2019\u0153uvres contemporaines et \/ou d\u2019objets insolites dont la majeure partie\u00a0participe\u00a0\u00e0 une r\u00e9flexion autour de la guerre et de la fascination des hommes pour celle-ci.<br \/>L\u2019ensemble\u00a0trouve une r\u00e9sonance science-fictionnel \/ futuriste dans\u00a0le mobilier d\u2019assise pr\u00e9sent dans le parc. Appartenant au mouvement utopique space-age\u00a0cr\u00e9\u00e9 dans les ann\u00e9es 1960\/1970,\u00a0il t\u00e9moigne de la\u00a0fascination de ses architectes ou designers pour la conqu\u00eate spatiale.<br \/><br \/><span style=\\\"color: #1500f6;\\\">Avec les oeuvres de<\/span> Marti Folio, La fratrie, Robuste Odin, Laurent Le Penru, Lucasfilm, Hans-Walter M\u00fcller, Laurent Martin, Vincent Mauger, M\u00e9talobil, Nicolas Momein, Florian Pugnaire &amp; David Raffini, Romain Reveilhac, Maurice Slotine, Maylis Turtaut.<\/p><p class=\\\"_texte_page\\\"><span style=\\\"color: #1500f6;\\\">Et le mobilier d\u2019assise de<\/span> Marco Acerbis, Marc Berthier, Harry Bertoia, Alexander Begge, Luigi Colani, Joe Colombo, Elsie Crawford, Douglas Deed, Stacy Dukes, Aarnio Eero, Patrick Gingembre, Willy Guhl,\u00a0Nils Gullov, Roger Landault, Vico Magestrati, Guy Mismaque, Olivier Mourgue, Verner Panton, Dominique Prevost &amp; Favriau, G\u00fcnter Ferdinand Ris &amp; Herbert Selldorf, Philippe Starck, Charles Zublena.<\/p><p class=\\\"_texte_page\\\">\u00a0<\/p>\",\r\n      \"align\": \"top\",\r\n      \"row\": 3,\r\n      \"col\": 0,\r\n      \"colspan\": 12,\r\n      \"offsetx\": 0,\r\n      \"offsety\": 0,\r\n      \"spaceabove\": 0,\r\n      \"spacebelow\": 0,\r\n      \"yvel\": 1,\r\n      \"push\": 0,\r\n      \"relid\": 6,\r\n      \"frameOverflow\": \"\"\r\n    }\r\n  ]\r\n}","_links":{"self":[{"href":"http:\/\/pavillon-s.com\/en\/wp-json\/wp\/v2\/posts\/912","targetHints":{"allow":["GET"]}}],"collection":[{"href":"http:\/\/pavillon-s.com\/en\/wp-json\/wp\/v2\/posts"}],"about":[{"href":"http:\/\/pavillon-s.com\/en\/wp-json\/wp\/v2\/types\/post"}],"author":[{"embeddable":true,"href":"http:\/\/pavillon-s.com\/en\/wp-json\/wp\/v2\/users\/1"}],"replies":[{"embeddable":true,"href":"http:\/\/pavillon-s.com\/en\/wp-json\/wp\/v2\/comments?post=912"}],"version-history":[{"count":0,"href":"http:\/\/pavillon-s.com\/en\/wp-json\/wp\/v2\/posts\/912\/revisions"}],"wp:featuredmedia":[{"embeddable":true,"href":"http:\/\/pavillon-s.com\/en\/wp-json\/wp\/v2\/media\/255"}],"wp:attachment":[{"href":"http:\/\/pavillon-s.com\/en\/wp-json\/wp\/v2\/media?parent=912"}],"wp:term":[{"taxonomy":"category","embeddable":true,"href":"http:\/\/pavillon-s.com\/en\/wp-json\/wp\/v2\/categories?post=912"},{"taxonomy":"post_tag","embeddable":true,"href":"http:\/\/pavillon-s.com\/en\/wp-json\/wp\/v2\/tags?post=912"}],"curies":[{"name":"wp","href":"https:\/\/api.w.org\/{rel}","templated":true}]}}