{"id":893,"date":"2024-07-22T14:29:00","date_gmt":"2022-08-22T06:59:41","guid":{"rendered":"http:\/\/pavillon-s.com\/undirectional-2\/"},"modified":"2024-12-12T15:02:42","modified_gmt":"2024-12-12T14:02:42","slug":"atelier-yoga","status":"publish","type":"post","link":"http:\/\/pavillon-s.com\/en\/atelier-yoga\/","title":{"rendered":"WEI 2024 Atelier Yoga Laura Dubois"},"content":{"rendered":"","protected":false},"excerpt":{"rendered":"","protected":false},"author":1,"featured_media":895,"comment_status":"closed","ping_status":"closed","sticky":false,"template":"","format":"standard","meta":[],"categories":[6],"tags":[],"class_list":["post-893","post","type-post","status-publish","has-post-thumbnail","hentry","category-wei-artistes-projects"],"grid":"{\r\n  \"colCount\": 12,\r\n  \"colGutter\": 1,\r\n  \"rowGutters\": [\r\n    2.5,\r\n    2,\r\n    2\r\n  ],\r\n  \"frameMargin\": 5,\r\n  \"leftFrameMargin\": 2.5,\r\n  \"rightFrameMargin\": 5,\r\n  \"topFrameMargin\": 180,\r\n  \"bottomFrameMargin\": 5,\r\n  \"rowAttrs\": [\r\n    {},\r\n    {},\r\n    {},\r\n    {}\r\n  ],\r\n  \"bgColor\": null,\r\n  \"bgImage\": null,\r\n  \"cont\": [\r\n    {\r\n      \"type\": \"text\",\r\n      \"cont\": \"<h1 class=\\\"_menu_home\\\"><a href=\\\"http:\/\/pavillon-s.com\/wei-artistes-projets-2024\/\\\" data-type=\\\"page\\\" data-id=\\\"859\\\" data-title=\\\"Wei artistes projets 2024\\\">Wei! \/ artistes projets<\/a><\/h1>\",\r\n      \"align\": \"top\",\r\n      \"row\": 0,\r\n      \"col\": 0,\r\n      \"colspan\": 8,\r\n      \"offsetx\": 0,\r\n      \"offsety\": 0,\r\n      \"spaceabove\": 0,\r\n      \"spacebelow\": 0,\r\n      \"yvel\": 1,\r\n      \"push\": 0,\r\n      \"relid\": 9\r\n    },\r\n    {\r\n      \"type\": \"text\",\r\n      \"cont\": \"<h1 class=\\\"_Titre_spectacle\\\"><span>Laura Dubois<br \/><\/span><\/h1>\",\r\n      \"align\": \"top\",\r\n      \"row\": 1,\r\n      \"col\": 0,\r\n      \"colspan\": 7,\r\n      \"offsetx\": 0,\r\n      \"offsety\": 0,\r\n      \"spaceabove\": 0,\r\n      \"spacebelow\": 0,\r\n      \"yvel\": 1,\r\n      \"push\": 0,\r\n      \"relid\": 4\r\n    },\r\n    {\r\n      \"type\": \"carousel\",\r\n      \"cont\": \"\",\r\n      \"align\": \"top\",\r\n      \"row\": 2,\r\n      \"col\": 0,\r\n      \"colspan\": 6,\r\n      \"offsetx\": 0,\r\n      \"offsety\": 0,\r\n      \"spaceabove\": 0,\r\n      \"spacebelow\": 0,\r\n      \"yvel\": 1,\r\n      \"push\": 0,\r\n      \"relid\": 1214,\r\n      \"carousel_options\": {\r\n        \"random\": false,\r\n        \"autoplay\": true,\r\n        \"showMultipleSlides\": false,\r\n        \"freeScroll\": false,\r\n        \"mousewheelScroll\": false,\r\n        \"size\": \"aspectRatioOfFirstElement\",\r\n        \"slidesWidth\": \"null\",\r\n        \"transition\": \"sliding\",\r\n        \"loop\": \"1\",\r\n        \"spaceBetween\": 0,\r\n        \"captionsUnderSlides\": false,\r\n        \"disableClick\": false\r\n      },\r\n      \"carousel\": [\r\n        {\r\n          \"type\": \"img\",\r\n          \"attid\": 1071,\r\n          \"cont\": \"\/wp-content\/uploads\/2024\/07\/atelier-yoga\u00a9SolenneRacape_IMG_8834.jpg\",\r\n          \"sizes\": {\r\n            \"full\": \"\/wp-content\/uploads\/2024\/07\/atelier-yoga\u00a9SolenneRacape_IMG_8834.jpg\",\r\n            \"_1920\": \"\/wp-content\/uploads\/2024\/07\/atelier-yoga\u00a9SolenneRacape_IMG_8834-1920x1440.jpg\",\r\n            \"_1280\": \"\/wp-content\/uploads\/2024\/07\/atelier-yoga\u00a9SolenneRacape_IMG_8834-1280x960.jpg\",\r\n            \"_1024\": \"\/wp-content\/uploads\/2024\/07\/atelier-yoga\u00a9SolenneRacape_IMG_8834-1024x768.jpg\",\r\n            \"_768\": \"\/wp-content\/uploads\/2024\/07\/atelier-yoga\u00a9SolenneRacape_IMG_8834-768x576.jpg\",\r\n            \"_512\": \"\/wp-content\/uploads\/2024\/07\/atelier-yoga\u00a9SolenneRacape_IMG_8834-512x384.jpg\",\r\n            \"_265\": \"\/wp-content\/uploads\/2024\/07\/atelier-yoga\u00a9SolenneRacape_IMG_8834-265x199.jpg\"\r\n          },\r\n          \"w\": 1984,\r\n          \"h\": 1488,\r\n          \"ar\": 0.75,\r\n          \"alt\": \"\",\r\n          \"caption\": \"<p class=\\\"_texte_page\\\">\u00a9 Solenne Racap\u00e9<\/p>\"\r\n        },\r\n        {\r\n          \"type\": \"img\",\r\n          \"attid\": 1070,\r\n          \"cont\": \"\/wp-content\/uploads\/2024\/07\/Atelier-yoga-dim.-22-\u00a9LisaSahores-11.jpg\",\r\n          \"sizes\": {\r\n            \"full\": \"\/wp-content\/uploads\/2024\/07\/Atelier-yoga-dim.-22-\u00a9LisaSahores-11.jpg\",\r\n            \"_1920\": \"\/wp-content\/uploads\/2024\/07\/Atelier-yoga-dim.-22-\u00a9LisaSahores-11-1920x1079.jpg\",\r\n            \"_1280\": \"\/wp-content\/uploads\/2024\/07\/Atelier-yoga-dim.-22-\u00a9LisaSahores-11-1280x719.jpg\",\r\n            \"_1024\": \"\/wp-content\/uploads\/2024\/07\/Atelier-yoga-dim.-22-\u00a9LisaSahores-11-1024x576.jpg\",\r\n            \"_768\": \"\/wp-content\/uploads\/2024\/07\/Atelier-yoga-dim.-22-\u00a9LisaSahores-11-768x432.jpg\",\r\n            \"_512\": \"\/wp-content\/uploads\/2024\/07\/Atelier-yoga-dim.-22-\u00a9LisaSahores-11-512x288.jpg\",\r\n            \"_265\": \"\/wp-content\/uploads\/2024\/07\/Atelier-yoga-dim.-22-\u00a9LisaSahores-11-265x149.jpg\"\r\n          },\r\n          \"w\": 2409,\r\n          \"h\": 1354,\r\n          \"ar\": 0.5620589456205894,\r\n          \"alt\": \"\",\r\n          \"caption\": \"<p class=\\\"_texte_page\\\">\u00a9 Solenne Racap\u00e9<\/p>\"\r\n        },\r\n        {\r\n          \"type\": \"img\",\r\n          \"attid\": 1069,\r\n          \"cont\": \"\/wp-content\/uploads\/2024\/07\/atelier-yoga-\u00a9SolenneRacape_IMG_8832.jpg\",\r\n          \"sizes\": {\r\n            \"full\": \"\/wp-content\/uploads\/2024\/07\/atelier-yoga-\u00a9SolenneRacape_IMG_8832.jpg\",\r\n            \"_1280\": \"\/wp-content\/uploads\/2024\/07\/atelier-yoga-\u00a9SolenneRacape_IMG_8832-1280x959.jpg\",\r\n            \"_1024\": \"\/wp-content\/uploads\/2024\/07\/atelier-yoga-\u00a9SolenneRacape_IMG_8832-1024x768.jpg\",\r\n            \"_768\": \"\/wp-content\/uploads\/2024\/07\/atelier-yoga-\u00a9SolenneRacape_IMG_8832-768x576.jpg\",\r\n            \"_512\": \"\/wp-content\/uploads\/2024\/07\/atelier-yoga-\u00a9SolenneRacape_IMG_8832-512x384.jpg\",\r\n            \"_265\": \"\/wp-content\/uploads\/2024\/07\/atelier-yoga-\u00a9SolenneRacape_IMG_8832-265x199.jpg\"\r\n          },\r\n          \"w\": 1701,\r\n          \"h\": 1275,\r\n          \"ar\": 0.7495590828924162,\r\n          \"alt\": \"\",\r\n          \"caption\": \"<p class=\\\"_texte_page\\\">\u00a9 Solenne Racap\u00e9<\/p>\"\r\n        }\r\n      ],\r\n      \"frameOverflow\": \"\"\r\n    },\r\n    {\r\n      \"type\": \"text\",\r\n      \"cont\": \"<p class=\\\"_texte_page\\\"><span style=\\\"color: #1500f6;\\\"><strong>Atelier Yoga<\/strong><br \/><\/span><\/p><p class=\\\"_texte_page\\\"><span>Laura Dubois a propos\u00e9 de d\u00e9couvrir le Hatha yoga, un yoga tout en douceur pour traverser diff\u00e9rentes postures. Un temps de m\u00e9ditation et de respiration s'int\u00e8grent dans la s\u00e9ance pour activer le Prana (l\u2019\u00e9nergie) et trouver l\u2019alignement entre les sensations physiques et ce qui se ressent sous la peau. Une relaxation ponctue la pratique pour laisser infuser et dig\u00e9rer ; un espace o\u00f9 il n'y a rien \u00e0 produire, rien \u00e0 faire, juste \u00eatre l\u00e0.<\/span><\/p><p class=\\\"_texte_page\\\"><strong>Samedi 21 septembre \u00e0 14h, studio du fruit int\u00e9gral<br \/>Dimanche 22 septembre \u00e0 11h, jardin du moulin<\/strong><\/p>\",\r\n      \"align\": \"top\",\r\n      \"row\": 3,\r\n      \"col\": 0,\r\n      \"colspan\": 8,\r\n      \"offsetx\": 0,\r\n      \"offsety\": 0,\r\n      \"spaceabove\": 0,\r\n      \"spacebelow\": 0,\r\n      \"yvel\": 1,\r\n      \"push\": 0,\r\n      \"relid\": 6\r\n    }\r\n  ]\r\n}","phonegrid":"{\r\n  \"colCount\": 12,\r\n  \"colGutter\": 1,\r\n  \"rowGutters\": [\r\n    5,\r\n    5,\r\n    5\r\n  ],\r\n  \"frameMargin\": 5,\r\n  \"leftFrameMargin\": 5,\r\n  \"rightFrameMargin\": 5,\r\n  \"topFrameMargin\": 15,\r\n  \"bottomFrameMargin\": 5,\r\n  \"rowAttrs\": [\r\n    {},\r\n    {},\r\n    {},\r\n    {}\r\n  ],\r\n  \"bgColor\": null,\r\n  \"bgImage\": null,\r\n  \"cont\": [\r\n    {\r\n      \"type\": \"text\",\r\n      \"cont\": \"<h1 class=\\\"_menu_home\\\"><a href=\\\"http:\/\/pavillon-s.com\/wei-artistes-projets-2024\/\\\" data-type=\\\"page\\\" data-id=\\\"859\\\" data-title=\\\"Wei artistes projets 2024\\\">Wei! \/ artistes projets<\/a><\/h1>\",\r\n      \"align\": \"top\",\r\n      \"row\": 0,\r\n      \"col\": 0,\r\n      \"colspan\": 12,\r\n      \"offsetx\": 0,\r\n      \"offsety\": 0,\r\n      \"spaceabove\": 0,\r\n      \"spacebelow\": 0,\r\n      \"yvel\": 1,\r\n      \"push\": 0,\r\n      \"relid\": 9,\r\n      \"frameOverflow\": \"\"\r\n    },\r\n    {\r\n      \"type\": \"text\",\r\n      \"cont\": \"<h1 class=\\\"_Titre_spectacle\\\"><span>Laura Dubois<br \/><\/span><\/h1>\",\r\n      \"align\": \"top\",\r\n      \"row\": 1,\r\n      \"col\": 0,\r\n      \"colspan\": 7,\r\n      \"offsetx\": 0,\r\n      \"offsety\": 0,\r\n      \"spaceabove\": 0,\r\n      \"spacebelow\": 0,\r\n      \"yvel\": 1,\r\n      \"push\": 0,\r\n      \"relid\": 4\r\n    },\r\n    {\r\n      \"type\": \"carousel\",\r\n      \"cont\": \"\",\r\n      \"align\": \"top\",\r\n      \"row\": 2,\r\n      \"col\": 0,\r\n      \"colspan\": 6,\r\n      \"offsetx\": 0,\r\n      \"offsety\": 0,\r\n      \"spaceabove\": 0,\r\n      \"spacebelow\": 0,\r\n      \"yvel\": 1,\r\n      \"push\": 0,\r\n      \"relid\": 1214,\r\n      \"carousel_options\": {\r\n        \"random\": false,\r\n        \"autoplay\": true,\r\n        \"showMultipleSlides\": false,\r\n        \"freeScroll\": false,\r\n        \"mousewheelScroll\": false,\r\n        \"size\": \"aspectRatioOfFirstElement\",\r\n        \"slidesWidth\": \"null\",\r\n        \"transition\": \"sliding\",\r\n        \"loop\": \"1\",\r\n        \"spaceBetween\": 0,\r\n        \"captionsUnderSlides\": false,\r\n        \"disableClick\": false\r\n      },\r\n      \"carousel\": [\r\n        {\r\n          \"type\": \"img\",\r\n          \"attid\": 1071,\r\n          \"cont\": \"\/wp-content\/uploads\/2024\/07\/atelier-yoga\u00a9SolenneRacape_IMG_8834.jpg\",\r\n          \"sizes\": {\r\n            \"full\": \"\/wp-content\/uploads\/2024\/07\/atelier-yoga\u00a9SolenneRacape_IMG_8834.jpg\",\r\n            \"_1920\": \"\/wp-content\/uploads\/2024\/07\/atelier-yoga\u00a9SolenneRacape_IMG_8834-1920x1440.jpg\",\r\n            \"_1280\": \"\/wp-content\/uploads\/2024\/07\/atelier-yoga\u00a9SolenneRacape_IMG_8834-1280x960.jpg\",\r\n            \"_1024\": \"\/wp-content\/uploads\/2024\/07\/atelier-yoga\u00a9SolenneRacape_IMG_8834-1024x768.jpg\",\r\n            \"_768\": \"\/wp-content\/uploads\/2024\/07\/atelier-yoga\u00a9SolenneRacape_IMG_8834-768x576.jpg\",\r\n            \"_512\": \"\/wp-content\/uploads\/2024\/07\/atelier-yoga\u00a9SolenneRacape_IMG_8834-512x384.jpg\",\r\n            \"_265\": \"\/wp-content\/uploads\/2024\/07\/atelier-yoga\u00a9SolenneRacape_IMG_8834-265x199.jpg\"\r\n          },\r\n          \"w\": 1984,\r\n          \"h\": 1488,\r\n          \"ar\": 0.75,\r\n          \"alt\": \"\",\r\n          \"caption\": \"<p class=\\\"_texte_page\\\">\u00a9 Solenne Racap\u00e9<\/p>\"\r\n        },\r\n        {\r\n          \"type\": \"img\",\r\n          \"attid\": 1070,\r\n          \"cont\": \"\/wp-content\/uploads\/2024\/07\/Atelier-yoga-dim.-22-\u00a9LisaSahores-11.jpg\",\r\n          \"sizes\": {\r\n            \"full\": \"\/wp-content\/uploads\/2024\/07\/Atelier-yoga-dim.-22-\u00a9LisaSahores-11.jpg\",\r\n            \"_1920\": \"\/wp-content\/uploads\/2024\/07\/Atelier-yoga-dim.-22-\u00a9LisaSahores-11-1920x1079.jpg\",\r\n            \"_1280\": \"\/wp-content\/uploads\/2024\/07\/Atelier-yoga-dim.-22-\u00a9LisaSahores-11-1280x719.jpg\",\r\n            \"_1024\": \"\/wp-content\/uploads\/2024\/07\/Atelier-yoga-dim.-22-\u00a9LisaSahores-11-1024x576.jpg\",\r\n            \"_768\": \"\/wp-content\/uploads\/2024\/07\/Atelier-yoga-dim.-22-\u00a9LisaSahores-11-768x432.jpg\",\r\n            \"_512\": \"\/wp-content\/uploads\/2024\/07\/Atelier-yoga-dim.-22-\u00a9LisaSahores-11-512x288.jpg\",\r\n            \"_265\": \"\/wp-content\/uploads\/2024\/07\/Atelier-yoga-dim.-22-\u00a9LisaSahores-11-265x149.jpg\"\r\n          },\r\n          \"w\": 2409,\r\n          \"h\": 1354,\r\n          \"ar\": 0.5620589456205894,\r\n          \"alt\": \"\",\r\n          \"caption\": \"<p class=\\\"_texte_page\\\">\u00a9 Solenne Racap\u00e9<\/p>\"\r\n        },\r\n        {\r\n          \"type\": \"img\",\r\n          \"attid\": 1069,\r\n          \"cont\": \"\/wp-content\/uploads\/2024\/07\/atelier-yoga-\u00a9SolenneRacape_IMG_8832.jpg\",\r\n          \"sizes\": {\r\n            \"full\": \"\/wp-content\/uploads\/2024\/07\/atelier-yoga-\u00a9SolenneRacape_IMG_8832.jpg\",\r\n            \"_1280\": \"\/wp-content\/uploads\/2024\/07\/atelier-yoga-\u00a9SolenneRacape_IMG_8832-1280x959.jpg\",\r\n            \"_1024\": \"\/wp-content\/uploads\/2024\/07\/atelier-yoga-\u00a9SolenneRacape_IMG_8832-1024x768.jpg\",\r\n            \"_768\": \"\/wp-content\/uploads\/2024\/07\/atelier-yoga-\u00a9SolenneRacape_IMG_8832-768x576.jpg\",\r\n            \"_512\": \"\/wp-content\/uploads\/2024\/07\/atelier-yoga-\u00a9SolenneRacape_IMG_8832-512x384.jpg\",\r\n            \"_265\": \"\/wp-content\/uploads\/2024\/07\/atelier-yoga-\u00a9SolenneRacape_IMG_8832-265x199.jpg\"\r\n          },\r\n          \"w\": 1701,\r\n          \"h\": 1275,\r\n          \"ar\": 0.7495590828924162,\r\n          \"alt\": \"\",\r\n          \"caption\": \"<p class=\\\"_texte_page\\\">\u00a9 Solenne Racap\u00e9<\/p>\"\r\n        }\r\n      ],\r\n      \"frameOverflow\": \"\"\r\n    },\r\n    {\r\n      \"type\": \"text\",\r\n      \"cont\": \"<p class=\\\"_texte_page\\\"><span style=\\\"color: #1500f6;\\\"><strong>Atelier Yoga<\/strong><br \/><\/span><\/p><p class=\\\"_texte_page\\\"><span>Laura Dubois a propos\u00e9 de d\u00e9couvrir le Hatha yoga, un yoga tout en douceur pour traverser diff\u00e9rentes postures. Un temps de m\u00e9ditation et de respiration s'int\u00e8grent dans la s\u00e9ance pour activer le Prana (l\u2019\u00e9nergie) et trouver l\u2019alignement entre les sensations physiques et ce qui se ressent sous la peau. Une relaxation ponctue la pratique pour laisser infuser et dig\u00e9rer ; un espace o\u00f9 il n'y a rien \u00e0 produire, rien \u00e0 faire, juste \u00eatre l\u00e0.<\/span><\/p><p class=\\\"_texte_page\\\"><strong>Samedi 21 septembre \u00e0 14h, studio du fruit int\u00e9gral<br \/>Dimanche 22 septembre \u00e0 11h, jardin du moulin<\/strong><\/p>\",\r\n      \"align\": \"top\",\r\n      \"row\": 3,\r\n      \"col\": 0,\r\n      \"colspan\": 12,\r\n      \"offsetx\": 0,\r\n      \"offsety\": 0,\r\n      \"spaceabove\": 0,\r\n      \"spacebelow\": 0,\r\n      \"yvel\": 1,\r\n      \"push\": 0,\r\n      \"relid\": 6,\r\n      \"frameOverflow\": \"\"\r\n    }\r\n  ]\r\n}","_links":{"self":[{"href":"http:\/\/pavillon-s.com\/en\/wp-json\/wp\/v2\/posts\/893","targetHints":{"allow":["GET"]}}],"collection":[{"href":"http:\/\/pavillon-s.com\/en\/wp-json\/wp\/v2\/posts"}],"about":[{"href":"http:\/\/pavillon-s.com\/en\/wp-json\/wp\/v2\/types\/post"}],"author":[{"embeddable":true,"href":"http:\/\/pavillon-s.com\/en\/wp-json\/wp\/v2\/users\/1"}],"replies":[{"embeddable":true,"href":"http:\/\/pavillon-s.com\/en\/wp-json\/wp\/v2\/comments?post=893"}],"version-history":[{"count":0,"href":"http:\/\/pavillon-s.com\/en\/wp-json\/wp\/v2\/posts\/893\/revisions"}],"wp:featuredmedia":[{"embeddable":true,"href":"http:\/\/pavillon-s.com\/en\/wp-json\/wp\/v2\/media\/895"}],"wp:attachment":[{"href":"http:\/\/pavillon-s.com\/en\/wp-json\/wp\/v2\/media?parent=893"}],"wp:term":[{"taxonomy":"category","embeddable":true,"href":"http:\/\/pavillon-s.com\/en\/wp-json\/wp\/v2\/categories?post=893"},{"taxonomy":"post_tag","embeddable":true,"href":"http:\/\/pavillon-s.com\/en\/wp-json\/wp\/v2\/tags?post=893"}],"curies":[{"name":"wp","href":"https:\/\/api.w.org\/{rel}","templated":true}]}}