{"id":888,"date":"2024-07-22T13:35:18","date_gmt":"2022-08-22T06:59:41","guid":{"rendered":"http:\/\/pavillon-s.com\/sprint-wei-2\/"},"modified":"2024-12-12T15:04:04","modified_gmt":"2024-12-12T14:04:04","slug":"filer-sous-la-tente","status":"publish","type":"post","link":"http:\/\/pavillon-s.com\/en\/filer-sous-la-tente\/","title":{"rendered":"Wei 2024 Filer sous la tente Cunci\/Angouillant"},"content":{"rendered":"","protected":false},"excerpt":{"rendered":"","protected":false},"author":1,"featured_media":890,"comment_status":"closed","ping_status":"closed","sticky":false,"template":"","format":"standard","meta":[],"categories":[6],"tags":[],"class_list":["post-888","post","type-post","status-publish","has-post-thumbnail","hentry","category-wei-artistes-projects"],"grid":"{\r\n  \"colCount\": 12,\r\n  \"colGutter\": 1,\r\n  \"rowGutters\": [\r\n    2.5,\r\n    2,\r\n    2,\r\n    2\r\n  ],\r\n  \"frameMargin\": 5,\r\n  \"leftFrameMargin\": 2.5,\r\n  \"rightFrameMargin\": 5,\r\n  \"topFrameMargin\": 180,\r\n  \"bottomFrameMargin\": 5,\r\n  \"rowAttrs\": [\r\n    {},\r\n    {},\r\n    {},\r\n    {},\r\n    {}\r\n  ],\r\n  \"bgColor\": null,\r\n  \"bgImage\": null,\r\n  \"cont\": [\r\n    {\r\n      \"type\": \"text\",\r\n      \"cont\": \"<h1 class=\\\"_menu_home\\\"><a href=\\\"http:\/\/pavillon-s.com\/wei-artistes-projets-2024\/\\\" data-type=\\\"page\\\" data-id=\\\"859\\\" data-title=\\\"Wei artistes projets 2024\\\">Wei! \/ artistes projets<\/a><\/h1>\",\r\n      \"align\": \"top\",\r\n      \"row\": 0,\r\n      \"col\": 0,\r\n      \"colspan\": 8,\r\n      \"offsetx\": 0,\r\n      \"offsety\": 0,\r\n      \"spaceabove\": 0,\r\n      \"spacebelow\": 0,\r\n      \"yvel\": 1,\r\n      \"push\": 0,\r\n      \"relid\": 9\r\n    },\r\n    {\r\n      \"type\": \"text\",\r\n      \"cont\": \"<h1 class=\\\"_Titre_spectacle\\\"><span>Maeva Cunci et J\u00e9r\u00e9mie Angouillant<br \/><\/span><\/h1>\",\r\n      \"align\": \"top\",\r\n      \"row\": 1,\r\n      \"col\": 0,\r\n      \"colspan\": 7,\r\n      \"offsetx\": 0,\r\n      \"offsety\": 0,\r\n      \"spaceabove\": 0,\r\n      \"spacebelow\": 0,\r\n      \"yvel\": 1,\r\n      \"push\": 0,\r\n      \"relid\": 4\r\n    },\r\n    {\r\n      \"type\": \"carousel\",\r\n      \"cont\": \"\",\r\n      \"align\": \"top\",\r\n      \"row\": 2,\r\n      \"col\": 0,\r\n      \"colspan\": 5,\r\n      \"offsetx\": 0,\r\n      \"offsety\": 0,\r\n      \"spaceabove\": 0,\r\n      \"spacebelow\": 0,\r\n      \"yvel\": 1,\r\n      \"push\": 0,\r\n      \"relid\": 1214,\r\n      \"carousel_options\": {\r\n        \"random\": false,\r\n        \"autoplay\": true,\r\n        \"showMultipleSlides\": false,\r\n        \"freeScroll\": false,\r\n        \"mousewheelScroll\": false,\r\n        \"size\": \"aspectRatioOfFirstElement\",\r\n        \"slidesWidth\": \"null\",\r\n        \"transition\": \"sliding\",\r\n        \"loop\": \"1\",\r\n        \"spaceBetween\": 0,\r\n        \"captionsUnderSlides\": false,\r\n        \"disableClick\": false\r\n      },\r\n      \"carousel\": [\r\n        {\r\n          \"type\": \"img\",\r\n          \"attid\": 1084,\r\n          \"cont\": \"\/wp-content\/uploads\/2024\/07\/filer-sous-la-tente-\u00a9EmmanuelleVo-Dinh_IMG_6843.jpg\",\r\n          \"sizes\": {\r\n            \"full\": \"\/wp-content\/uploads\/2024\/07\/filer-sous-la-tente-\u00a9EmmanuelleVo-Dinh_IMG_6843.jpg\",\r\n            \"_1024\": \"\/wp-content\/uploads\/2024\/07\/filer-sous-la-tente-\u00a9EmmanuelleVo-Dinh_IMG_6843-1024x1365.jpg\",\r\n            \"_768\": \"\/wp-content\/uploads\/2024\/07\/filer-sous-la-tente-\u00a9EmmanuelleVo-Dinh_IMG_6843-768x1024.jpg\",\r\n            \"_512\": \"\/wp-content\/uploads\/2024\/07\/filer-sous-la-tente-\u00a9EmmanuelleVo-Dinh_IMG_6843-512x683.jpg\",\r\n            \"_265\": \"\/wp-content\/uploads\/2024\/07\/filer-sous-la-tente-\u00a9EmmanuelleVo-Dinh_IMG_6843-265x353.jpg\"\r\n          },\r\n          \"w\": 1134,\r\n          \"h\": 1512,\r\n          \"ar\": 1.3333333333333333,\r\n          \"alt\": \"\",\r\n          \"caption\": \"<p class=\\\"_texte_page\\\">\u00a9 Emmanuelle Vo-Dinh<\/p>\"\r\n        },\r\n        {\r\n          \"type\": \"img\",\r\n          \"attid\": 1085,\r\n          \"cont\": \"\/wp-content\/uploads\/2024\/07\/Filer-sous-la-tente-dim.-22-17-\u00a9LisaSahores.jpg\",\r\n          \"sizes\": {\r\n            \"full\": \"\/wp-content\/uploads\/2024\/07\/Filer-sous-la-tente-dim.-22-17-\u00a9LisaSahores.jpg\",\r\n            \"_1280\": \"\/wp-content\/uploads\/2024\/07\/Filer-sous-la-tente-dim.-22-17-\u00a9LisaSahores-1280x2279.jpg\",\r\n            \"_1024\": \"\/wp-content\/uploads\/2024\/07\/Filer-sous-la-tente-dim.-22-17-\u00a9LisaSahores-1024x1823.jpg\",\r\n            \"_768\": \"\/wp-content\/uploads\/2024\/07\/Filer-sous-la-tente-dim.-22-17-\u00a9LisaSahores-768x1367.jpg\",\r\n            \"_512\": \"\/wp-content\/uploads\/2024\/07\/Filer-sous-la-tente-dim.-22-17-\u00a9LisaSahores-512x912.jpg\",\r\n            \"_265\": \"\/wp-content\/uploads\/2024\/07\/Filer-sous-la-tente-dim.-22-17-\u00a9LisaSahores-265x472.jpg\"\r\n          },\r\n          \"w\": 1417,\r\n          \"h\": 2523,\r\n          \"ar\": 1.7805222300635144,\r\n          \"alt\": \"\",\r\n          \"caption\": \"<p class=\\\"_texte_page\\\">\u00a9 Lisa Sahores<\/p>\"\r\n        }\r\n      ],\r\n      \"frameOverflow\": \"\"\r\n    },\r\n    {\r\n      \"type\": \"text\",\r\n      \"cont\": \"<p class=\\\"_texte_page\\\"><span style=\\\"color: #1500f6;\\\"><strong>Filer sous la tente<\/strong><br \/><\/span><\/p><p class=\\\"_texte_page\\\">On se retrouve sous la tente comme pour un bivouac... <br \/>On en profite pour se rencontrer, en continuant \u00e0 fabriquer ensemble cette tente-patchwork... toutes les activit\u00e9s manuelles n\u00e9cessaires \u00e0 la fabrication et \u00e0 l'augmentation de la tente, nouer, tresser, coudre crocheter, mateloter... mais aussi celle de la lecture, de la discussion, de l'\u00e9change.<\/p><p class=\\\"_texte_page\\\"><strong>Samedi 21 septembre de 14h \u00e0 17h, esplanade du moulin<br \/>Dimanche 22 septembre \u00e0 14h30-17h, esplanade du moulin<br \/><\/strong><\/p>\",\r\n      \"align\": \"top\",\r\n      \"row\": 3,\r\n      \"col\": 0,\r\n      \"colspan\": 8,\r\n      \"offsetx\": 0,\r\n      \"offsety\": 0,\r\n      \"spaceabove\": 0,\r\n      \"spacebelow\": 0,\r\n      \"yvel\": 1,\r\n      \"push\": 0,\r\n      \"relid\": 6\r\n    },\r\n    {\r\n      \"type\": \"text\",\r\n      \"cont\": \"<p class=\\\"_texte_page\\\">Apr\u00e8s une formation en danse contemporaine \u00e0 Lyon, puis \u00e0 Montpellier au sein de la formation ex.er.c.e. de Mathilde Monnier en 2000, <span style=\\\"color: #1500f6;\\\">Maeva Cunci<\/span> collabore avec de nombreux chor\u00e9graphes (David Wampach, Julie Desprairies,Thibaud Le Maguer, Myl\u00e8ne Benoit, Manon Santkin, Marion Carriau, Camille Cau). En parall\u00e8le, elle participe au Clubdes5 (2001-2008), un collectif d\u2019interpr\u00e8tes, avec Typhaine Heissat, Maud Le Pladec, Micka\u00ebl Phelippeau et Virginie Thomas, dans lequel seront cr\u00e9\u00e9es de nombreuses performances collectives, et o\u00f9 elle signe \u00e9galement des cr\u00e9ations chor\u00e9graphiques personnelles. Elle collabore activement avec Dominique Gilliot dans le champ de la performance et de l\u2019art contemporain, cr\u00e9ant ensemble une pi\u00e8ce de th\u00e9\u00e2tre La Repr\u00e9sentation de trop. Elle fait partie des Vraoums avec Pauline Curnier-Jardin, Aude Lachaise et Virginie Thomas, un projet performatif et musical et assiste r\u00e9guli\u00e8rement Micka\u00ebl Phelippeau sur plusieurs projets chor\u00e9graphiques. Avec Emmanuelle Vo-Dinh, elle participe \u00e0 la cr\u00e9ation de D\u00e9compositions, White Light, Fractale, Ad astra, Sprint, Tombouctou d\u00e9j\u00e0-vu, Cocagne, Attractions, Cosmo-bal et aux reprises de Crois\u00e9es et Aboli Bibelot... Rebondi ! Elle cr\u00e9e \u00e9galement les costumes de Aboli Bibelot... Rebondi !, 5\u201924, Eaux-Fortes, Rainbow, La poterie punaise, Cocagne et Attractions.<br \/>Elle est \u00e9galement brodeuse, habitante de la for\u00eat, apprentie en potager, murs en pierre s\u00e8che, fendage de b\u00fbche et s'adonne \u00e0 l'\u00e9criture et au dessin.<\/p>\",\r\n      \"align\": \"top\",\r\n      \"row\": 4,\r\n      \"col\": 0,\r\n      \"colspan\": 9,\r\n      \"offsetx\": 0,\r\n      \"offsety\": 0,\r\n      \"spaceabove\": 0,\r\n      \"spacebelow\": 0,\r\n      \"yvel\": 1,\r\n      \"push\": 0,\r\n      \"relid\": 5,\r\n      \"frameOverflow\": \"\"\r\n    }\r\n  ]\r\n}","phonegrid":"{\r\n  \"colCount\": 12,\r\n  \"colGutter\": 1,\r\n  \"rowGutters\": [\r\n    5,\r\n    5,\r\n    5,\r\n    5\r\n  ],\r\n  \"frameMargin\": 5,\r\n  \"leftFrameMargin\": 5,\r\n  \"rightFrameMargin\": 5,\r\n  \"topFrameMargin\": 15,\r\n  \"bottomFrameMargin\": 5,\r\n  \"rowAttrs\": [\r\n    {},\r\n    {},\r\n    {},\r\n    {},\r\n    {}\r\n  ],\r\n  \"bgColor\": null,\r\n  \"bgImage\": null,\r\n  \"cont\": [\r\n    {\r\n      \"type\": \"text\",\r\n      \"cont\": \"<h1 class=\\\"_menu_home\\\"><a href=\\\"http:\/\/pavillon-s.com\/wei-artistes-projets-2024\/\\\" data-type=\\\"page\\\" data-id=\\\"859\\\" data-title=\\\"Wei artistes projets 2024\\\">Wei! \/ artistes projets<\/a><\/h1>\",\r\n      \"align\": \"top\",\r\n      \"row\": 0,\r\n      \"col\": 0,\r\n      \"colspan\": 12,\r\n      \"offsetx\": 0,\r\n      \"offsety\": 0,\r\n      \"spaceabove\": 0,\r\n      \"spacebelow\": 0,\r\n      \"yvel\": 1,\r\n      \"push\": 0,\r\n      \"relid\": 9,\r\n      \"frameOverflow\": \"\"\r\n    },\r\n    {\r\n      \"type\": \"text\",\r\n      \"cont\": \"<h1 class=\\\"_Titre_spectacle\\\"><span>Maeva Cunci et J\u00e9r\u00e9mie Angouillant<br \/><\/span><\/h1>\",\r\n      \"align\": \"top\",\r\n      \"row\": 1,\r\n      \"col\": 0,\r\n      \"colspan\": 12,\r\n      \"offsetx\": 0,\r\n      \"offsety\": 0,\r\n      \"spaceabove\": 0,\r\n      \"spacebelow\": 0,\r\n      \"yvel\": 1,\r\n      \"push\": 0,\r\n      \"relid\": 4,\r\n      \"frameOverflow\": \"\"\r\n    },\r\n    {\r\n      \"type\": \"carousel\",\r\n      \"cont\": \"\",\r\n      \"align\": \"top\",\r\n      \"row\": 2,\r\n      \"col\": 0,\r\n      \"colspan\": 6,\r\n      \"offsetx\": 0,\r\n      \"offsety\": 0,\r\n      \"spaceabove\": 0,\r\n      \"spacebelow\": 0,\r\n      \"yvel\": 1,\r\n      \"push\": 0,\r\n      \"relid\": 1214,\r\n      \"carousel_options\": {\r\n        \"random\": false,\r\n        \"autoplay\": true,\r\n        \"showMultipleSlides\": false,\r\n        \"freeScroll\": false,\r\n        \"mousewheelScroll\": false,\r\n        \"size\": \"aspectRatioOfFirstElement\",\r\n        \"slidesWidth\": \"null\",\r\n        \"transition\": \"sliding\",\r\n        \"loop\": \"1\",\r\n        \"spaceBetween\": 0,\r\n        \"captionsUnderSlides\": false,\r\n        \"disableClick\": false\r\n      },\r\n      \"carousel\": [\r\n        {\r\n          \"type\": \"img\",\r\n          \"attid\": 1084,\r\n          \"cont\": \"\/wp-content\/uploads\/2024\/07\/filer-sous-la-tente-\u00a9EmmanuelleVo-Dinh_IMG_6843.jpg\",\r\n          \"sizes\": {\r\n            \"full\": \"\/wp-content\/uploads\/2024\/07\/filer-sous-la-tente-\u00a9EmmanuelleVo-Dinh_IMG_6843.jpg\",\r\n            \"_1024\": \"\/wp-content\/uploads\/2024\/07\/filer-sous-la-tente-\u00a9EmmanuelleVo-Dinh_IMG_6843-1024x1365.jpg\",\r\n            \"_768\": \"\/wp-content\/uploads\/2024\/07\/filer-sous-la-tente-\u00a9EmmanuelleVo-Dinh_IMG_6843-768x1024.jpg\",\r\n            \"_512\": \"\/wp-content\/uploads\/2024\/07\/filer-sous-la-tente-\u00a9EmmanuelleVo-Dinh_IMG_6843-512x683.jpg\",\r\n            \"_265\": \"\/wp-content\/uploads\/2024\/07\/filer-sous-la-tente-\u00a9EmmanuelleVo-Dinh_IMG_6843-265x353.jpg\"\r\n          },\r\n          \"w\": 1134,\r\n          \"h\": 1512,\r\n          \"ar\": 1.3333333333333333,\r\n          \"alt\": \"\",\r\n          \"caption\": \"<p class=\\\"_texte_page\\\">\u00a9 Emmanuelle Vo-Dinh<\/p>\"\r\n        },\r\n        {\r\n          \"type\": \"img\",\r\n          \"attid\": 1085,\r\n          \"cont\": \"\/wp-content\/uploads\/2024\/07\/Filer-sous-la-tente-dim.-22-17-\u00a9LisaSahores.jpg\",\r\n          \"sizes\": {\r\n            \"full\": \"\/wp-content\/uploads\/2024\/07\/Filer-sous-la-tente-dim.-22-17-\u00a9LisaSahores.jpg\",\r\n            \"_1280\": \"\/wp-content\/uploads\/2024\/07\/Filer-sous-la-tente-dim.-22-17-\u00a9LisaSahores-1280x2279.jpg\",\r\n            \"_1024\": \"\/wp-content\/uploads\/2024\/07\/Filer-sous-la-tente-dim.-22-17-\u00a9LisaSahores-1024x1823.jpg\",\r\n            \"_768\": \"\/wp-content\/uploads\/2024\/07\/Filer-sous-la-tente-dim.-22-17-\u00a9LisaSahores-768x1367.jpg\",\r\n            \"_512\": \"\/wp-content\/uploads\/2024\/07\/Filer-sous-la-tente-dim.-22-17-\u00a9LisaSahores-512x912.jpg\",\r\n            \"_265\": \"\/wp-content\/uploads\/2024\/07\/Filer-sous-la-tente-dim.-22-17-\u00a9LisaSahores-265x472.jpg\"\r\n          },\r\n          \"w\": 1417,\r\n          \"h\": 2523,\r\n          \"ar\": 1.7805222300635144,\r\n          \"alt\": \"\",\r\n          \"caption\": \"<p class=\\\"_texte_page\\\">\u00a9 Lisa Sahores<\/p>\"\r\n        }\r\n      ]\r\n    },\r\n    {\r\n      \"type\": \"text\",\r\n      \"cont\": \"<p class=\\\"_texte_page\\\"><span style=\\\"color: #1500f6;\\\"><strong>Filer sous la tente<\/strong><br \/><\/span><\/p><p class=\\\"_texte_page\\\">On se retrouve sous la tente comme pour un bivouac... <br \/>On en profite pour se rencontrer, en continuant \u00e0 fabriquer ensemble cette tente-patchwork... toutes les activit\u00e9s manuelles n\u00e9cessaires \u00e0 la fabrication et \u00e0 l'augmentation de la tente, nouer, tresser, coudre crocheter, mateloter... mais aussi celle de la lecture, de la discussion, de l'\u00e9change.<\/p><p class=\\\"_texte_page\\\"><strong>Samedi 21 septembre de 14h \u00e0 17h, esplanade du moulin<br \/>Dimanche 22 septembre \u00e0 14h30-17h, esplanade du moulin<br \/><\/strong><\/p>\",\r\n      \"align\": \"top\",\r\n      \"row\": 3,\r\n      \"col\": 0,\r\n      \"colspan\": 12,\r\n      \"offsetx\": 0,\r\n      \"offsety\": 0,\r\n      \"spaceabove\": 0,\r\n      \"spacebelow\": 0,\r\n      \"yvel\": 1,\r\n      \"push\": 0,\r\n      \"relid\": 6,\r\n      \"frameOverflow\": \"\"\r\n    },\r\n    {\r\n      \"type\": \"text\",\r\n      \"cont\": \"<p class=\\\"_texte_page\\\">Apr\u00e8s une formation en danse contemporaine \u00e0 Lyon, puis \u00e0 Montpellier au sein de la formation ex.er.c.e. de Mathilde Monnier en 2000, <span style=\\\"color: #1500f6;\\\">Maeva Cunci<\/span> collabore avec de nombreux chor\u00e9graphes (David Wampach, Julie Desprairies,Thibaud Le Maguer, Myl\u00e8ne Benoit, Manon Santkin, Marion Carriau, Camille Cau). En parall\u00e8le, elle participe au Clubdes5 (2001-2008), un collectif d\u2019interpr\u00e8tes, avec Typhaine Heissat, Maud Le Pladec, Micka\u00ebl Phelippeau et Virginie Thomas, dans lequel seront cr\u00e9\u00e9es de nombreuses performances collectives, et o\u00f9 elle signe \u00e9galement des cr\u00e9ations chor\u00e9graphiques personnelles. Elle collabore activement avec Dominique Gilliot dans le champ de la performance et de l\u2019art contemporain, cr\u00e9ant ensemble une pi\u00e8ce de th\u00e9\u00e2tre La Repr\u00e9sentation de trop. Elle fait partie des Vraoums avec Pauline Curnier-Jardin, Aude Lachaise et Virginie Thomas, un projet performatif et musical et assiste r\u00e9guli\u00e8rement Micka\u00ebl Phelippeau sur plusieurs projets chor\u00e9graphiques. Avec Emmanuelle Vo-Dinh, elle participe \u00e0 la cr\u00e9ation de D\u00e9compositions, White Light, Fractale, Ad astra, Sprint, Tombouctou d\u00e9j\u00e0-vu, Cocagne, Attractions, Cosmo-bal et aux reprises de Crois\u00e9es et Aboli Bibelot... Rebondi ! Elle cr\u00e9e \u00e9galement les costumes de Aboli Bibelot... Rebondi !, 5\u201924, Eaux-Fortes, Rainbow, La poterie punaise, Cocagne et Attractions.<br \/>Elle est \u00e9galement brodeuse, habitante de la for\u00eat, apprentie en potager, murs en pierre s\u00e8che, fendage de b\u00fbche et s'adonne \u00e0 l'\u00e9criture et au dessin.<\/p>\",\r\n      \"align\": \"top\",\r\n      \"row\": 4,\r\n      \"col\": 0,\r\n      \"colspan\": 12,\r\n      \"offsetx\": 0,\r\n      \"offsety\": 0,\r\n      \"spaceabove\": 0,\r\n      \"spacebelow\": 0,\r\n      \"yvel\": 1,\r\n      \"push\": 0,\r\n      \"relid\": 5,\r\n      \"frameOverflow\": \"right\"\r\n    }\r\n  ]\r\n}","_links":{"self":[{"href":"http:\/\/pavillon-s.com\/en\/wp-json\/wp\/v2\/posts\/888","targetHints":{"allow":["GET"]}}],"collection":[{"href":"http:\/\/pavillon-s.com\/en\/wp-json\/wp\/v2\/posts"}],"about":[{"href":"http:\/\/pavillon-s.com\/en\/wp-json\/wp\/v2\/types\/post"}],"author":[{"embeddable":true,"href":"http:\/\/pavillon-s.com\/en\/wp-json\/wp\/v2\/users\/1"}],"replies":[{"embeddable":true,"href":"http:\/\/pavillon-s.com\/en\/wp-json\/wp\/v2\/comments?post=888"}],"version-history":[{"count":0,"href":"http:\/\/pavillon-s.com\/en\/wp-json\/wp\/v2\/posts\/888\/revisions"}],"wp:featuredmedia":[{"embeddable":true,"href":"http:\/\/pavillon-s.com\/en\/wp-json\/wp\/v2\/media\/890"}],"wp:attachment":[{"href":"http:\/\/pavillon-s.com\/en\/wp-json\/wp\/v2\/media?parent=888"}],"wp:term":[{"taxonomy":"category","embeddable":true,"href":"http:\/\/pavillon-s.com\/en\/wp-json\/wp\/v2\/categories?post=888"},{"taxonomy":"post_tag","embeddable":true,"href":"http:\/\/pavillon-s.com\/en\/wp-json\/wp\/v2\/tags?post=888"}],"curies":[{"name":"wp","href":"https:\/\/api.w.org\/{rel}","templated":true}]}}