{"id":886,"date":"2024-07-22T13:29:19","date_gmt":"2022-08-22T06:59:41","guid":{"rendered":"http:\/\/pavillon-s.com\/motifs-matiere-2\/"},"modified":"2024-11-05T15:44:18","modified_gmt":"2024-11-05T14:44:18","slug":"not-i","status":"publish","type":"post","link":"http:\/\/pavillon-s.com\/en\/not-i\/","title":{"rendered":"Wei 2024 Not I Camille Mutel"},"content":{"rendered":"","protected":false},"excerpt":{"rendered":"","protected":false},"author":1,"featured_media":738,"comment_status":"closed","ping_status":"closed","sticky":false,"template":"","format":"standard","meta":[],"categories":[6],"tags":[],"class_list":["post-886","post","type-post","status-publish","has-post-thumbnail","hentry","category-wei-artistes-projects"],"grid":"{\r\n  \"colCount\": 12,\r\n  \"colGutter\": 1,\r\n  \"rowGutters\": [\r\n    2.5,\r\n    2,\r\n    2,\r\n    2\r\n  ],\r\n  \"frameMargin\": 5,\r\n  \"leftFrameMargin\": 2.5,\r\n  \"rightFrameMargin\": 5,\r\n  \"topFrameMargin\": 180,\r\n  \"bottomFrameMargin\": 5,\r\n  \"rowAttrs\": [\r\n    {},\r\n    {},\r\n    {},\r\n    {},\r\n    {}\r\n  ],\r\n  \"bgColor\": null,\r\n  \"bgImage\": null,\r\n  \"cont\": [\r\n    {\r\n      \"type\": \"text\",\r\n      \"cont\": \"<h1 class=\\\"_menu_home\\\"><a href=\\\"http:\/\/pavillon-s.com\/wei-artistes-projets-2024\/\\\" data-type=\\\"page\\\" data-id=\\\"859\\\" data-title=\\\"Wei artistes projets 2024\\\">Wei! \/ artistes projets<\/a><\/h1>\",\r\n      \"align\": \"top\",\r\n      \"row\": 0,\r\n      \"col\": 0,\r\n      \"colspan\": 8,\r\n      \"offsetx\": 0,\r\n      \"offsety\": 0,\r\n      \"spaceabove\": 0,\r\n      \"spacebelow\": 0,\r\n      \"yvel\": 1,\r\n      \"push\": 0,\r\n      \"relid\": 9\r\n    },\r\n    {\r\n      \"type\": \"text\",\r\n      \"cont\": \"<h1 class=\\\"_Titre_spectacle\\\"><span>Compagnie Li(luo) \/ Camille Mutel<br \/><\/span><\/h1>\",\r\n      \"align\": \"top\",\r\n      \"row\": 1,\r\n      \"col\": 0,\r\n      \"colspan\": 7,\r\n      \"offsetx\": 0,\r\n      \"offsety\": 0,\r\n      \"spaceabove\": 0,\r\n      \"spacebelow\": 0,\r\n      \"yvel\": 1,\r\n      \"push\": 0,\r\n      \"relid\": 4\r\n    },\r\n    {\r\n      \"type\": \"carousel\",\r\n      \"cont\": \"\",\r\n      \"align\": \"top\",\r\n      \"row\": 2,\r\n      \"col\": 0,\r\n      \"colspan\": 6,\r\n      \"offsetx\": 0,\r\n      \"offsety\": 0,\r\n      \"spaceabove\": 0,\r\n      \"spacebelow\": 0,\r\n      \"yvel\": 1,\r\n      \"push\": 0,\r\n      \"relid\": 1214,\r\n      \"carousel_options\": {\r\n        \"random\": false,\r\n        \"autoplay\": true,\r\n        \"showMultipleSlides\": false,\r\n        \"freeScroll\": false,\r\n        \"mousewheelScroll\": false,\r\n        \"size\": \"aspectRatioOfFirstElement\",\r\n        \"slidesWidth\": \"null\",\r\n        \"transition\": \"sliding\",\r\n        \"loop\": \"1\",\r\n        \"spaceBetween\": 0,\r\n        \"captionsUnderSlides\": false,\r\n        \"disableClick\": false\r\n      },\r\n      \"carousel\": [\r\n        {\r\n          \"type\": \"img\",\r\n          \"attid\": 1088,\r\n          \"cont\": \"\/wp-content\/uploads\/2024\/07\/Not-i-\u00a9EmmanuelleVo-Dinh_IMG_6752.jpg\",\r\n          \"sizes\": {\r\n            \"full\": \"\/wp-content\/uploads\/2024\/07\/Not-i-\u00a9EmmanuelleVo-Dinh_IMG_6752.jpg\",\r\n            \"_1280\": \"\/wp-content\/uploads\/2024\/07\/Not-i-\u00a9EmmanuelleVo-Dinh_IMG_6752-1280x960.jpg\",\r\n            \"_1024\": \"\/wp-content\/uploads\/2024\/07\/Not-i-\u00a9EmmanuelleVo-Dinh_IMG_6752-1024x768.jpg\",\r\n            \"_768\": \"\/wp-content\/uploads\/2024\/07\/Not-i-\u00a9EmmanuelleVo-Dinh_IMG_6752-768x576.jpg\",\r\n            \"_512\": \"\/wp-content\/uploads\/2024\/07\/Not-i-\u00a9EmmanuelleVo-Dinh_IMG_6752-512x384.jpg\",\r\n            \"_265\": \"\/wp-content\/uploads\/2024\/07\/Not-i-\u00a9EmmanuelleVo-Dinh_IMG_6752-265x199.jpg\"\r\n          },\r\n          \"w\": 1417,\r\n          \"h\": 1063,\r\n          \"ar\": 0.7501764290755116,\r\n          \"alt\": \"\",\r\n          \"caption\": \"<p class=\\\"_texte_page\\\">\u00a9 Emmanuelle Vo-Dinh<\/p>\"\r\n        },\r\n        {\r\n          \"type\": \"img\",\r\n          \"attid\": 1089,\r\n          \"cont\": \"\/wp-content\/uploads\/2024\/07\/Not-I-dim.-22-42-\u00a9LisaSahores.jpg\",\r\n          \"sizes\": {\r\n            \"full\": \"\/wp-content\/uploads\/2024\/07\/Not-I-dim.-22-42-\u00a9LisaSahores.jpg\",\r\n            \"_1920\": \"\/wp-content\/uploads\/2024\/07\/Not-I-dim.-22-42-\u00a9LisaSahores-1920x1079.jpg\",\r\n            \"_1280\": \"\/wp-content\/uploads\/2024\/07\/Not-I-dim.-22-42-\u00a9LisaSahores-1280x719.jpg\",\r\n            \"_1024\": \"\/wp-content\/uploads\/2024\/07\/Not-I-dim.-22-42-\u00a9LisaSahores-1024x575.jpg\",\r\n            \"_768\": \"\/wp-content\/uploads\/2024\/07\/Not-I-dim.-22-42-\u00a9LisaSahores-768x431.jpg\",\r\n            \"_512\": \"\/wp-content\/uploads\/2024\/07\/Not-I-dim.-22-42-\u00a9LisaSahores-512x288.jpg\",\r\n            \"_265\": \"\/wp-content\/uploads\/2024\/07\/Not-I-dim.-22-42-\u00a9LisaSahores-265x149.jpg\"\r\n          },\r\n          \"w\": 2551,\r\n          \"h\": 1433,\r\n          \"ar\": 0.5617404939239514,\r\n          \"alt\": \"\",\r\n          \"caption\": \"<p class=\\\"_texte_page\\\">\u00a9 Lisa Sahores<\/p>\"\r\n        }\r\n      ],\r\n      \"frameOverflow\": \"\"\r\n    },\r\n    {\r\n      \"type\": \"text\",\r\n      \"cont\": \"<p class=\\\"_texte_page\\\"><span style=\\\"color: #1500f6;\\\"><strong>Not I<\/strong><br \/><\/span><\/p><p class=\\\"_texte_page\\\">Avec ce 1er volet d\u2019une quadrilogie intitul\u00e9e La Place de l\u2019autre, Camille Mutel s\u2019inspire de la c\u00e9r\u00e9monie du th\u00e9 pour convier les spectateurs \u00e0 un rite de partage. \u00c0 la fois geisha et samoura\u00ef, elle cis\u00e8le ses postures et joue de diff\u00e9rents objets, for\u00e7ant l\u2019attention au moindre d\u00e9tail, pour recomposer une nature morte, en \u00e9quilibre entre le monde r\u00e9el du repas partag\u00e9, et le monde symbolique, plus proche d\u2019un possible rituel.<br \/><span>Retrouvez plus d'informations sur <\/span><span><em>Not I<\/em><\/span><span>\u00a0<\/span><span style=\\\"color: #0000ff;\\\"><a style=\\\"color: #0000ff;\\\" href=\\\"https:\/\/www.compagnie-li-luo.fr\/noti\\\"><span style=\\\"color: #1500f6;\\\">ici<\/span><\/a><\/span><\/p><p class=\\\"_texte_page\\\"><strong>Samedi 21 septembre \u00e0 15h, jardin du moulin<br \/>Dimanche 22 septembre \u00e0 12h, jardin du moulin<\/strong><\/p><p class=\\\"_texte_page\\\"><span style=\\\"color: #1500f6;\\\">conception, chor\u00e9graphie, danse<\/span> Camille Mutel<br \/><span style=\\\"color: #1500f6;\\\">dramaturgie <\/span>Thomas Schaupp<br \/><span style=\\\"color: #1500f6;\\\">design et costumes<\/span> KASPERSOPHIE<br \/><span style=\\\"color: #1500f6;\\\">travail sonore<\/span> Jean-Philippe Gross\u00a0<br \/><span style=\\\"color: #1500f6;\\\">r\u00e9gie\u00a0g\u00e9n\u00e9rale<\/span> Gildas Goujet<br \/><span style=\\\"color: #1500f6;\\\">r\u00e9gie plateau<\/span>\u00a0Jean Bouther<br \/><span style=\\\"color: #1500f6;\\\">r\u00e9gie son<\/span>\u00a0Julien Rabin\u00a0<br \/><span style=\\\"color: #1500f6;\\\">production<\/span> Compagnie Li(luo)<br \/><span style=\\\"color: #0000ff;\\\"><span style=\\\"color: #1500f6;\\\">r\u00e9sidences de recherche<\/span>\u00a0<\/span>Projet incubateur de la Fondation Royaumont (2018) - Villa Kujoyama\u00a0 <br \/><span style=\\\"color: #1500f6;\\\">accueil studio<\/span> CCN de Nancy \u2014 Ballet de Lorraine d\u00e9localis\u00e9 au Th\u00e9\u00e2tre le March\u00e9 aux grains, Bouxwiller<br \/><span style=\\\"color: #1500f6;\\\">co-productions<\/span>\u00a0CCAM, Sc\u00e8ne nationale de Vand\u0153uvre-l\u00e8s-Nancy - KLAP maison pour la danse, Marseille - micadanses, Paris<br \/><span style=\\\"color: #1500f6;\\\">pr\u00eat de studio<\/span> LA ZOUZE, Cie Christophe Haleb, Marseille - Grand Studio, Bruxelles - TROIS C-L, Centre de <span style=\\\"color: #000000;\\\">Cr\u00e9ation<\/span> Chor\u00e9graphique Luxembourgeois<br \/>Pour cette pi\u00e8ce, Camille Mutel a b\u00e9n\u00e9fici\u00e9 d\u2019une r\u00e9sidence \u00e0 la Villa Kujoyama en 2019 et de l\u2019aide \u00e0 l\u2019\u00e9criture de la Fondation Beaumarchais, SACD. La compagnie b\u00e9n\u00e9ficie de l\u2019aide au conventionnement 2024\/2027 de la R\u00e9gion Grand Est et de la DRAC Grand Est 2022\/2024.<\/p>\",\r\n      \"align\": \"top\",\r\n      \"row\": 3,\r\n      \"col\": 0,\r\n      \"colspan\": 8,\r\n      \"offsetx\": 0,\r\n      \"offsety\": 0,\r\n      \"spaceabove\": 0,\r\n      \"spacebelow\": 0,\r\n      \"yvel\": 1,\r\n      \"push\": 0,\r\n      \"relid\": 6\r\n    },\r\n    {\r\n      \"type\": \"text\",\r\n      \"cont\": \"<p class=\\\"_texte_page\\\"><span style=\\\"color: #1500f6;\\\">Camille Mutel<\/span><span> est chor\u00e9graphe et danseuse. Sa compagnie Li(luo) est bas\u00e9e \u00e0 Nancy. Camille s'int\u00e9resse \u00e0 la relation et questionne ce qui fait lien, en d\u00e9veloppant au fil de ses chor\u00e9graphies un langage singulier bas\u00e9 sur une gestuelle pr\u00e9cise avec une attention particuli\u00e8re pour l'exp\u00e9rience du public. En 2020, elle met en place une quadrilogie qu'elle intitule <em>La Place de l\u2019Autre<\/em>. Inspir\u00e9e par la c\u00e9r\u00e9monie du th\u00e9 japonaise ( elle est laur\u00e9ate en 2019 de la Villa Kujoyama - r\u00e9sidence de recherche \u00e0 Kyoto ), elle imagine avec ses collaborateurs, un espace invitant pour le public. Le spectateur est au c\u0153ur de la performance. Il n'est d\u00e9sormais plus question de faire surgir un langage. Il s'agit de prendre appui sur le geste quotidien et de le ritualiser. Le premier volet s'intitule <em>Not I<\/em> et s'articule autour de la notion du don. Le spectateur est convi\u00e9 \u00e0 la lente \u00e9laboration d'un repas dispos\u00e9 progressivement sur sc\u00e8ne comme une nature morte. Les gestes du quotidien sont d\u00e9cal\u00e9s, d\u00e9compos\u00e9s ; les mouvements, lents. Le corps se fond dans ce plateau qui bient\u00f4t devient une composition plastique, une nature morte d\u2019aujourd\u2019hui \u2013 il laisse place \u00e0 ce qui depuis le d\u00e9but \u00e9tait au centre de l\u2019int\u00e9r\u00eat et de l\u2019attention : l\u2019objet, l\u2019autre. \u00a0Camille Mutel aime aller \u00e0 la rencontre des habitants d\u2019un territoire pour en d\u00e9couvrir leurs rituels, leur lien au vivant.<\/span><br \/><span style=\\\"color: #0000ff;\\\"><a style=\\\"color: #0000ff;\\\" href=\\\"https:\/\/www.compagnie-li-luo.fr\/\\\"><span style=\\\"color: #1500f6;\\\">https:\/\/www.compagnie-li-luo.fr<\/span><\/a><\/span><\/p>\",\r\n      \"align\": \"top\",\r\n      \"row\": 4,\r\n      \"col\": 0,\r\n      \"colspan\": 9,\r\n      \"offsetx\": 0,\r\n      \"offsety\": 0,\r\n      \"spaceabove\": 0,\r\n      \"spacebelow\": 0,\r\n      \"yvel\": 1,\r\n      \"push\": 0,\r\n      \"relid\": 949,\r\n      \"frameOverflow\": \"\"\r\n    }\r\n  ]\r\n}","phonegrid":"{\r\n  \"colCount\": 12,\r\n  \"colGutter\": 1,\r\n  \"rowGutters\": [\r\n    5,\r\n    5,\r\n    5,\r\n    5\r\n  ],\r\n  \"frameMargin\": 5,\r\n  \"leftFrameMargin\": 5,\r\n  \"rightFrameMargin\": 5,\r\n  \"topFrameMargin\": 15,\r\n  \"bottomFrameMargin\": 5,\r\n  \"rowAttrs\": [\r\n    {},\r\n    {},\r\n    {},\r\n    {},\r\n    {}\r\n  ],\r\n  \"bgColor\": null,\r\n  \"bgImage\": null,\r\n  \"cont\": [\r\n    {\r\n      \"type\": \"text\",\r\n      \"cont\": \"<h1 class=\\\"_menu_home\\\"><a href=\\\"http:\/\/pavillon-s.com\/wei-artistes-projets-2024\/\\\" data-type=\\\"page\\\" data-id=\\\"859\\\" data-title=\\\"Wei artistes projets 2024\\\">Wei! \/ artistes projets<\/a><\/h1>\",\r\n      \"align\": \"top\",\r\n      \"row\": 0,\r\n      \"col\": 0,\r\n      \"colspan\": 12,\r\n      \"offsetx\": 0,\r\n      \"offsety\": 0,\r\n      \"spaceabove\": 0,\r\n      \"spacebelow\": 0,\r\n      \"yvel\": 1,\r\n      \"push\": 0,\r\n      \"relid\": 9,\r\n      \"frameOverflow\": \"\"\r\n    },\r\n    {\r\n      \"type\": \"text\",\r\n      \"cont\": \"<h1 class=\\\"_Titre_spectacle\\\"><span>Compagnie Li(luo) \/ Camille Mutel<br \/><\/span><\/h1>\",\r\n      \"align\": \"top\",\r\n      \"row\": 1,\r\n      \"col\": 0,\r\n      \"colspan\": 12,\r\n      \"offsetx\": 0,\r\n      \"offsety\": 0,\r\n      \"spaceabove\": 0,\r\n      \"spacebelow\": 0,\r\n      \"yvel\": 1,\r\n      \"push\": 0,\r\n      \"relid\": 4,\r\n      \"frameOverflow\": \"\"\r\n    },\r\n    {\r\n      \"type\": \"carousel\",\r\n      \"cont\": \"\",\r\n      \"align\": \"top\",\r\n      \"row\": 2,\r\n      \"col\": 0,\r\n      \"colspan\": 6,\r\n      \"offsetx\": 0,\r\n      \"offsety\": 0,\r\n      \"spaceabove\": 0,\r\n      \"spacebelow\": 0,\r\n      \"yvel\": 1,\r\n      \"push\": 0,\r\n      \"relid\": 1214,\r\n      \"carousel_options\": {\r\n        \"random\": false,\r\n        \"autoplay\": true,\r\n        \"showMultipleSlides\": false,\r\n        \"freeScroll\": false,\r\n        \"mousewheelScroll\": false,\r\n        \"size\": \"aspectRatioOfFirstElement\",\r\n        \"slidesWidth\": \"null\",\r\n        \"transition\": \"sliding\",\r\n        \"loop\": \"1\",\r\n        \"spaceBetween\": 0,\r\n        \"captionsUnderSlides\": false,\r\n        \"disableClick\": false\r\n      },\r\n      \"carousel\": [\r\n        {\r\n          \"type\": \"img\",\r\n          \"attid\": 1088,\r\n          \"cont\": \"\/wp-content\/uploads\/2024\/07\/Not-i-\u00a9EmmanuelleVo-Dinh_IMG_6752.jpg\",\r\n          \"sizes\": {\r\n            \"full\": \"\/wp-content\/uploads\/2024\/07\/Not-i-\u00a9EmmanuelleVo-Dinh_IMG_6752.jpg\",\r\n            \"_1280\": \"\/wp-content\/uploads\/2024\/07\/Not-i-\u00a9EmmanuelleVo-Dinh_IMG_6752-1280x960.jpg\",\r\n            \"_1024\": \"\/wp-content\/uploads\/2024\/07\/Not-i-\u00a9EmmanuelleVo-Dinh_IMG_6752-1024x768.jpg\",\r\n            \"_768\": \"\/wp-content\/uploads\/2024\/07\/Not-i-\u00a9EmmanuelleVo-Dinh_IMG_6752-768x576.jpg\",\r\n            \"_512\": \"\/wp-content\/uploads\/2024\/07\/Not-i-\u00a9EmmanuelleVo-Dinh_IMG_6752-512x384.jpg\",\r\n            \"_265\": \"\/wp-content\/uploads\/2024\/07\/Not-i-\u00a9EmmanuelleVo-Dinh_IMG_6752-265x199.jpg\"\r\n          },\r\n          \"w\": 1417,\r\n          \"h\": 1063,\r\n          \"ar\": 0.7501764290755116,\r\n          \"alt\": \"\",\r\n          \"caption\": \"<p class=\\\"_texte_page\\\">\u00a9 Emmanuelle Vo-Dinh<\/p>\"\r\n        },\r\n        {\r\n          \"type\": \"img\",\r\n          \"attid\": 1089,\r\n          \"cont\": \"\/wp-content\/uploads\/2024\/07\/Not-I-dim.-22-42-\u00a9LisaSahores.jpg\",\r\n          \"sizes\": {\r\n            \"full\": \"\/wp-content\/uploads\/2024\/07\/Not-I-dim.-22-42-\u00a9LisaSahores.jpg\",\r\n            \"_1920\": \"\/wp-content\/uploads\/2024\/07\/Not-I-dim.-22-42-\u00a9LisaSahores-1920x1079.jpg\",\r\n            \"_1280\": \"\/wp-content\/uploads\/2024\/07\/Not-I-dim.-22-42-\u00a9LisaSahores-1280x719.jpg\",\r\n            \"_1024\": \"\/wp-content\/uploads\/2024\/07\/Not-I-dim.-22-42-\u00a9LisaSahores-1024x575.jpg\",\r\n            \"_768\": \"\/wp-content\/uploads\/2024\/07\/Not-I-dim.-22-42-\u00a9LisaSahores-768x431.jpg\",\r\n            \"_512\": \"\/wp-content\/uploads\/2024\/07\/Not-I-dim.-22-42-\u00a9LisaSahores-512x288.jpg\",\r\n            \"_265\": \"\/wp-content\/uploads\/2024\/07\/Not-I-dim.-22-42-\u00a9LisaSahores-265x149.jpg\"\r\n          },\r\n          \"w\": 2551,\r\n          \"h\": 1433,\r\n          \"ar\": 0.5617404939239514,\r\n          \"alt\": \"\",\r\n          \"caption\": \"<p class=\\\"_texte_page\\\">\u00a9 Lisa Sahores<\/p>\"\r\n        }\r\n      ],\r\n      \"frameOverflow\": \"\"\r\n    },\r\n    {\r\n      \"type\": \"text\",\r\n      \"cont\": \"<p class=\\\"_texte_page\\\"><span style=\\\"color: #1500f6;\\\"><strong>Not I<\/strong><br \/><\/span><\/p><p class=\\\"_texte_page\\\">Avec ce 1er volet d\u2019une quadrilogie intitul\u00e9e La Place de l\u2019autre, Camille Mutel s\u2019inspire de la c\u00e9r\u00e9monie du th\u00e9 pour convier les spectateurs \u00e0 un rite de partage. \u00c0 la fois geisha et samoura\u00ef, elle cis\u00e8le ses postures et joue de diff\u00e9rents objets, for\u00e7ant l\u2019attention au moindre d\u00e9tail, pour recomposer une nature morte, en \u00e9quilibre entre le monde r\u00e9el du repas partag\u00e9, et le monde symbolique, plus proche d\u2019un possible rituel.<br \/><span>Retrouvez plus d'informations sur <\/span><span><em>Not I<\/em><\/span><span>\u00a0<\/span><span style=\\\"color: #0000ff;\\\"><a style=\\\"color: #0000ff;\\\" href=\\\"https:\/\/www.compagnie-li-luo.fr\/noti\\\"><span style=\\\"color: #1500f6;\\\">ici<\/span><\/a><\/span><\/p><p class=\\\"_texte_page\\\"><strong>Samedi 21 septembre \u00e0 15h, jardin du moulin<br \/>Dimanche 22 septembre \u00e0 12h, jardin du moulin<\/strong><\/p><p class=\\\"_texte_page\\\"><span style=\\\"color: #1500f6;\\\">conception, chor\u00e9graphie, danse<\/span> Camille Mutel<br \/><span style=\\\"color: #1500f6;\\\">dramaturgie <\/span>Thomas Schaupp<br \/><span style=\\\"color: #1500f6;\\\">design et costumes<\/span> KASPERSOPHIE<br \/><span style=\\\"color: #1500f6;\\\">travail sonore<\/span> Jean-Philippe Gross\u00a0<br \/><span style=\\\"color: #1500f6;\\\">r\u00e9gie\u00a0g\u00e9n\u00e9rale<\/span> Gildas Goujet<br \/><span style=\\\"color: #1500f6;\\\">r\u00e9gie plateau<\/span>\u00a0Jean Bouther<br \/><span style=\\\"color: #1500f6;\\\">r\u00e9gie son<\/span>\u00a0Julien Rabin\u00a0<br \/><span style=\\\"color: #1500f6;\\\">production<\/span> Compagnie Li(luo)<br \/><span style=\\\"color: #0000ff;\\\"><span style=\\\"color: #1500f6;\\\">r\u00e9sidences de recherche<\/span>\u00a0<\/span>Projet incubateur de la Fondation Royaumont (2018) - Villa Kujoyama\u00a0 <br \/><span style=\\\"color: #1500f6;\\\">accueil studio<\/span> CCN de Nancy \u2014 Ballet de Lorraine d\u00e9localis\u00e9 au Th\u00e9\u00e2tre le March\u00e9 aux grains, Bouxwiller<br \/><span style=\\\"color: #1500f6;\\\">co-productions<\/span>\u00a0CCAM, Sc\u00e8ne nationale de Vand\u0153uvre-l\u00e8s-Nancy - KLAP maison pour la danse, Marseille - micadanses, Paris<br \/><span style=\\\"color: #1500f6;\\\">pr\u00eat de studio<\/span> LA ZOUZE, Cie Christophe Haleb, Marseille - Grand Studio, Bruxelles - TROIS C-L, Centre de <span style=\\\"color: #000000;\\\">Cr\u00e9ation<\/span> Chor\u00e9graphique Luxembourgeois<br \/>Pour cette pi\u00e8ce, Camille Mutel a b\u00e9n\u00e9fici\u00e9 d\u2019une r\u00e9sidence \u00e0 la Villa Kujoyama en 2019 et de l\u2019aide \u00e0 l\u2019\u00e9criture de la Fondation Beaumarchais, SACD. La compagnie b\u00e9n\u00e9ficie de l\u2019aide au conventionnement 2024\/2027 de la R\u00e9gion Grand Est et de la DRAC Grand Est 2022\/2024.<\/p>\",\r\n      \"align\": \"top\",\r\n      \"row\": 3,\r\n      \"col\": 0,\r\n      \"colspan\": 12,\r\n      \"offsetx\": 0,\r\n      \"offsety\": 0,\r\n      \"spaceabove\": 0,\r\n      \"spacebelow\": 0,\r\n      \"yvel\": 1,\r\n      \"push\": 0,\r\n      \"relid\": 6,\r\n      \"frameOverflow\": \"\"\r\n    },\r\n    {\r\n      \"type\": \"text\",\r\n      \"cont\": \"<p class=\\\"_texte_page\\\"><span style=\\\"color: #1500f6;\\\">Camille Mutel<\/span><span> est chor\u00e9graphe et danseuse. Sa compagnie Li(luo) est bas\u00e9e \u00e0 Nancy. Camille s'int\u00e9resse \u00e0 la relation et questionne ce qui fait lien, en d\u00e9veloppant au fil de ses chor\u00e9graphies un langage singulier bas\u00e9 sur une gestuelle pr\u00e9cise avec une attention particuli\u00e8re pour l'exp\u00e9rience du public. En 2020, elle met en place une quadrilogie qu'elle intitule <em>La Place de l\u2019Autre<\/em>. Inspir\u00e9e par la c\u00e9r\u00e9monie du th\u00e9 japonaise ( elle est laur\u00e9ate en 2019 de la Villa Kujoyama - r\u00e9sidence de recherche \u00e0 Kyoto ), elle imagine avec ses collaborateurs, un espace invitant pour le public. Le spectateur est au c\u0153ur de la performance. Il n'est d\u00e9sormais plus question de faire surgir un langage. Il s'agit de prendre appui sur le geste quotidien et de le ritualiser. Le premier volet s'intitule <em>Not I<\/em> et s'articule autour de la notion du don. Le spectateur est convi\u00e9 \u00e0 la lente \u00e9laboration d'un repas dispos\u00e9 progressivement sur sc\u00e8ne comme une nature morte. Les gestes du quotidien sont d\u00e9cal\u00e9s, d\u00e9compos\u00e9s ; les mouvements, lents. Le corps se fond dans ce plateau qui bient\u00f4t devient une composition plastique, une nature morte d\u2019aujourd\u2019hui \u2013 il laisse place \u00e0 ce qui depuis le d\u00e9but \u00e9tait au centre de l\u2019int\u00e9r\u00eat et de l\u2019attention : l\u2019objet, l\u2019autre. \u00a0Camille Mutel aime aller \u00e0 la rencontre des habitants d\u2019un territoire pour en d\u00e9couvrir leurs rituels, leur lien au vivant.<\/span><br \/><span style=\\\"color: #0000ff;\\\"><a style=\\\"color: #0000ff;\\\" href=\\\"https:\/\/www.compagnie-li-luo.fr\/\\\"><span style=\\\"color: #1500f6;\\\">https:\/\/www.compagnie-li-luo.fr<\/span><\/a><\/span><\/p>\",\r\n      \"align\": \"top\",\r\n      \"row\": 4,\r\n      \"col\": 0,\r\n      \"colspan\": 12,\r\n      \"offsetx\": 0,\r\n      \"offsety\": 0,\r\n      \"spaceabove\": 0,\r\n      \"spacebelow\": 0,\r\n      \"yvel\": 1,\r\n      \"push\": 0,\r\n      \"relid\": 949,\r\n      \"frameOverflow\": \"\"\r\n    }\r\n  ]\r\n}","_links":{"self":[{"href":"http:\/\/pavillon-s.com\/en\/wp-json\/wp\/v2\/posts\/886","targetHints":{"allow":["GET"]}}],"collection":[{"href":"http:\/\/pavillon-s.com\/en\/wp-json\/wp\/v2\/posts"}],"about":[{"href":"http:\/\/pavillon-s.com\/en\/wp-json\/wp\/v2\/types\/post"}],"author":[{"embeddable":true,"href":"http:\/\/pavillon-s.com\/en\/wp-json\/wp\/v2\/users\/1"}],"replies":[{"embeddable":true,"href":"http:\/\/pavillon-s.com\/en\/wp-json\/wp\/v2\/comments?post=886"}],"version-history":[{"count":0,"href":"http:\/\/pavillon-s.com\/en\/wp-json\/wp\/v2\/posts\/886\/revisions"}],"wp:featuredmedia":[{"embeddable":true,"href":"http:\/\/pavillon-s.com\/en\/wp-json\/wp\/v2\/media\/738"}],"wp:attachment":[{"href":"http:\/\/pavillon-s.com\/en\/wp-json\/wp\/v2\/media?parent=886"}],"wp:term":[{"taxonomy":"category","embeddable":true,"href":"http:\/\/pavillon-s.com\/en\/wp-json\/wp\/v2\/categories?post=886"},{"taxonomy":"post_tag","embeddable":true,"href":"http:\/\/pavillon-s.com\/en\/wp-json\/wp\/v2\/tags?post=886"}],"curies":[{"name":"wp","href":"https:\/\/api.w.org\/{rel}","templated":true}]}}