{"id":872,"date":"2024-07-22T12:49:39","date_gmt":"2022-08-22T06:59:41","guid":{"rendered":"http:\/\/pavillon-s.com\/sprint-wei-2\/"},"modified":"2024-11-05T15:43:11","modified_gmt":"2024-11-05T14:43:11","slug":"motifs-matiere","status":"publish","type":"post","link":"http:\/\/pavillon-s.com\/en\/motifs-matiere\/","title":{"rendered":"Wei 2024 MOTIFS &#8211; mati\u00e8re Compagnie Parc"},"content":{"rendered":"","protected":false},"excerpt":{"rendered":"","protected":false},"author":1,"featured_media":875,"comment_status":"closed","ping_status":"closed","sticky":false,"template":"","format":"standard","meta":[],"categories":[6],"tags":[],"class_list":["post-872","post","type-post","status-publish","has-post-thumbnail","hentry","category-wei-artistes-projects"],"grid":"{\r\n  \"colCount\": 12,\r\n  \"colGutter\": 1,\r\n  \"rowGutters\": [\r\n    2.5,\r\n    2,\r\n    2,\r\n    2\r\n  ],\r\n  \"frameMargin\": 5,\r\n  \"leftFrameMargin\": 2.5,\r\n  \"rightFrameMargin\": 5,\r\n  \"topFrameMargin\": 180,\r\n  \"bottomFrameMargin\": 5,\r\n  \"rowAttrs\": [\r\n    {},\r\n    {},\r\n    {},\r\n    {},\r\n    {}\r\n  ],\r\n  \"bgColor\": null,\r\n  \"bgImage\": null,\r\n  \"cont\": [\r\n    {\r\n      \"type\": \"text\",\r\n      \"cont\": \"<h1 class=\\\"_menu_home\\\"><a href=\\\"http:\/\/pavillon-s.com\/wei-artistes-projets-2024\/\\\" data-type=\\\"page\\\" data-id=\\\"859\\\" data-title=\\\"Wei artistes projets 2024\\\">Wei! \/ artistes projets<\/a><\/h1>\",\r\n      \"align\": \"top\",\r\n      \"row\": 0,\r\n      \"col\": 0,\r\n      \"colspan\": 8,\r\n      \"offsetx\": 0,\r\n      \"offsety\": 0,\r\n      \"spaceabove\": 0,\r\n      \"spacebelow\": 0,\r\n      \"yvel\": 1,\r\n      \"push\": 0,\r\n      \"relid\": 9\r\n    },\r\n    {\r\n      \"type\": \"text\",\r\n      \"cont\": \"<h1 class=\\\"_Titre_spectacle\\\"><span>Compagnie Parc \/ Pierre Pontvianne<br \/><\/span><\/h1>\",\r\n      \"align\": \"top\",\r\n      \"row\": 1,\r\n      \"col\": 0,\r\n      \"colspan\": 7,\r\n      \"offsetx\": 0,\r\n      \"offsety\": 0,\r\n      \"spaceabove\": 0,\r\n      \"spacebelow\": 0,\r\n      \"yvel\": 1,\r\n      \"push\": 0,\r\n      \"relid\": 4\r\n    },\r\n    {\r\n      \"type\": \"carousel\",\r\n      \"cont\": \"\",\r\n      \"align\": \"top\",\r\n      \"row\": 2,\r\n      \"col\": 0,\r\n      \"colspan\": 6,\r\n      \"offsetx\": 0,\r\n      \"offsety\": 0,\r\n      \"spaceabove\": 0,\r\n      \"spacebelow\": 0,\r\n      \"yvel\": 1,\r\n      \"push\": 0,\r\n      \"relid\": 1214,\r\n      \"carousel_options\": {\r\n        \"random\": false,\r\n        \"autoplay\": true,\r\n        \"showMultipleSlides\": false,\r\n        \"freeScroll\": false,\r\n        \"mousewheelScroll\": false,\r\n        \"size\": \"aspectRatioOfFirstElement\",\r\n        \"slidesWidth\": \"null\",\r\n        \"transition\": \"sliding\",\r\n        \"loop\": \"1\",\r\n        \"spaceBetween\": 0,\r\n        \"captionsUnderSlides\": false,\r\n        \"disableClick\": false\r\n      },\r\n      \"carousel\": [\r\n        {\r\n          \"type\": \"img\",\r\n          \"attid\": 1086,\r\n          \"cont\": \"\/wp-content\/uploads\/2024\/07\/motifs-\u00a9EmmanuelleVo-Dinh_IMG_6812.jpg\",\r\n          \"sizes\": {\r\n            \"full\": \"\/wp-content\/uploads\/2024\/07\/motifs-\u00a9EmmanuelleVo-Dinh_IMG_6812.jpg\",\r\n            \"_1280\": \"\/wp-content\/uploads\/2024\/07\/motifs-\u00a9EmmanuelleVo-Dinh_IMG_6812-1280x960.jpg\",\r\n            \"_1024\": \"\/wp-content\/uploads\/2024\/07\/motifs-\u00a9EmmanuelleVo-Dinh_IMG_6812-1024x768.jpg\",\r\n            \"_768\": \"\/wp-content\/uploads\/2024\/07\/motifs-\u00a9EmmanuelleVo-Dinh_IMG_6812-768x576.jpg\",\r\n            \"_512\": \"\/wp-content\/uploads\/2024\/07\/motifs-\u00a9EmmanuelleVo-Dinh_IMG_6812-512x384.jpg\",\r\n            \"_265\": \"\/wp-content\/uploads\/2024\/07\/motifs-\u00a9EmmanuelleVo-Dinh_IMG_6812-265x199.jpg\"\r\n          },\r\n          \"w\": 1417,\r\n          \"h\": 1063,\r\n          \"ar\": 0.7501764290755116,\r\n          \"alt\": \"\",\r\n          \"caption\": \"<p class=\\\"_texte_page\\\">\u00a9 Emmanuelle Vo-Dinh<\/p>\"\r\n        },\r\n        {\r\n          \"type\": \"img\",\r\n          \"attid\": 1087,\r\n          \"cont\": \"\/wp-content\/uploads\/2024\/07\/MOTIFS-matiere-vend.-20-\u00a9LisaSahores-9.jpg\",\r\n          \"sizes\": {\r\n            \"full\": \"\/wp-content\/uploads\/2024\/07\/MOTIFS-matiere-vend.-20-\u00a9LisaSahores-9.jpg\",\r\n            \"_1280\": \"\/wp-content\/uploads\/2024\/07\/MOTIFS-matiere-vend.-20-\u00a9LisaSahores-9-1280x719.jpg\",\r\n            \"_1024\": \"\/wp-content\/uploads\/2024\/07\/MOTIFS-matiere-vend.-20-\u00a9LisaSahores-9-1024x575.jpg\",\r\n            \"_768\": \"\/wp-content\/uploads\/2024\/07\/MOTIFS-matiere-vend.-20-\u00a9LisaSahores-9-768x431.jpg\",\r\n            \"_512\": \"\/wp-content\/uploads\/2024\/07\/MOTIFS-matiere-vend.-20-\u00a9LisaSahores-9-512x287.jpg\",\r\n            \"_265\": \"\/wp-content\/uploads\/2024\/07\/MOTIFS-matiere-vend.-20-\u00a9LisaSahores-9-265x149.jpg\"\r\n          },\r\n          \"w\": 1701,\r\n          \"h\": 955,\r\n          \"ar\": 0.5614344503233392,\r\n          \"alt\": \"\",\r\n          \"caption\": \"<p class=\\\"_texte_page\\\">\u00a9 Lisa Sahores<\/p>\"\r\n        }\r\n      ],\r\n      \"frameOverflow\": \"\"\r\n    },\r\n    {\r\n      \"type\": \"text\",\r\n      \"cont\": \"<p class=\\\"_texte_page\\\"><strong><span style=\\\"color: #1500f6;\\\">MOTIFS - mati\u00e8re<\/span><\/strong><\/p><p class=\\\"_texte_page\\\">Le c\u0153ur de la pi\u00e8ce MOTIFS-mati\u00e8re prend la forme d\u2019un duo o\u00f9 s\u2019arriment l\u2019un \u00e0 l\u2019autre les deux\u00a0interpr\u00e8tes. Toujours unis, ils soutiennent ensemble une partition d\u2019une grande exigence,\u00a0trouvant leurs chemins de libert\u00e9 dans l\u2019entrelacs chor\u00e9graphique.<br \/>\u00c0 la crois\u00e9e de l\u2019intime et de l\u2019universel, MOTIFS-mati\u00e8re imprime en nous sa danse toute en finesse, cisel\u00e9e, \u00e9pur\u00e9e.<\/p><p class=\\\"_texte_page\\\"><strong>Vendredi 20 septembre \u00e0 18h30, studio du fruit int\u00e9gral<\/strong><br \/><strong>Samedi 21 septembre \u00e0 17h30, studio du fruit int\u00e9gral<\/strong><br \/><strong>Dimanche 22 septembre \u00e0 17h30, studio du fruit int\u00e9gral<\/strong><\/p><p class=\\\"_texte_page\\\"><span style=\\\"color: #1500f6;\\\">chor\u00e9graphe<\/span> Pierre Pontvianne<br \/><span style=\\\"color: #1500f6;\\\">interpr\u00e8tes<\/span> Marthe Krummenacher, Paul Girard<br \/><span style=\\\"color: #1500f6;\\\">musique<\/span> Benjamin Gibert<br \/><span style=\\\"color: #1500f6;\\\">production<\/span> Compagnie Parc<br \/><span style=\\\"color: #1500f6;\\\">accueils, r\u00e9sidences<\/span> Studios 44 \/ Cie Gilles Jobin \/ Gen\u00e8ve<br \/>La compagnie PARC est conventionn\u00e9e par la Ville de Saint-\u00c9tienne, avec le soutien du D\u00e9partement Loire et la DRAC Auvergne-Rh\u00f4ne-Alpes en 2023-2024-2025\u00a0et soutenue par la R\u00e9gion Auvergne-Rh\u00f4ne-Alpes en 2023.\u00a0La compagnie PARC travaille en collaboration avec Lara Thozet pour la diffusion France, Anso Raybaut-Per\u00e8s (AGENTE 129) pour la diffusion Internationale.<\/p>\",\r\n      \"align\": \"top\",\r\n      \"row\": 3,\r\n      \"col\": 0,\r\n      \"colspan\": 8,\r\n      \"offsetx\": 0,\r\n      \"offsety\": 0,\r\n      \"spaceabove\": 0,\r\n      \"spacebelow\": 0,\r\n      \"yvel\": 1,\r\n      \"push\": 0,\r\n      \"relid\": 6\r\n    },\r\n    {\r\n      \"type\": \"text\",\r\n      \"cont\": \"<p class=\\\"_texte_page\\\">Laur\u00e9at du prix de Lausanne en 1999, Pierre Pontvianne travaille au sein de compagnies internationales et s\u2019investit dans de nombreux projets chor\u00e9graphiques de la sc\u00e8ne freelance europ\u00e9enne. Il fonde la compagnie PARC en 2004 \u00e0 Saint-\u00c9tienne.<br \/>Depuis 2012, son travail est pr\u00e9sent\u00e9 dans de nombreux festivals internationaux (Montpellier Danse, June Events \u00e0 Paris, Les Brigittines \u00e0 Bruxelles, Festival de Danse de Cannes, Antigel \u00e0 Gen\u00e8ve, Biennale de la danse de Lyon, Rencontres Chor\u00e9graphiques Internationales de Seine Saint-Denis...) et sur des sc\u00e8nes majeures de la cr\u00e9ation contemporaine (Maison de la Danse de Lyon, Th\u00e9\u00e2tre de la Ville de Paris, Com\u00e9die de Saint-\u00c9tienne. - CDN, Le Man\u00e8ge, sc\u00e8ne nationale de Reims...)<br \/>En 2024, Pierre travaille sur un solo intitul\u00e9 JIMMY, pr\u00e9sent\u00e9 \u00e0 June Events. Parall\u00e8lement \u00e0 cette cr\u00e9ation, la compagnie PARC poursuit les tourn\u00e9es de \u0153, cr\u00e9\u00e9 pour le au Festival Montpellier Danse en 2023, ainsi que MOTIFS, KERNEL et JANET ON THE ROOF.<br \/>Pierre Pontvianne dit de son travail : \u00ab Je ne cherche ni du sens, ni de l\u2019\u00e9tonnement, je cherche l\u2019endroit de collision entre les deux. \u00bb<br \/>Pierre Pontvianne est artiste associ\u00e9 \u00e0 l\u2019Atelier de Paris \/ CDCN de 2021 \u00e0 2024.<br \/><span style=\\\"color: #0000ff;\\\"><a style=\\\"color: #0000ff;\\\" href=\\\"https:\/\/www.compagnieparc.com\/pierre-pontvianne.php\\\">https:\/\/www.compagnieparc.com\/pierre-pontvianne.php<\/a><\/span><\/p>\",\r\n      \"align\": \"top\",\r\n      \"row\": 4,\r\n      \"col\": 0,\r\n      \"colspan\": 9,\r\n      \"offsetx\": 0,\r\n      \"offsety\": 0,\r\n      \"spaceabove\": 0,\r\n      \"spacebelow\": 0,\r\n      \"yvel\": 1,\r\n      \"push\": 0,\r\n      \"relid\": 949\r\n    }\r\n  ]\r\n}","phonegrid":"{\r\n  \"colCount\": 12,\r\n  \"colGutter\": 1,\r\n  \"rowGutters\": [\r\n    5,\r\n    5,\r\n    5,\r\n    5\r\n  ],\r\n  \"frameMargin\": 5,\r\n  \"leftFrameMargin\": 5,\r\n  \"rightFrameMargin\": 5,\r\n  \"topFrameMargin\": 15,\r\n  \"bottomFrameMargin\": 5,\r\n  \"rowAttrs\": [\r\n    {},\r\n    {},\r\n    {},\r\n    {},\r\n    {}\r\n  ],\r\n  \"bgColor\": null,\r\n  \"bgImage\": null,\r\n  \"cont\": [\r\n    {\r\n      \"type\": \"text\",\r\n      \"cont\": \"<h1 class=\\\"_menu_home\\\"><a href=\\\"http:\/\/pavillon-s.com\/wei-artistes-projets-2024\/\\\" data-type=\\\"page\\\" data-id=\\\"859\\\" data-title=\\\"Wei artistes projets 2024\\\">Wei! \/ artistes projets<\/a><\/h1>\",\r\n      \"align\": \"top\",\r\n      \"row\": 0,\r\n      \"col\": 0,\r\n      \"colspan\": 12,\r\n      \"offsetx\": 0,\r\n      \"offsety\": 0,\r\n      \"spaceabove\": 0,\r\n      \"spacebelow\": 0,\r\n      \"yvel\": 1,\r\n      \"push\": 0,\r\n      \"relid\": 9,\r\n      \"frameOverflow\": \"right\"\r\n    },\r\n    {\r\n      \"type\": \"text\",\r\n      \"cont\": \"<h1 class=\\\"_Titre_spectacle\\\"><span>Compagnie Parc \/ Pierre Pontvianne<br \/><\/span><\/h1>\",\r\n      \"align\": \"top\",\r\n      \"row\": 1,\r\n      \"col\": 0,\r\n      \"colspan\": 12,\r\n      \"offsetx\": 0,\r\n      \"offsety\": 0,\r\n      \"spaceabove\": 0,\r\n      \"spacebelow\": 0,\r\n      \"yvel\": 1,\r\n      \"push\": 0,\r\n      \"relid\": 4,\r\n      \"frameOverflow\": \"\"\r\n    },\r\n    {\r\n      \"type\": \"carousel\",\r\n      \"cont\": \"\",\r\n      \"align\": \"top\",\r\n      \"row\": 2,\r\n      \"col\": 0,\r\n      \"colspan\": 6,\r\n      \"offsetx\": 0,\r\n      \"offsety\": 0,\r\n      \"spaceabove\": 0,\r\n      \"spacebelow\": 0,\r\n      \"yvel\": 1,\r\n      \"push\": 0,\r\n      \"relid\": 1214,\r\n      \"carousel_options\": {\r\n        \"random\": false,\r\n        \"autoplay\": true,\r\n        \"showMultipleSlides\": false,\r\n        \"freeScroll\": false,\r\n        \"mousewheelScroll\": false,\r\n        \"size\": \"aspectRatioOfFirstElement\",\r\n        \"slidesWidth\": \"null\",\r\n        \"transition\": \"sliding\",\r\n        \"loop\": \"1\",\r\n        \"spaceBetween\": 0,\r\n        \"captionsUnderSlides\": false,\r\n        \"disableClick\": false\r\n      },\r\n      \"carousel\": [\r\n        {\r\n          \"type\": \"img\",\r\n          \"attid\": 1086,\r\n          \"cont\": \"\/wp-content\/uploads\/2024\/07\/motifs-\u00a9EmmanuelleVo-Dinh_IMG_6812.jpg\",\r\n          \"sizes\": {\r\n            \"full\": \"\/wp-content\/uploads\/2024\/07\/motifs-\u00a9EmmanuelleVo-Dinh_IMG_6812.jpg\",\r\n            \"_1280\": \"\/wp-content\/uploads\/2024\/07\/motifs-\u00a9EmmanuelleVo-Dinh_IMG_6812-1280x960.jpg\",\r\n            \"_1024\": \"\/wp-content\/uploads\/2024\/07\/motifs-\u00a9EmmanuelleVo-Dinh_IMG_6812-1024x768.jpg\",\r\n            \"_768\": \"\/wp-content\/uploads\/2024\/07\/motifs-\u00a9EmmanuelleVo-Dinh_IMG_6812-768x576.jpg\",\r\n            \"_512\": \"\/wp-content\/uploads\/2024\/07\/motifs-\u00a9EmmanuelleVo-Dinh_IMG_6812-512x384.jpg\",\r\n            \"_265\": \"\/wp-content\/uploads\/2024\/07\/motifs-\u00a9EmmanuelleVo-Dinh_IMG_6812-265x199.jpg\"\r\n          },\r\n          \"w\": 1417,\r\n          \"h\": 1063,\r\n          \"ar\": 0.7501764290755116,\r\n          \"alt\": \"\",\r\n          \"caption\": \"<p class=\\\"_texte_page\\\">\u00a9 Emmanuelle Vo-Dinh<\/p>\"\r\n        },\r\n        {\r\n          \"type\": \"img\",\r\n          \"attid\": 1087,\r\n          \"cont\": \"\/wp-content\/uploads\/2024\/07\/MOTIFS-matiere-vend.-20-\u00a9LisaSahores-9.jpg\",\r\n          \"sizes\": {\r\n            \"full\": \"\/wp-content\/uploads\/2024\/07\/MOTIFS-matiere-vend.-20-\u00a9LisaSahores-9.jpg\",\r\n            \"_1280\": \"\/wp-content\/uploads\/2024\/07\/MOTIFS-matiere-vend.-20-\u00a9LisaSahores-9-1280x719.jpg\",\r\n            \"_1024\": \"\/wp-content\/uploads\/2024\/07\/MOTIFS-matiere-vend.-20-\u00a9LisaSahores-9-1024x575.jpg\",\r\n            \"_768\": \"\/wp-content\/uploads\/2024\/07\/MOTIFS-matiere-vend.-20-\u00a9LisaSahores-9-768x431.jpg\",\r\n            \"_512\": \"\/wp-content\/uploads\/2024\/07\/MOTIFS-matiere-vend.-20-\u00a9LisaSahores-9-512x287.jpg\",\r\n            \"_265\": \"\/wp-content\/uploads\/2024\/07\/MOTIFS-matiere-vend.-20-\u00a9LisaSahores-9-265x149.jpg\"\r\n          },\r\n          \"w\": 1701,\r\n          \"h\": 955,\r\n          \"ar\": 0.5614344503233392,\r\n          \"alt\": \"\",\r\n          \"caption\": \"<p class=\\\"_texte_page\\\">\u00a9 Lisa Sahores<\/p>\"\r\n        }\r\n      ],\r\n      \"frameOverflow\": \"\"\r\n    },\r\n    {\r\n      \"type\": \"text\",\r\n      \"cont\": \"<p class=\\\"_texte_page\\\"><strong><span style=\\\"color: #1500f6;\\\">MOTIFS - mati\u00e8re<\/span><\/strong><\/p><p class=\\\"_texte_page\\\">Le c\u0153ur de la pi\u00e8ce MOTIFS-mati\u00e8re prend la forme d\u2019un duo o\u00f9 s\u2019arriment l\u2019un \u00e0 l\u2019autre les deux\u00a0interpr\u00e8tes. Toujours unis, ils soutiennent ensemble une partition d\u2019une grande exigence,\u00a0trouvant leurs chemins de libert\u00e9 dans l\u2019entrelacs chor\u00e9graphique.<br \/>\u00c0 la crois\u00e9e de l\u2019intime et de l\u2019universel, MOTIFS-mati\u00e8re imprime en nous sa danse toute en finesse, cisel\u00e9e, \u00e9pur\u00e9e.<\/p><p class=\\\"_texte_page\\\"><strong>Vendredi 20 septembre \u00e0 18h30, studio du fruit int\u00e9gral<\/strong><br \/><strong>Samedi 21 septembre \u00e0 17h30, studio du fruit int\u00e9gral<\/strong><br \/><strong>Dimanche 22 septembre \u00e0 17h30, studio du fruit int\u00e9gral<\/strong><\/p><p class=\\\"_texte_page\\\"><span style=\\\"color: #1500f6;\\\">chor\u00e9graphe<\/span> Pierre Pontvianne<br \/><span style=\\\"color: #1500f6;\\\">interpr\u00e8tes<\/span> Marthe Krummenacher, Paul Girard<br \/><span style=\\\"color: #1500f6;\\\">musique<\/span> Benjamin Gibert<br \/><span style=\\\"color: #1500f6;\\\">production<\/span> Compagnie Parc<br \/><span style=\\\"color: #1500f6;\\\">accueils, r\u00e9sidences<\/span> Studios 44 \/ Cie Gilles Jobin \/ Gen\u00e8ve<br \/>La compagnie PARC est conventionn\u00e9e par la Ville de Saint-\u00c9tienne, avec le soutien du D\u00e9partement Loire et la DRAC Auvergne-Rh\u00f4ne-Alpes en 2023-2024-2025\u00a0et soutenue par la R\u00e9gion Auvergne-Rh\u00f4ne-Alpes en 2023.\u00a0La compagnie PARC travaille en collaboration avec Lara Thozet pour la diffusion France, Anso Raybaut-Per\u00e8s (AGENTE 129) pour la diffusion Internationale.<\/p>\",\r\n      \"align\": \"top\",\r\n      \"row\": 3,\r\n      \"col\": 0,\r\n      \"colspan\": 12,\r\n      \"offsetx\": 0,\r\n      \"offsety\": 0,\r\n      \"spaceabove\": 0,\r\n      \"spacebelow\": 0,\r\n      \"yvel\": 1,\r\n      \"push\": 0,\r\n      \"relid\": 6,\r\n      \"frameOverflow\": \"\"\r\n    },\r\n    {\r\n      \"type\": \"text\",\r\n      \"cont\": \"<p class=\\\"_texte_page\\\">Laur\u00e9at du prix de Lausanne en 1999, Pierre Pontvianne travaille au sein de compagnies internationales et s\u2019investit dans de nombreux projets chor\u00e9graphiques de la sc\u00e8ne freelance europ\u00e9enne. Il fonde la compagnie PARC en 2004 \u00e0 Saint-\u00c9tienne.<br \/>Depuis 2012, son travail est pr\u00e9sent\u00e9 dans de nombreux festivals internationaux (Montpellier Danse, June Events \u00e0 Paris, Les Brigittines \u00e0 Bruxelles, Festival de Danse de Cannes, Antigel \u00e0 Gen\u00e8ve, Biennale de la danse de Lyon, Rencontres Chor\u00e9graphiques Internationales de Seine Saint-Denis...) et sur des sc\u00e8nes majeures de la cr\u00e9ation contemporaine (Maison de la Danse de Lyon, Th\u00e9\u00e2tre de la Ville de Paris, Com\u00e9die de Saint-\u00c9tienne. - CDN, Le Man\u00e8ge, sc\u00e8ne nationale de Reims...)<br \/>En 2024, Pierre travaille sur un solo intitul\u00e9 JIMMY, pr\u00e9sent\u00e9 \u00e0 June Events. Parall\u00e8lement \u00e0 cette cr\u00e9ation, la compagnie PARC poursuit les tourn\u00e9es de \u0153, cr\u00e9\u00e9 pour le au Festival Montpellier Danse en 2023, ainsi que MOTIFS, KERNEL et JANET ON THE ROOF.<br \/>Pierre Pontvianne dit de son travail : \u00ab Je ne cherche ni du sens, ni de l\u2019\u00e9tonnement, je cherche l\u2019endroit de collision entre les deux. \u00bb<br \/>Pierre Pontvianne est artiste associ\u00e9 \u00e0 l\u2019Atelier de Paris \/ CDCN de 2021 \u00e0 2024.<br \/><span style=\\\"color: #0000ff;\\\"><a style=\\\"color: #0000ff;\\\" href=\\\"https:\/\/www.compagnieparc.com\/pierre-pontvianne.php\\\">https:\/\/www.compagnieparc.com\/pierre-pontvianne.php<\/a><\/span><\/p>\",\r\n      \"align\": \"top\",\r\n      \"row\": 4,\r\n      \"col\": 0,\r\n      \"colspan\": 12,\r\n      \"offsetx\": 0,\r\n      \"offsety\": 0,\r\n      \"spaceabove\": 0,\r\n      \"spacebelow\": 0,\r\n      \"yvel\": 1,\r\n      \"push\": 0,\r\n      \"relid\": 949,\r\n      \"frameOverflow\": \"right\"\r\n    }\r\n  ]\r\n}","_links":{"self":[{"href":"http:\/\/pavillon-s.com\/en\/wp-json\/wp\/v2\/posts\/872","targetHints":{"allow":["GET"]}}],"collection":[{"href":"http:\/\/pavillon-s.com\/en\/wp-json\/wp\/v2\/posts"}],"about":[{"href":"http:\/\/pavillon-s.com\/en\/wp-json\/wp\/v2\/types\/post"}],"author":[{"embeddable":true,"href":"http:\/\/pavillon-s.com\/en\/wp-json\/wp\/v2\/users\/1"}],"replies":[{"embeddable":true,"href":"http:\/\/pavillon-s.com\/en\/wp-json\/wp\/v2\/comments?post=872"}],"version-history":[{"count":0,"href":"http:\/\/pavillon-s.com\/en\/wp-json\/wp\/v2\/posts\/872\/revisions"}],"wp:featuredmedia":[{"embeddable":true,"href":"http:\/\/pavillon-s.com\/en\/wp-json\/wp\/v2\/media\/875"}],"wp:attachment":[{"href":"http:\/\/pavillon-s.com\/en\/wp-json\/wp\/v2\/media?parent=872"}],"wp:term":[{"taxonomy":"category","embeddable":true,"href":"http:\/\/pavillon-s.com\/en\/wp-json\/wp\/v2\/categories?post=872"},{"taxonomy":"post_tag","embeddable":true,"href":"http:\/\/pavillon-s.com\/en\/wp-json\/wp\/v2\/tags?post=872"}],"curies":[{"name":"wp","href":"https:\/\/api.w.org\/{rel}","templated":true}]}}