{"id":870,"date":"2024-07-22T11:51:40","date_gmt":"2022-08-22T06:59:41","guid":{"rendered":"http:\/\/pavillon-s.com\/lisbeth-gruwez-2\/"},"modified":"2024-11-07T10:25:47","modified_gmt":"2024-11-07T09:25:47","slug":"sprint-wei","status":"publish","type":"post","link":"http:\/\/pavillon-s.com\/en\/sprint-wei\/","title":{"rendered":"Wei 2024 Sprint Emmanuelle Vo-Dinh"},"content":{"rendered":"","protected":false},"excerpt":{"rendered":"","protected":false},"author":1,"featured_media":180,"comment_status":"closed","ping_status":"closed","sticky":false,"template":"","format":"standard","meta":[],"categories":[6],"tags":[],"class_list":["post-870","post","type-post","status-publish","has-post-thumbnail","hentry","category-wei-artistes-projects"],"grid":"{\r\n  \"colCount\": 12,\r\n  \"colGutter\": 1,\r\n  \"rowGutters\": [\r\n    2.5,\r\n    2,\r\n    2,\r\n    2\r\n  ],\r\n  \"frameMargin\": 5,\r\n  \"leftFrameMargin\": 2.5,\r\n  \"rightFrameMargin\": 5,\r\n  \"topFrameMargin\": 180,\r\n  \"bottomFrameMargin\": 5,\r\n  \"rowAttrs\": [\r\n    {},\r\n    {},\r\n    {},\r\n    {},\r\n    {}\r\n  ],\r\n  \"bgColor\": null,\r\n  \"bgImage\": null,\r\n  \"cont\": [\r\n    {\r\n      \"type\": \"text\",\r\n      \"cont\": \"<h1 class=\\\"_menu_home\\\"><a href=\\\"http:\/\/pavillon-s.com\/wei-artistes-projets-2024\/\\\" data-type=\\\"page\\\" data-id=\\\"859\\\" data-title=\\\"Wei artistes projets 2024\\\">Wei! \/ artistes projets<\/a><\/h1>\",\r\n      \"align\": \"top\",\r\n      \"row\": 0,\r\n      \"col\": 0,\r\n      \"colspan\": 8,\r\n      \"offsetx\": 0,\r\n      \"offsety\": 0,\r\n      \"spaceabove\": 0,\r\n      \"spacebelow\": 0,\r\n      \"yvel\": 1,\r\n      \"push\": 0,\r\n      \"relid\": 9\r\n    },\r\n    {\r\n      \"type\": \"text\",\r\n      \"cont\": \"<h1 class=\\\"_Titre_spectacle\\\"><span>Emmanuelle Vo-Dinh<br \/><\/span><\/h1>\",\r\n      \"align\": \"top\",\r\n      \"row\": 1,\r\n      \"col\": 0,\r\n      \"colspan\": 7,\r\n      \"offsetx\": 0,\r\n      \"offsety\": 0,\r\n      \"spaceabove\": 0,\r\n      \"spacebelow\": 0,\r\n      \"yvel\": 1,\r\n      \"push\": 0,\r\n      \"relid\": 4\r\n    },\r\n    {\r\n      \"type\": \"carousel\",\r\n      \"cont\": \"\",\r\n      \"align\": \"top\",\r\n      \"row\": 2,\r\n      \"col\": 0,\r\n      \"colspan\": 6,\r\n      \"offsetx\": 0,\r\n      \"offsety\": 0,\r\n      \"spaceabove\": 0,\r\n      \"spacebelow\": 0,\r\n      \"yvel\": 1,\r\n      \"push\": 0,\r\n      \"relid\": 1214,\r\n      \"carousel_options\": {\r\n        \"random\": false,\r\n        \"autoplay\": true,\r\n        \"showMultipleSlides\": false,\r\n        \"freeScroll\": false,\r\n        \"mousewheelScroll\": false,\r\n        \"size\": \"aspectRatioOfFirstElement\",\r\n        \"slidesWidth\": \"null\",\r\n        \"transition\": \"sliding\",\r\n        \"loop\": \"1\",\r\n        \"spaceBetween\": 0,\r\n        \"captionsUnderSlides\": false,\r\n        \"disableClick\": false\r\n      },\r\n      \"carousel\": [\r\n        {\r\n          \"type\": \"img\",\r\n          \"attid\": 1102,\r\n          \"cont\": \"\/wp-content\/uploads\/2024\/07\/Sprint-sam.-21-8-\u00a9LisaSahores.jpg\",\r\n          \"sizes\": {\r\n            \"full\": \"\/wp-content\/uploads\/2024\/07\/Sprint-sam.-21-8-\u00a9LisaSahores.jpg\",\r\n            \"_1920\": \"\/wp-content\/uploads\/2024\/07\/Sprint-sam.-21-8-\u00a9LisaSahores-1920x1079.jpg\",\r\n            \"_1280\": \"\/wp-content\/uploads\/2024\/07\/Sprint-sam.-21-8-\u00a9LisaSahores-1280x719.jpg\",\r\n            \"_1024\": \"\/wp-content\/uploads\/2024\/07\/Sprint-sam.-21-8-\u00a9LisaSahores-1024x575.jpg\",\r\n            \"_768\": \"\/wp-content\/uploads\/2024\/07\/Sprint-sam.-21-8-\u00a9LisaSahores-768x431.jpg\",\r\n            \"_512\": \"\/wp-content\/uploads\/2024\/07\/Sprint-sam.-21-8-\u00a9LisaSahores-512x288.jpg\",\r\n            \"_265\": \"\/wp-content\/uploads\/2024\/07\/Sprint-sam.-21-8-\u00a9LisaSahores-265x149.jpg\"\r\n          },\r\n          \"w\": 2268,\r\n          \"h\": 1274,\r\n          \"ar\": 0.5617283950617284,\r\n          \"alt\": \"\",\r\n          \"caption\": \"<p class=\\\"_texte_page\\\">\u00a9 Lisa Sahores<\/p>\"\r\n        },\r\n        {\r\n          \"type\": \"img\",\r\n          \"attid\": 1083,\r\n          \"cont\": \"\/wp-content\/uploads\/2024\/07\/sprint-\u00a9EmmanuelleVo-Dinh_IMG_6846.jpg\",\r\n          \"sizes\": {\r\n            \"full\": \"\/wp-content\/uploads\/2024\/07\/sprint-\u00a9EmmanuelleVo-Dinh_IMG_6846.jpg\",\r\n            \"_1920\": \"\/wp-content\/uploads\/2024\/07\/sprint-\u00a9EmmanuelleVo-Dinh_IMG_6846-1920x1440.jpg\",\r\n            \"_1280\": \"\/wp-content\/uploads\/2024\/07\/sprint-\u00a9EmmanuelleVo-Dinh_IMG_6846-1280x960.jpg\",\r\n            \"_1024\": \"\/wp-content\/uploads\/2024\/07\/sprint-\u00a9EmmanuelleVo-Dinh_IMG_6846-1024x768.jpg\",\r\n            \"_768\": \"\/wp-content\/uploads\/2024\/07\/sprint-\u00a9EmmanuelleVo-Dinh_IMG_6846-768x576.jpg\",\r\n            \"_512\": \"\/wp-content\/uploads\/2024\/07\/sprint-\u00a9EmmanuelleVo-Dinh_IMG_6846-512x384.jpg\",\r\n            \"_265\": \"\/wp-content\/uploads\/2024\/07\/sprint-\u00a9EmmanuelleVo-Dinh_IMG_6846-265x199.jpg\"\r\n          },\r\n          \"w\": 2268,\r\n          \"h\": 1701,\r\n          \"ar\": 0.75,\r\n          \"alt\": \"\",\r\n          \"caption\": \"<p class=\\\"_texte_page\\\">\u00a9 Emmanuelle Vo-Dinh<\/p>\"\r\n        },\r\n        {\r\n          \"type\": \"img\",\r\n          \"attid\": 1103,\r\n          \"cont\": \"\/wp-content\/uploads\/2024\/07\/Sprint-sam.-21-44-\u00a9LisaSahores.jpg\",\r\n          \"sizes\": {\r\n            \"full\": \"\/wp-content\/uploads\/2024\/07\/Sprint-sam.-21-44-\u00a9LisaSahores.jpg\",\r\n            \"_1920\": \"\/wp-content\/uploads\/2024\/07\/Sprint-sam.-21-44-\u00a9LisaSahores-1920x1079.jpg\",\r\n            \"_1280\": \"\/wp-content\/uploads\/2024\/07\/Sprint-sam.-21-44-\u00a9LisaSahores-1280x719.jpg\",\r\n            \"_1024\": \"\/wp-content\/uploads\/2024\/07\/Sprint-sam.-21-44-\u00a9LisaSahores-1024x575.jpg\",\r\n            \"_768\": \"\/wp-content\/uploads\/2024\/07\/Sprint-sam.-21-44-\u00a9LisaSahores-768x431.jpg\",\r\n            \"_512\": \"\/wp-content\/uploads\/2024\/07\/Sprint-sam.-21-44-\u00a9LisaSahores-512x288.jpg\",\r\n            \"_265\": \"\/wp-content\/uploads\/2024\/07\/Sprint-sam.-21-44-\u00a9LisaSahores-265x149.jpg\"\r\n          },\r\n          \"w\": 2268,\r\n          \"h\": 1274,\r\n          \"ar\": 0.5617283950617284,\r\n          \"alt\": \"\",\r\n          \"caption\": \"<p class=\\\"_texte_page\\\">\u00a9 Lisa Sahores<\/p>\"\r\n        }\r\n      ],\r\n      \"frameOverflow\": \"\"\r\n    },\r\n    {\r\n      \"type\": \"text\",\r\n      \"cont\": \"<p class=\\\"_texte_page\\\"><span style=\\\"color: #1500f6;\\\"><strong>Sprint<\/strong><br \/><\/span><\/p><p class=\\\"_texte_page\\\">Plus d\u2019une d\u00e9cennie apr\u00e8s sa cr\u00e9ation, ce solo se r\u00e9invente, dans des espaces non d\u00e9di\u00e9s au spectacle, sans sc\u00e9nographie, sans lumi\u00e8res, sans environnement sonore.<br \/>Maeva Cunci court\u2026.et dans une grande proximit\u00e9 avec l\u2019interpr\u00e8te, se ressentent alors ,les vibrations du sol que les pas viennent marteler, l\u2019air brass\u00e9 partag\u00e9, le souffle\u2026une exp\u00e9rience de la course partag\u00e9e dans l\u2019intimit\u00e9 du studio du Fruit int\u00e9gral.<br \/><br \/>Retrouvez <span style=\\\"color: #1500f6;\\\"><a style=\\\"color: #1500f6;\\\" href=\\\"http:\/\/pavillon-s.com\/sprint\/\\\" data-type=\\\"project\\\" data-id=\\\"176\\\" data-title=\\\"Sprint\\\" data-catid=\\\"[3]\\\"><span style=\\\"text-decoration: underline;\\\">ic<span>i<\/span><\/span><\/a> <\/span>plus d'informations sur Sprint<\/p><p class=\\\"_texte_page\\\"><strong>Samedi 21 septembre \u00e0 18h30, studio du fruit int\u00e9gral<br \/>Dimanche 22 septembre \u00e0 18h30, studio du fruit int\u00e9gral<\/strong><\/p><p class=\\\"_texte_page\\\"><span style=\\\"color: #1500f6;\\\">conception<\/span> Emmanuelle Vo-Dinh<br \/><span style=\\\"color: #1500f6;\\\">interpr\u00e9tation<\/span> Maeva Cunci<br \/><span style=\\\"color: #0000ff;\\\">sc\u00e9nographie<\/span> Fran\u00e7oise Michel<br \/><span style=\\\"color: #1500f6;\\\">costume<\/span> Corine Petitpierre r\u00e9alis\u00e9 par Anne Tesson<br \/><span style=\\\"color: #1500f6;\\\">direction de production<\/span> Solenne Racap\u00e9<br \/><span style=\\\"color: #1500f6;\\\">production et diffusion<\/span> Pavillon-s, Emmanuelle Vo-Dinh<br \/>Une production du\u00a0 Phare, Centre chor\u00e9graphique national du Havre Normandie (2013)<br \/><span style=\\\"color: #1500f6;\\\">coproduction<\/span> Rencontres Chor\u00e9graphiques Internationales de Seine-Saint-Denis, Centre National de la Danse (Pantin)<br \/>Pavillon-s est subventionn\u00e9 par le Minist\u00e8re de la Culture \u2013 Direction g\u00e9n\u00e9rale de la cr\u00e9ation artistique, la R\u00e9gion Normandie, le D\u00e9partement de l\u2019Eure, le D\u00e9partement de Seine-Maritime et la Ville de Rouen<\/p>\",\r\n      \"align\": \"top\",\r\n      \"row\": 3,\r\n      \"col\": 0,\r\n      \"colspan\": 8,\r\n      \"offsetx\": 0,\r\n      \"offsety\": 0,\r\n      \"spaceabove\": 0,\r\n      \"spacebelow\": 0,\r\n      \"yvel\": 1,\r\n      \"push\": 0,\r\n      \"relid\": 6\r\n    },\r\n    {\r\n      \"type\": \"text\",\r\n      \"cont\": \"<p class=\\\"_texte_page\\\">Apr\u00e8s avoir dirig\u00e9 Le Phare Centre chor\u00e9graphique National du Havre Normandie de 2012 \u00e0 2021, <span style=\\\"color: #1500f6;\\\">Emmanuelle Vo-Dinh<\/span> m\u00e8ne aujourd'hui le projet Pavillon-s, implant\u00e9 \u00e0\u00a0Rouen\u00a0et \u00e0\u00a0And\u00e9, qui porte son travail de cr\u00e9ation\/diffusion et s'attache \u00e0 d\u00e9ployer des projets d'invitations \u00e0 d'autres artistes, dans le champ de l'exp\u00e9rimentation, et dans le partage avec les publics. Depuis la cr\u00e9ation de sa compagnie elle a chor\u00e9graphi\u00e9 plus d\u2019une vingtaine de pi\u00e8ces, qui ont \u00e9t\u00e9 jou\u00e9es notamment au Th\u00e9\u00e2tre de la Ville \u00e0 Paris, au festival d\u2019Avignon (69\u00e8me \u00e9dition) et au Th\u00e9\u00e2tre national de Chaillot, ainsi que dans diff\u00e9rents pays et continents, en Europe, en Afrique, en Am\u00e9rique du Nord, en Asie,\u2026<br \/><span style=\\\"color: #0000ff;\\\"><a style=\\\"color: #0000ff;\\\" href=\\\"http:\/\/pavillon-s.com\/biographie\/\\\"><span style=\\\"color: #1500f6;\\\">http:\/\/pavillon-s.com\/biographie\/<\/span><\/a><\/span><\/p>\",\r\n      \"align\": \"top\",\r\n      \"row\": 4,\r\n      \"col\": 0,\r\n      \"colspan\": 9,\r\n      \"offsetx\": 0,\r\n      \"offsety\": 0,\r\n      \"spaceabove\": 0,\r\n      \"spacebelow\": 0,\r\n      \"yvel\": 1,\r\n      \"push\": 0,\r\n      \"relid\": 5,\r\n      \"frameOverflow\": \"\"\r\n    }\r\n  ]\r\n}","phonegrid":"{\r\n  \"colCount\": 12,\r\n  \"colGutter\": 1,\r\n  \"rowGutters\": [\r\n    5,\r\n    5,\r\n    5,\r\n    5\r\n  ],\r\n  \"frameMargin\": 5,\r\n  \"leftFrameMargin\": 5,\r\n  \"rightFrameMargin\": 5,\r\n  \"topFrameMargin\": 15,\r\n  \"bottomFrameMargin\": 5,\r\n  \"rowAttrs\": [\r\n    {},\r\n    {},\r\n    {},\r\n    {},\r\n    {}\r\n  ],\r\n  \"bgColor\": null,\r\n  \"bgImage\": null,\r\n  \"cont\": [\r\n    {\r\n      \"type\": \"text\",\r\n      \"cont\": \"<h1 class=\\\"_menu_home\\\"><a href=\\\"http:\/\/pavillon-s.com\/wei-artistes-projets-2024\/\\\" data-type=\\\"page\\\" data-id=\\\"859\\\" data-title=\\\"Wei artistes projets 2024\\\">Wei! \/ artistes projets<\/a><\/h1>\",\r\n      \"align\": \"top\",\r\n      \"row\": 0,\r\n      \"col\": 0,\r\n      \"colspan\": 12,\r\n      \"offsetx\": 0,\r\n      \"offsety\": 0,\r\n      \"spaceabove\": 0,\r\n      \"spacebelow\": 0,\r\n      \"yvel\": 1,\r\n      \"push\": 0,\r\n      \"relid\": 9,\r\n      \"frameOverflow\": \"\"\r\n    },\r\n    {\r\n      \"type\": \"text\",\r\n      \"cont\": \"<h1 class=\\\"_Titre_spectacle\\\"><span>Emmanuelle Vo-Dinh<br \/><\/span><\/h1>\",\r\n      \"align\": \"top\",\r\n      \"row\": 1,\r\n      \"col\": 0,\r\n      \"colspan\": 12,\r\n      \"offsetx\": 0,\r\n      \"offsety\": 0,\r\n      \"spaceabove\": 0,\r\n      \"spacebelow\": 0,\r\n      \"yvel\": 1,\r\n      \"push\": 0,\r\n      \"relid\": 4,\r\n      \"frameOverflow\": \"\"\r\n    },\r\n    {\r\n      \"type\": \"carousel\",\r\n      \"cont\": \"\",\r\n      \"align\": \"top\",\r\n      \"row\": 2,\r\n      \"col\": 0,\r\n      \"colspan\": 6,\r\n      \"offsetx\": 0,\r\n      \"offsety\": 0,\r\n      \"spaceabove\": 0,\r\n      \"spacebelow\": 0,\r\n      \"yvel\": 1,\r\n      \"push\": 0,\r\n      \"relid\": 1214,\r\n      \"carousel_options\": {\r\n        \"random\": false,\r\n        \"autoplay\": true,\r\n        \"showMultipleSlides\": false,\r\n        \"freeScroll\": false,\r\n        \"mousewheelScroll\": false,\r\n        \"size\": \"aspectRatioOfFirstElement\",\r\n        \"slidesWidth\": \"null\",\r\n        \"transition\": \"sliding\",\r\n        \"loop\": \"1\",\r\n        \"spaceBetween\": 0,\r\n        \"captionsUnderSlides\": false,\r\n        \"disableClick\": false\r\n      },\r\n      \"carousel\": [\r\n        {\r\n          \"type\": \"img\",\r\n          \"attid\": 1102,\r\n          \"cont\": \"\/wp-content\/uploads\/2024\/07\/Sprint-sam.-21-8-\u00a9LisaSahores.jpg\",\r\n          \"sizes\": {\r\n            \"full\": \"\/wp-content\/uploads\/2024\/07\/Sprint-sam.-21-8-\u00a9LisaSahores.jpg\",\r\n            \"_1920\": \"\/wp-content\/uploads\/2024\/07\/Sprint-sam.-21-8-\u00a9LisaSahores-1920x1079.jpg\",\r\n            \"_1280\": \"\/wp-content\/uploads\/2024\/07\/Sprint-sam.-21-8-\u00a9LisaSahores-1280x719.jpg\",\r\n            \"_1024\": \"\/wp-content\/uploads\/2024\/07\/Sprint-sam.-21-8-\u00a9LisaSahores-1024x575.jpg\",\r\n            \"_768\": \"\/wp-content\/uploads\/2024\/07\/Sprint-sam.-21-8-\u00a9LisaSahores-768x431.jpg\",\r\n            \"_512\": \"\/wp-content\/uploads\/2024\/07\/Sprint-sam.-21-8-\u00a9LisaSahores-512x288.jpg\",\r\n            \"_265\": \"\/wp-content\/uploads\/2024\/07\/Sprint-sam.-21-8-\u00a9LisaSahores-265x149.jpg\"\r\n          },\r\n          \"w\": 2268,\r\n          \"h\": 1274,\r\n          \"ar\": 0.5617283950617284,\r\n          \"alt\": \"\",\r\n          \"caption\": \"<p class=\\\"_texte_page\\\">\u00a9 Lisa Sahores<\/p>\"\r\n        },\r\n        {\r\n          \"type\": \"img\",\r\n          \"attid\": 1083,\r\n          \"cont\": \"\/wp-content\/uploads\/2024\/07\/sprint-\u00a9EmmanuelleVo-Dinh_IMG_6846.jpg\",\r\n          \"sizes\": {\r\n            \"full\": \"\/wp-content\/uploads\/2024\/07\/sprint-\u00a9EmmanuelleVo-Dinh_IMG_6846.jpg\",\r\n            \"_1920\": \"\/wp-content\/uploads\/2024\/07\/sprint-\u00a9EmmanuelleVo-Dinh_IMG_6846-1920x1440.jpg\",\r\n            \"_1280\": \"\/wp-content\/uploads\/2024\/07\/sprint-\u00a9EmmanuelleVo-Dinh_IMG_6846-1280x960.jpg\",\r\n            \"_1024\": \"\/wp-content\/uploads\/2024\/07\/sprint-\u00a9EmmanuelleVo-Dinh_IMG_6846-1024x768.jpg\",\r\n            \"_768\": \"\/wp-content\/uploads\/2024\/07\/sprint-\u00a9EmmanuelleVo-Dinh_IMG_6846-768x576.jpg\",\r\n            \"_512\": \"\/wp-content\/uploads\/2024\/07\/sprint-\u00a9EmmanuelleVo-Dinh_IMG_6846-512x384.jpg\",\r\n            \"_265\": \"\/wp-content\/uploads\/2024\/07\/sprint-\u00a9EmmanuelleVo-Dinh_IMG_6846-265x199.jpg\"\r\n          },\r\n          \"w\": 2268,\r\n          \"h\": 1701,\r\n          \"ar\": 0.75,\r\n          \"alt\": \"\",\r\n          \"caption\": \"<p class=\\\"_texte_page\\\">\u00a9 Emmanuelle Vo-Dinh<\/p>\"\r\n        },\r\n        {\r\n          \"type\": \"img\",\r\n          \"attid\": 1103,\r\n          \"cont\": \"\/wp-content\/uploads\/2024\/07\/Sprint-sam.-21-44-\u00a9LisaSahores.jpg\",\r\n          \"sizes\": {\r\n            \"full\": \"\/wp-content\/uploads\/2024\/07\/Sprint-sam.-21-44-\u00a9LisaSahores.jpg\",\r\n            \"_1920\": \"\/wp-content\/uploads\/2024\/07\/Sprint-sam.-21-44-\u00a9LisaSahores-1920x1079.jpg\",\r\n            \"_1280\": \"\/wp-content\/uploads\/2024\/07\/Sprint-sam.-21-44-\u00a9LisaSahores-1280x719.jpg\",\r\n            \"_1024\": \"\/wp-content\/uploads\/2024\/07\/Sprint-sam.-21-44-\u00a9LisaSahores-1024x575.jpg\",\r\n            \"_768\": \"\/wp-content\/uploads\/2024\/07\/Sprint-sam.-21-44-\u00a9LisaSahores-768x431.jpg\",\r\n            \"_512\": \"\/wp-content\/uploads\/2024\/07\/Sprint-sam.-21-44-\u00a9LisaSahores-512x288.jpg\",\r\n            \"_265\": \"\/wp-content\/uploads\/2024\/07\/Sprint-sam.-21-44-\u00a9LisaSahores-265x149.jpg\"\r\n          },\r\n          \"w\": 2268,\r\n          \"h\": 1274,\r\n          \"ar\": 0.5617283950617284,\r\n          \"alt\": \"\",\r\n          \"caption\": \"<p class=\\\"_texte_page\\\">\u00a9 Lisa Sahores<\/p>\"\r\n        }\r\n      ],\r\n      \"frameOverflow\": \"\"\r\n    },\r\n    {\r\n      \"type\": \"text\",\r\n      \"cont\": \"<p class=\\\"_texte_page\\\"><span style=\\\"color: #1500f6;\\\"><strong>Sprint<\/strong><br \/><\/span><\/p><p class=\\\"_texte_page\\\">Plus d\u2019une d\u00e9cennie apr\u00e8s sa cr\u00e9ation, ce solo se r\u00e9invente, dans des espaces non d\u00e9di\u00e9s au spectacle, sans sc\u00e9nographie, sans lumi\u00e8res, sans environnement sonore.<br \/>Maeva Cunci court\u2026.et dans une grande proximit\u00e9 avec l\u2019interpr\u00e8te, se ressentent alors ,les vibrations du sol que les pas viennent marteler, l\u2019air brass\u00e9 partag\u00e9, le souffle\u2026une exp\u00e9rience de la course partag\u00e9e dans l\u2019intimit\u00e9 du studio du Fruit int\u00e9gral.<br \/><br \/>Retrouvez <span style=\\\"color: #1500f6;\\\"><a style=\\\"color: #1500f6;\\\" href=\\\"http:\/\/pavillon-s.com\/sprint\/\\\" data-type=\\\"project\\\" data-id=\\\"176\\\" data-title=\\\"Sprint\\\" data-catid=\\\"[3]\\\"><span style=\\\"text-decoration: underline;\\\">ic<span>i<\/span><\/span><\/a> <\/span>plus d'informations sur Sprint<\/p><p class=\\\"_texte_page\\\"><strong>Samedi 21 septembre \u00e0 18h30, studio du fruit int\u00e9gral<br \/>Dimanche 22 septembre \u00e0 18h30, studio du fruit int\u00e9gral<\/strong><\/p><p class=\\\"_texte_page\\\"><span style=\\\"color: #1500f6;\\\">conception<\/span> Emmanuelle Vo-Dinh<br \/><span style=\\\"color: #1500f6;\\\">interpr\u00e9tation<\/span> Maeva Cunci<br \/><span style=\\\"color: #0000ff;\\\">sc\u00e9nographie<\/span> Fran\u00e7oise Michel<br \/><span style=\\\"color: #1500f6;\\\">costume<\/span> Corine Petitpierre r\u00e9alis\u00e9 par Anne Tesson<br \/><span style=\\\"color: #1500f6;\\\">direction de production<\/span> Solenne Racap\u00e9<br \/><span style=\\\"color: #1500f6;\\\">production et diffusion<\/span> Pavillon-s, Emmanuelle Vo-Dinh<br \/>Une production du\u00a0 Phare, Centre chor\u00e9graphique national du Havre Normandie (2013)<br \/><span style=\\\"color: #1500f6;\\\">coproduction<\/span> Rencontres Chor\u00e9graphiques Internationales de Seine-Saint-Denis, Centre National de la Danse (Pantin)<br \/>Pavillon-s est subventionn\u00e9 par le Minist\u00e8re de la Culture \u2013 Direction g\u00e9n\u00e9rale de la cr\u00e9ation artistique, la R\u00e9gion Normandie, le D\u00e9partement de l\u2019Eure, le D\u00e9partement de Seine-Maritime et la Ville de Rouen<\/p>\",\r\n      \"align\": \"top\",\r\n      \"row\": 3,\r\n      \"col\": 0,\r\n      \"colspan\": 12,\r\n      \"offsetx\": 0,\r\n      \"offsety\": 0,\r\n      \"spaceabove\": 0,\r\n      \"spacebelow\": 0,\r\n      \"yvel\": 1,\r\n      \"push\": 0,\r\n      \"relid\": 6,\r\n      \"frameOverflow\": \"\"\r\n    },\r\n    {\r\n      \"type\": \"text\",\r\n      \"cont\": \"<p class=\\\"_texte_page\\\">Apr\u00e8s avoir dirig\u00e9 Le Phare Centre chor\u00e9graphique National du Havre Normandie de 2012 \u00e0 2021, <span style=\\\"color: #1500f6;\\\">Emmanuelle Vo-Dinh<\/span> m\u00e8ne aujourd'hui le projet Pavillon-s, implant\u00e9 \u00e0\u00a0Rouen\u00a0et \u00e0\u00a0And\u00e9, qui porte son travail de cr\u00e9ation\/diffusion et s'attache \u00e0 d\u00e9ployer des projets d'invitations \u00e0 d'autres artistes, dans le champ de l'exp\u00e9rimentation, et dans le partage avec les publics. Depuis la cr\u00e9ation de sa compagnie elle a chor\u00e9graphi\u00e9 plus d\u2019une vingtaine de pi\u00e8ces, qui ont \u00e9t\u00e9 jou\u00e9es notamment au Th\u00e9\u00e2tre de la Ville \u00e0 Paris, au festival d\u2019Avignon (69\u00e8me \u00e9dition) et au Th\u00e9\u00e2tre national de Chaillot, ainsi que dans diff\u00e9rents pays et continents, en Europe, en Afrique, en Am\u00e9rique du Nord, en Asie,\u2026<br \/><span style=\\\"color: #0000ff;\\\"><a style=\\\"color: #0000ff;\\\" href=\\\"http:\/\/pavillon-s.com\/biographie\/\\\"><span style=\\\"color: #1500f6;\\\">http:\/\/pavillon-s.com\/biographie\/<\/span><\/a><\/span><\/p>\",\r\n      \"align\": \"top\",\r\n      \"row\": 4,\r\n      \"col\": 0,\r\n      \"colspan\": 12,\r\n      \"offsetx\": 0,\r\n      \"offsety\": 0,\r\n      \"spaceabove\": 0,\r\n      \"spacebelow\": 0,\r\n      \"yvel\": 1,\r\n      \"push\": 0,\r\n      \"relid\": 5,\r\n      \"frameOverflow\": \"\"\r\n    }\r\n  ]\r\n}","_links":{"self":[{"href":"http:\/\/pavillon-s.com\/en\/wp-json\/wp\/v2\/posts\/870","targetHints":{"allow":["GET"]}}],"collection":[{"href":"http:\/\/pavillon-s.com\/en\/wp-json\/wp\/v2\/posts"}],"about":[{"href":"http:\/\/pavillon-s.com\/en\/wp-json\/wp\/v2\/types\/post"}],"author":[{"embeddable":true,"href":"http:\/\/pavillon-s.com\/en\/wp-json\/wp\/v2\/users\/1"}],"replies":[{"embeddable":true,"href":"http:\/\/pavillon-s.com\/en\/wp-json\/wp\/v2\/comments?post=870"}],"version-history":[{"count":0,"href":"http:\/\/pavillon-s.com\/en\/wp-json\/wp\/v2\/posts\/870\/revisions"}],"wp:featuredmedia":[{"embeddable":true,"href":"http:\/\/pavillon-s.com\/en\/wp-json\/wp\/v2\/media\/180"}],"wp:attachment":[{"href":"http:\/\/pavillon-s.com\/en\/wp-json\/wp\/v2\/media?parent=870"}],"wp:term":[{"taxonomy":"category","embeddable":true,"href":"http:\/\/pavillon-s.com\/en\/wp-json\/wp\/v2\/categories?post=870"},{"taxonomy":"post_tag","embeddable":true,"href":"http:\/\/pavillon-s.com\/en\/wp-json\/wp\/v2\/tags?post=870"}],"curies":[{"name":"wp","href":"https:\/\/api.w.org\/{rel}","templated":true}]}}