{"id":782,"date":"2024-04-10T09:49:13","date_gmt":"2022-07-16T20:14:41","guid":{"rendered":"http:\/\/pavillon-s.com\/grandmare_babel_sonique-2\/"},"modified":"2024-11-28T08:52:27","modified_gmt":"2024-11-28T07:52:27","slug":"franqueville_foretdesons","status":"publish","type":"post","link":"http:\/\/pavillon-s.com\/en\/franqueville_foretdesons\/","title":{"rendered":"Pavillon-s t\u00e9moins For\u00eat de sons Franqueville  2024"},"content":{"rendered":"","protected":false},"excerpt":{"rendered":"","protected":false},"author":1,"featured_media":781,"comment_status":"closed","ping_status":"closed","sticky":false,"template":"","format":"standard","meta":[],"categories":[10],"tags":[],"class_list":["post-782","post","type-post","status-publish","has-post-thumbnail","hentry","category-pavillon-s-temoins"],"grid":"{\r\n  \"colCount\": 12,\r\n  \"colGutter\": 1,\r\n  \"rowGutters\": [\r\n    2.5,\r\n    0,\r\n    2,\r\n    2,\r\n    2,\r\n    2\r\n  ],\r\n  \"frameMargin\": 5,\r\n  \"leftFrameMargin\": 2.5,\r\n  \"rightFrameMargin\": 5,\r\n  \"topFrameMargin\": 180,\r\n  \"bottomFrameMargin\": 5,\r\n  \"rowAttrs\": [\r\n    {},\r\n    {},\r\n    {},\r\n    {},\r\n    {},\r\n    {},\r\n    {}\r\n  ],\r\n  \"bgColor\": null,\r\n  \"bgImage\": null,\r\n  \"cont\": [\r\n    {\r\n      \"type\": \"text\",\r\n      \"cont\": \"<h1 class=\\\"_titre_rose\\\"><span style=\\\"color: #ff00ff;\\\"><a style=\\\"color: #ff00ff;\\\" href=\\\"http:\/\/pavillon-s.com\/franqueville-artistes-projets-2024\/\\\" data-type=\\\"page\\\" data-id=\\\"714\\\" data-title=\\\"Pavillon-s t\u00e9moins Franqueville-Saint-Pierre artistes projets 2024\\\">Pavillon-s t\u00e9moins, Franqueville<\/a><\/span><\/h1>\",\r\n      \"align\": \"top\",\r\n      \"row\": 0,\r\n      \"col\": 0,\r\n      \"colspan\": 8,\r\n      \"offsetx\": 0,\r\n      \"offsety\": 0,\r\n      \"spaceabove\": 0,\r\n      \"spacebelow\": 0,\r\n      \"yvel\": 1,\r\n      \"push\": 0,\r\n      \"relid\": 9\r\n    },\r\n    {\r\n      \"type\": \"text\",\r\n      \"cont\": \"<h1 class=\\\"_Titre_spectacle\\\"><em>For\u00eat de sons<\/em><br \/>Hubert Michel<\/h1>\",\r\n      \"align\": \"top\",\r\n      \"row\": 1,\r\n      \"col\": 0,\r\n      \"colspan\": 7,\r\n      \"offsetx\": 0,\r\n      \"offsety\": 0,\r\n      \"spaceabove\": 0,\r\n      \"spacebelow\": 0,\r\n      \"yvel\": 1,\r\n      \"push\": 0,\r\n      \"relid\": 4\r\n    },\r\n    {\r\n      \"type\": \"text\",\r\n      \"cont\": \"<p class=\\\"_texte_page\\\">Du 24 au 29 juin \u00e0 Franqueville-Saint-Pierre<\/p>\",\r\n      \"align\": \"top\",\r\n      \"row\": 2,\r\n      \"col\": 0,\r\n      \"colspan\": 7,\r\n      \"offsetx\": 0,\r\n      \"offsety\": 0,\r\n      \"spaceabove\": 0,\r\n      \"spacebelow\": 0,\r\n      \"yvel\": 1,\r\n      \"push\": 0,\r\n      \"relid\": 5,\r\n      \"frameOverflow\": \"\"\r\n    },\r\n    {\r\n      \"type\": \"carousel\",\r\n      \"cont\": \"\",\r\n      \"align\": \"top\",\r\n      \"row\": 3,\r\n      \"col\": 0,\r\n      \"colspan\": 5,\r\n      \"offsetx\": 0,\r\n      \"offsety\": 0,\r\n      \"spaceabove\": 0,\r\n      \"spacebelow\": 0,\r\n      \"yvel\": 1,\r\n      \"push\": 0,\r\n      \"relid\": 182,\r\n      \"carousel_options\": {\r\n        \"random\": false,\r\n        \"autoplay\": true,\r\n        \"showMultipleSlides\": false,\r\n        \"freeScroll\": false,\r\n        \"mousewheelScroll\": false,\r\n        \"size\": \"aspectRatioOfFirstElement\",\r\n        \"slidesWidth\": \"null\",\r\n        \"transition\": \"sliding\",\r\n        \"loop\": \"1\",\r\n        \"spaceBetween\": 0,\r\n        \"captionsUnderSlides\": false,\r\n        \"disableClick\": false\r\n      },\r\n      \"carousel\": [\r\n        {\r\n          \"type\": \"img\",\r\n          \"attid\": 977,\r\n          \"cont\": \"\/wp-content\/uploads\/2024\/04\/Foretdesons\u00a9EmmanuelleVoDinh.IMG_5201.jpg\",\r\n          \"sizes\": {\r\n            \"full\": \"\/wp-content\/uploads\/2024\/04\/Foretdesons\u00a9EmmanuelleVoDinh.IMG_5201.jpg\",\r\n            \"_1280\": \"\/wp-content\/uploads\/2024\/04\/Foretdesons\u00a9EmmanuelleVoDinh.IMG_5201-1280x960.jpg\",\r\n            \"_1024\": \"\/wp-content\/uploads\/2024\/04\/Foretdesons\u00a9EmmanuelleVoDinh.IMG_5201-1024x768.jpg\",\r\n            \"_768\": \"\/wp-content\/uploads\/2024\/04\/Foretdesons\u00a9EmmanuelleVoDinh.IMG_5201-768x576.jpg\",\r\n            \"_512\": \"\/wp-content\/uploads\/2024\/04\/Foretdesons\u00a9EmmanuelleVoDinh.IMG_5201-512x384.jpg\",\r\n            \"_265\": \"\/wp-content\/uploads\/2024\/04\/Foretdesons\u00a9EmmanuelleVoDinh.IMG_5201-265x199.jpg\"\r\n          },\r\n          \"w\": 1843,\r\n          \"h\": 1382,\r\n          \"ar\": 0.7498643516006511,\r\n          \"alt\": \"\",\r\n          \"caption\": \"<p class=\\\"_texte_page\\\">\u00a9 Emmanuelle Vo-Dinh<\/p>\"\r\n        },\r\n        {\r\n          \"type\": \"img\",\r\n          \"attid\": 976,\r\n          \"cont\": \"\/wp-content\/uploads\/2024\/04\/Foretdesons\u00a9MarieSerresGiancotti.IMG_9885.jpg\",\r\n          \"sizes\": {\r\n            \"full\": \"\/wp-content\/uploads\/2024\/04\/Foretdesons\u00a9MarieSerresGiancotti.IMG_9885.jpg\",\r\n            \"_1920\": \"\/wp-content\/uploads\/2024\/04\/Foretdesons\u00a9MarieSerresGiancotti.IMG_9885-1920x1280.jpg\",\r\n            \"_1280\": \"\/wp-content\/uploads\/2024\/04\/Foretdesons\u00a9MarieSerresGiancotti.IMG_9885-1280x854.jpg\",\r\n            \"_1024\": \"\/wp-content\/uploads\/2024\/04\/Foretdesons\u00a9MarieSerresGiancotti.IMG_9885-1024x683.jpg\",\r\n            \"_768\": \"\/wp-content\/uploads\/2024\/04\/Foretdesons\u00a9MarieSerresGiancotti.IMG_9885-768x512.jpg\",\r\n            \"_512\": \"\/wp-content\/uploads\/2024\/04\/Foretdesons\u00a9MarieSerresGiancotti.IMG_9885-512x341.jpg\",\r\n            \"_265\": \"\/wp-content\/uploads\/2024\/04\/Foretdesons\u00a9MarieSerresGiancotti.IMG_9885-265x177.jpg\"\r\n          },\r\n          \"w\": 1984,\r\n          \"h\": 1323,\r\n          \"ar\": 0.6668346774193549,\r\n          \"alt\": \"\",\r\n          \"caption\": \"<p class=\\\"_texte_page\\\">\u00a9 Marie Serres-Giancotti<\/p>\"\r\n        }\r\n      ],\r\n      \"frameOverflow\": \"\"\r\n    },\r\n    {\r\n      \"type\": \"text\",\r\n      \"cont\": \"<p class=\\\"_texte_page\\\">Cette installation sonore immersive a mis en miroir notre environnement sonore a\u0300 travers une approche collaborative. Gr\u00e2ce a\u0300 la multitude de hauts parleurs, les matie\u0300res sonores, collecte\u0301es aupre\u0300s des Franquevillais, il a transport\u00e9 les auditeurs au c\u0153ur d'une ve\u0301ritable for\u00eat sonore. Cette installation a invit\u00e9 a\u0300 oui\u0308r, entendre et e\u0301couter le monde avec une nouvelle perpective.<\/p>\",\r\n      \"align\": \"top\",\r\n      \"row\": 4,\r\n      \"col\": 0,\r\n      \"colspan\": 8,\r\n      \"offsetx\": 0,\r\n      \"offsety\": 0,\r\n      \"spaceabove\": 0,\r\n      \"spacebelow\": 0,\r\n      \"yvel\": 1,\r\n      \"push\": 0,\r\n      \"relid\": 6\r\n    },\r\n    {\r\n      \"type\": \"text\",\r\n      \"cont\": \"<p class=\\\"_texte_page\\\"><span style=\\\"color: #1500f6;\\\">Collecte de sons<\/span><br \/>Lundi 24, mardi 25, jeudi 27, vendredi 28 juin, de 14h \u00e0 17h, en itin\u00e9rance<br \/>Lundi 24, mardi 25, jeudi 27, vendredi 28 juin, de 17h \u00e0 20h, \u00c9cole de musique du Plateau Est<br \/>Mercredi 26 juin, de 10h \u00e0 12h, \u00c9cole de musique du Plateau Est<br \/>Mercredi 26 juin, de 14h \u00e0 17h, en itin\u00e9rance<\/p><p class=\\\"_texte_page\\\"><span style=\\\"color: #1500f6;\\\">Installation sonore<\/span><br \/>Samedi 29 juin, de 14h \u00e0 17h, derri\u00e8re l'\u00c9glise Notre-Dame de Franqueville<\/p><p class=\\\"_texte_page\\\">Vous souhaitez en savoir plus ? <span style=\\\"color: #1500f6;\\\"><a style=\\\"color: #1500f6;\\\" href=\\\"mailto:contact@pavillon-s.com\\\">contact@pavillon-s.com<\/a> \/ 06 59 70 08 41<\/span><\/p><p class=\\\"_texte_page\\\">* Pavillon-s et Hubert Michel remercient Allan Rouillard et l\u2019e\u0301tablissement Jousse-Ydilcar-Rouen-Est pour le pre\u0302t du camping-car.<\/p>\",\r\n      \"align\": \"top\",\r\n      \"row\": 5,\r\n      \"col\": 0,\r\n      \"colspan\": 8,\r\n      \"offsetx\": 0,\r\n      \"offsety\": 0,\r\n      \"spaceabove\": 0,\r\n      \"spacebelow\": 0,\r\n      \"yvel\": 1,\r\n      \"push\": 0,\r\n      \"relid\": 753\r\n    },\r\n    {\r\n      \"type\": \"text\",\r\n      \"cont\": \"<p class=\\\"_texte_page\\\"><span style=\\\"color: #1500f6;\\\">Hubert Michel<\/span> d\u00e9couvre la musique \u00e9lectroacoustique en 1998 pendant ses \u00e9tudes.\u00a0Elle lui permet une pratique musicale avec l'utilisation de machines, sans le solf\u00e8ge traditionnel. Sa musique prend sa source dans la captation de sons ou de paysages sonores. Ses cr\u00e9ations\u00a0proposent des tranches de vie o\u00f9 se croisent les sons de la ville, des mati\u00e8res sonores et des sons \u00e9lectroniques. Fascin\u00e9 par la possibilit\u00e9 de mettre en espace les sons, il poss\u00e8de son propre outil de multi-diffusion :\u00a0La B\u00e9tonneuse.\u00a0Reconnu dans cette pratique, il est en charge de l\u2019acousmonium dans les festivals de\u00a0musique improvis\u00e9e comme \u00ab\u00a0PiedNu\u00a0\u00bb ou \u00ab\u00a0Plages Sonores\u00a0\u00bb,\u00a0musique improvis\u00e9e qu\u2019il pratique \u00e9galement en solo ou avec d\u2019autres musiciens.<br \/>Hubert\u00a0Michel est\u00a0membre\u00a0 du collectif Module \u00e9trange (association de compositeurs et artistes multimedia bas\u00e9e \u00e0 Rouen)\u00a0avec\u00a0Thomas Collin, Gilles Dequidt et Fran\u00e7ois Buffet.<br \/><span style=\\\"color: #1500f6;\\\"><a style=\\\"color: #1500f6;\\\" href=\\\"http:\/\/www.module-etrange.org\/module-etrange\/\\\">http:\/\/www.module-etrange.org\/module-etrange\/<\/a><\/span><\/p>\",\r\n      \"align\": \"top\",\r\n      \"row\": 6,\r\n      \"col\": 0,\r\n      \"colspan\": 8,\r\n      \"offsetx\": 0,\r\n      \"offsety\": 0,\r\n      \"spaceabove\": 0,\r\n      \"spacebelow\": 0,\r\n      \"yvel\": 1,\r\n      \"push\": 0,\r\n      \"relid\": 7\r\n    }\r\n  ]\r\n}","phonegrid":"{\r\n  \"colCount\": 12,\r\n  \"colGutter\": 1,\r\n  \"rowGutters\": [\r\n    \"2.5\",\r\n    \"0\",\r\n    \"2\",\r\n    \"2\",\r\n    \"2\",\r\n    \"2\"\r\n  ],\r\n  \"frameMargin\": 5,\r\n  \"leftFrameMargin\": 5,\r\n  \"rightFrameMargin\": 5,\r\n  \"topFrameMargin\": \"15\",\r\n  \"bottomFrameMargin\": 5,\r\n  \"rowAttrs\": [\r\n    {},\r\n    {},\r\n    {},\r\n    {},\r\n    {},\r\n    {},\r\n    {}\r\n  ],\r\n  \"bgColor\": null,\r\n  \"bgImage\": null,\r\n  \"cont\": [\r\n    {\r\n      \"type\": \"text\",\r\n      \"cont\": \"<h1 class=\\\"_titre_rose\\\"><span style=\\\"color: #ff00ff;\\\"><a style=\\\"color: #ff00ff;\\\" href=\\\"http:\/\/pavillon-s.com\/franqueville-artistes-projets-2024\/\\\" data-type=\\\"page\\\" data-id=\\\"714\\\" data-title=\\\"Pavillon-s t\u00e9moins Franqueville-Saint-Pierre artistes projets 2024\\\">Pavillon-s t\u00e9moins, Franqueville<\/a><\/span><\/h1>\",\r\n      \"align\": \"bottom\",\r\n      \"row\": 0,\r\n      \"col\": 0,\r\n      \"colspan\": 12,\r\n      \"offsetx\": 0,\r\n      \"offsety\": 0,\r\n      \"spaceabove\": 0,\r\n      \"spacebelow\": 0,\r\n      \"yvel\": 1,\r\n      \"push\": 0,\r\n      \"relid\": 9\r\n    },\r\n    {\r\n      \"type\": \"text\",\r\n      \"cont\": \"<h1 class=\\\"_Titre_spectacle\\\"><em>For\u00eat de sons<\/em><br \/>Hubert Michel<\/h1>\",\r\n      \"align\": \"bottom\",\r\n      \"row\": 1,\r\n      \"col\": 0,\r\n      \"colspan\": 12,\r\n      \"offsetx\": 0,\r\n      \"offsety\": 0,\r\n      \"spaceabove\": 0,\r\n      \"spacebelow\": 0,\r\n      \"yvel\": 1,\r\n      \"push\": 0,\r\n      \"relid\": 4\r\n    },\r\n    {\r\n      \"type\": \"text\",\r\n      \"cont\": \"<p class=\\\"_texte_page\\\">Du 24 au 29 juin \u00e0 Franqueville-Saint-Pierre<\/p>\",\r\n      \"align\": \"top\",\r\n      \"row\": 2,\r\n      \"col\": 0,\r\n      \"colspan\": 12,\r\n      \"offsetx\": 0,\r\n      \"offsety\": 0,\r\n      \"spaceabove\": 0,\r\n      \"spacebelow\": 0,\r\n      \"yvel\": 1,\r\n      \"push\": 0,\r\n      \"relid\": 8\r\n    },\r\n    {\r\n      \"type\": \"carousel\",\r\n      \"cont\": \"\",\r\n      \"align\": \"bottom\",\r\n      \"row\": 3,\r\n      \"col\": 0,\r\n      \"colspan\": 12,\r\n      \"offsetx\": 0,\r\n      \"offsety\": 0,\r\n      \"spaceabove\": 0,\r\n      \"spacebelow\": 0,\r\n      \"yvel\": 1,\r\n      \"push\": 0,\r\n      \"relid\": 182,\r\n      \"carousel_options\": {\r\n        \"random\": false,\r\n        \"autoplay\": true,\r\n        \"showMultipleSlides\": false,\r\n        \"freeScroll\": false,\r\n        \"mousewheelScroll\": false,\r\n        \"size\": \"aspectRatioOfFirstElement\",\r\n        \"slidesWidth\": \"null\",\r\n        \"transition\": \"sliding\",\r\n        \"loop\": \"1\",\r\n        \"spaceBetween\": 0,\r\n        \"captionsUnderSlides\": false,\r\n        \"disableClick\": false\r\n      },\r\n      \"carousel\": [\r\n        {\r\n          \"type\": \"img\",\r\n          \"attid\": 977,\r\n          \"cont\": \"\/wp-content\/uploads\/2024\/04\/Foretdesons\u00a9EmmanuelleVoDinh.IMG_5201.jpg\",\r\n          \"sizes\": {\r\n            \"full\": \"\/wp-content\/uploads\/2024\/04\/Foretdesons\u00a9EmmanuelleVoDinh.IMG_5201.jpg\",\r\n            \"_1280\": \"\/wp-content\/uploads\/2024\/04\/Foretdesons\u00a9EmmanuelleVoDinh.IMG_5201-1280x960.jpg\",\r\n            \"_1024\": \"\/wp-content\/uploads\/2024\/04\/Foretdesons\u00a9EmmanuelleVoDinh.IMG_5201-1024x768.jpg\",\r\n            \"_768\": \"\/wp-content\/uploads\/2024\/04\/Foretdesons\u00a9EmmanuelleVoDinh.IMG_5201-768x576.jpg\",\r\n            \"_512\": \"\/wp-content\/uploads\/2024\/04\/Foretdesons\u00a9EmmanuelleVoDinh.IMG_5201-512x384.jpg\",\r\n            \"_265\": \"\/wp-content\/uploads\/2024\/04\/Foretdesons\u00a9EmmanuelleVoDinh.IMG_5201-265x199.jpg\"\r\n          },\r\n          \"w\": 1843,\r\n          \"h\": 1382,\r\n          \"ar\": 0.7498643516006511,\r\n          \"alt\": \"\",\r\n          \"caption\": \"<p class=\\\"_texte_page\\\">\u00a9 Emmanuelle Vo-Dinh<\/p>\"\r\n        },\r\n        {\r\n          \"type\": \"img\",\r\n          \"attid\": 976,\r\n          \"cont\": \"\/wp-content\/uploads\/2024\/04\/Foretdesons\u00a9MarieSerresGiancotti.IMG_9885.jpg\",\r\n          \"sizes\": {\r\n            \"full\": \"\/wp-content\/uploads\/2024\/04\/Foretdesons\u00a9MarieSerresGiancotti.IMG_9885.jpg\",\r\n            \"_1920\": \"\/wp-content\/uploads\/2024\/04\/Foretdesons\u00a9MarieSerresGiancotti.IMG_9885-1920x1280.jpg\",\r\n            \"_1280\": \"\/wp-content\/uploads\/2024\/04\/Foretdesons\u00a9MarieSerresGiancotti.IMG_9885-1280x854.jpg\",\r\n            \"_1024\": \"\/wp-content\/uploads\/2024\/04\/Foretdesons\u00a9MarieSerresGiancotti.IMG_9885-1024x683.jpg\",\r\n            \"_768\": \"\/wp-content\/uploads\/2024\/04\/Foretdesons\u00a9MarieSerresGiancotti.IMG_9885-768x512.jpg\",\r\n            \"_512\": \"\/wp-content\/uploads\/2024\/04\/Foretdesons\u00a9MarieSerresGiancotti.IMG_9885-512x341.jpg\",\r\n            \"_265\": \"\/wp-content\/uploads\/2024\/04\/Foretdesons\u00a9MarieSerresGiancotti.IMG_9885-265x177.jpg\"\r\n          },\r\n          \"w\": 1984,\r\n          \"h\": 1323,\r\n          \"ar\": 0.6668346774193549,\r\n          \"alt\": \"\",\r\n          \"caption\": \"<p class=\\\"_texte_page\\\">\u00a9 Marie Serres-Giancotti<\/p>\"\r\n        }\r\n      ],\r\n      \"frameOverflow\": \"\"\r\n    },\r\n    {\r\n      \"type\": \"text\",\r\n      \"cont\": \"<p class=\\\"_texte_page\\\">Cette installation sonore immersive a mis en miroir notre environnement sonore a\u0300 travers une approche collaborative. Gr\u00e2ce a\u0300 la multitude de hauts parleurs, les matie\u0300res sonores, collecte\u0301es aupre\u0300s des Franquevillais, il a transport\u00e9 les auditeurs au c\u0153ur d'une ve\u0301ritable for\u00eat sonore. Cette installation a invit\u00e9 a\u0300 oui\u0308r, entendre et e\u0301couter le monde avec une nouvelle perpective.<\/p>\",\r\n      \"align\": \"bottom\",\r\n      \"row\": 4,\r\n      \"col\": 0,\r\n      \"colspan\": 12,\r\n      \"offsetx\": 0,\r\n      \"offsety\": 0,\r\n      \"spaceabove\": 0,\r\n      \"spacebelow\": 0,\r\n      \"yvel\": 1,\r\n      \"push\": 0,\r\n      \"relid\": 6\r\n    },\r\n    {\r\n      \"type\": \"text\",\r\n      \"cont\": \"<p class=\\\"_texte_page\\\"><span style=\\\"color: #1500f6;\\\">Collecte de sons<\/span><br \/>Lundi 24, mardi 25, jeudi 27, vendredi 28 juin, de 14h \u00e0 17h, en itin\u00e9rance<br \/>Lundi 24, mardi 25, jeudi 27, vendredi 28 juin, de 17h \u00e0 20h, \u00c9cole de musique du Plateau Est<br \/>Mercredi 26 juin, de 10h \u00e0 12h, \u00c9cole de musique du Plateau Est<br \/>Mercredi 26 juin, de 14h \u00e0 17h, en itin\u00e9rance<\/p><p class=\\\"_texte_page\\\"><span style=\\\"color: #1500f6;\\\">Installation sonore<\/span><br \/>Samedi 29 juin, de 14h \u00e0 17h, derri\u00e8re l'\u00c9glise Notre-Dame de Franqueville<\/p><p class=\\\"_texte_page\\\">Vous souhaitez en savoir plus ? <span style=\\\"color: #1500f6;\\\"><a style=\\\"color: #1500f6;\\\" href=\\\"mailto:contact@pavillon-s.com\\\">contact@pavillon-s.com<\/a> \/ 06 59 70 08 41<\/span><\/p>\",\r\n      \"align\": \"middle\",\r\n      \"row\": 5,\r\n      \"col\": 0,\r\n      \"colspan\": 12,\r\n      \"offsetx\": 0,\r\n      \"offsety\": 0,\r\n      \"spaceabove\": 0,\r\n      \"spacebelow\": 0,\r\n      \"yvel\": 1,\r\n      \"push\": 0,\r\n      \"relid\": 10\r\n    },\r\n    {\r\n      \"type\": \"text\",\r\n      \"cont\": \"<p class=\\\"_texte_page\\\"><span style=\\\"color: #1500f6;\\\">Hubert Michel<\/span> d\u00e9couvre la musique \u00e9lectroacoustique en 1998 pendant ses \u00e9tudes.\u00a0Elle lui permet une pratique musicale avec l'utilisation de machines, sans le solf\u00e8ge traditionnel. Sa musique prend sa source dans la captation de sons ou de paysages sonores. Ses cr\u00e9ations\u00a0proposent des tranches de vie o\u00f9 se croisent les sons de la ville, des mati\u00e8res sonores et des sons \u00e9lectroniques. Fascin\u00e9 par la possibilit\u00e9 de mettre en espace les sons, il poss\u00e8de son propre outil de multi-diffusion :\u00a0La B\u00e9tonneuse.\u00a0Reconnu dans cette pratique, il est en charge de l\u2019acousmonium dans les festivals de\u00a0musique improvis\u00e9e comme \u00ab\u00a0PiedNu\u00a0\u00bb ou \u00ab\u00a0Plages Sonores\u00a0\u00bb,\u00a0musique improvis\u00e9e qu\u2019il pratique \u00e9galement en solo ou avec d\u2019autres musiciens.<br \/>Hubert\u00a0Michel est\u00a0membre\u00a0 du collectif Module \u00e9trange (association de compositeurs et artistes multimedia bas\u00e9e \u00e0 Rouen)\u00a0avec\u00a0Thomas Collin, Gilles Dequidt et Fran\u00e7ois Buffet.<br \/><span style=\\\"color: #1500f6;\\\"><a style=\\\"color: #1500f6;\\\" href=\\\"http:\/\/www.module-etrange.org\/module-etrange\/\\\">http:\/\/www.module-etrange.org\/module-etrange\/<\/a><\/span><\/p>\",\r\n      \"align\": \"bottom\",\r\n      \"row\": 6,\r\n      \"col\": 0,\r\n      \"colspan\": 12,\r\n      \"offsetx\": 0,\r\n      \"offsety\": 0,\r\n      \"spaceabove\": 0,\r\n      \"spacebelow\": 0,\r\n      \"yvel\": 1,\r\n      \"push\": 0,\r\n      \"relid\": 7\r\n    }\r\n  ]\r\n}","_links":{"self":[{"href":"http:\/\/pavillon-s.com\/en\/wp-json\/wp\/v2\/posts\/782","targetHints":{"allow":["GET"]}}],"collection":[{"href":"http:\/\/pavillon-s.com\/en\/wp-json\/wp\/v2\/posts"}],"about":[{"href":"http:\/\/pavillon-s.com\/en\/wp-json\/wp\/v2\/types\/post"}],"author":[{"embeddable":true,"href":"http:\/\/pavillon-s.com\/en\/wp-json\/wp\/v2\/users\/1"}],"replies":[{"embeddable":true,"href":"http:\/\/pavillon-s.com\/en\/wp-json\/wp\/v2\/comments?post=782"}],"version-history":[{"count":0,"href":"http:\/\/pavillon-s.com\/en\/wp-json\/wp\/v2\/posts\/782\/revisions"}],"wp:featuredmedia":[{"embeddable":true,"href":"http:\/\/pavillon-s.com\/en\/wp-json\/wp\/v2\/media\/781"}],"wp:attachment":[{"href":"http:\/\/pavillon-s.com\/en\/wp-json\/wp\/v2\/media?parent=782"}],"wp:term":[{"taxonomy":"category","embeddable":true,"href":"http:\/\/pavillon-s.com\/en\/wp-json\/wp\/v2\/categories?post=782"},{"taxonomy":"post_tag","embeddable":true,"href":"http:\/\/pavillon-s.com\/en\/wp-json\/wp\/v2\/tags?post=782"}],"curies":[{"name":"wp","href":"https:\/\/api.w.org\/{rel}","templated":true}]}}