{"id":747,"date":"2024-04-08T15:13:41","date_gmt":"2022-07-16T20:14:41","guid":{"rendered":"http:\/\/pavillon-s.com\/roumarefranqueville_le_sel_de_la_vie-2\/"},"modified":"2024-11-28T08:52:54","modified_gmt":"2024-11-28T07:52:54","slug":"roumare_viesdegrenier","status":"publish","type":"post","link":"http:\/\/pavillon-s.com\/en\/roumare_viesdegrenier\/","title":{"rendered":"Pavillon-s t\u00e9moins Vies de grenier Roumare 2024"},"content":{"rendered":"","protected":false},"excerpt":{"rendered":"","protected":false},"author":1,"featured_media":748,"comment_status":"closed","ping_status":"closed","sticky":false,"template":"","format":"standard","meta":[],"categories":[10],"tags":[],"class_list":["post-747","post","type-post","status-publish","has-post-thumbnail","hentry","category-pavillon-s-temoins"],"grid":"{\r\n  \"colCount\": 12,\r\n  \"colGutter\": 1,\r\n  \"rowGutters\": [\r\n    2.5,\r\n    0,\r\n    2,\r\n    2,\r\n    2,\r\n    2,\r\n    2\r\n  ],\r\n  \"frameMargin\": 5,\r\n  \"leftFrameMargin\": 2.5,\r\n  \"rightFrameMargin\": 5,\r\n  \"topFrameMargin\": 180,\r\n  \"bottomFrameMargin\": 5,\r\n  \"rowAttrs\": [\r\n    {},\r\n    {},\r\n    {},\r\n    {},\r\n    {},\r\n    {},\r\n    {},\r\n    {}\r\n  ],\r\n  \"bgColor\": null,\r\n  \"bgImage\": null,\r\n  \"cont\": [\r\n    {\r\n      \"type\": \"text\",\r\n      \"cont\": \"<h1 class=\\\"_titre_rose\\\"><span style=\\\"color: #ff00ff;\\\"><a style=\\\"color: #ff00ff;\\\" href=\\\"http:\/\/pavillon-s.com\/roumare-artistes-projets-2024\/\\\" data-type=\\\"page\\\" data-id=\\\"710\\\" data-title=\\\"Pavillon-s t\u00e9moins Boucle de Roumare artistes projets 2024\\\">Pavillon-s t\u00e9moins, Boucle de Roumare<\/a><\/span><\/h1>\",\r\n      \"align\": \"top\",\r\n      \"row\": 0,\r\n      \"col\": 0,\r\n      \"colspan\": 8,\r\n      \"offsetx\": 0,\r\n      \"offsety\": 0,\r\n      \"spaceabove\": 0,\r\n      \"spacebelow\": 0,\r\n      \"yvel\": 1,\r\n      \"push\": 0,\r\n      \"relid\": 9\r\n    },\r\n    {\r\n      \"type\": \"text\",\r\n      \"cont\": \"<h1 class=\\\"_Titre_spectacle\\\"><em>Vies de grenier<\/em><br \/>Collectif Embuscade<\/h1>\",\r\n      \"align\": \"top\",\r\n      \"row\": 1,\r\n      \"col\": 0,\r\n      \"colspan\": 7,\r\n      \"offsetx\": 0,\r\n      \"offsety\": 0,\r\n      \"spaceabove\": 0,\r\n      \"spacebelow\": 0,\r\n      \"yvel\": 1,\r\n      \"push\": 0,\r\n      \"relid\": 4\r\n    },\r\n    {\r\n      \"type\": \"text\",\r\n      \"cont\": \"<p class=\\\"_texte_page\\\">du 24 au 29 juin dans la Boucle de Roumare<\/p>\",\r\n      \"align\": \"top\",\r\n      \"row\": 2,\r\n      \"col\": 0,\r\n      \"colspan\": 7,\r\n      \"offsetx\": 0,\r\n      \"offsety\": 0,\r\n      \"spaceabove\": 0,\r\n      \"spacebelow\": 0,\r\n      \"yvel\": 1,\r\n      \"push\": 0,\r\n      \"relid\": 5\r\n    },\r\n    {\r\n      \"type\": \"carousel\",\r\n      \"cont\": \"\",\r\n      \"align\": \"top\",\r\n      \"row\": 3,\r\n      \"col\": 0,\r\n      \"colspan\": 5,\r\n      \"offsetx\": 0,\r\n      \"offsety\": 0,\r\n      \"spaceabove\": 0,\r\n      \"spacebelow\": 0,\r\n      \"yvel\": 1,\r\n      \"push\": 0,\r\n      \"relid\": 182,\r\n      \"carousel_options\": {\r\n        \"random\": false,\r\n        \"autoplay\": true,\r\n        \"showMultipleSlides\": false,\r\n        \"freeScroll\": false,\r\n        \"mousewheelScroll\": false,\r\n        \"size\": \"aspectRatioOfFirstElement\",\r\n        \"slidesWidth\": \"null\",\r\n        \"transition\": \"sliding\",\r\n        \"loop\": \"1\",\r\n        \"spaceBetween\": 0,\r\n        \"captionsUnderSlides\": false,\r\n        \"disableClick\": false\r\n      },\r\n      \"carousel\": [\r\n        {\r\n          \"type\": \"img\",\r\n          \"attid\": 980,\r\n          \"cont\": \"\/wp-content\/uploads\/2024\/04\/Vies_de_grenier@Solenne_Racape_2.jpg\",\r\n          \"sizes\": {\r\n            \"full\": \"\/wp-content\/uploads\/2024\/04\/Vies_de_grenier@Solenne_Racape_2.jpg\",\r\n            \"_2560\": \"\/wp-content\/uploads\/2024\/04\/Vies_de_grenier@Solenne_Racape_2-2560x1920.jpg\",\r\n            \"_1920\": \"\/wp-content\/uploads\/2024\/04\/Vies_de_grenier@Solenne_Racape_2-1920x1440.jpg\",\r\n            \"_1280\": \"\/wp-content\/uploads\/2024\/04\/Vies_de_grenier@Solenne_Racape_2-1280x960.jpg\",\r\n            \"_1024\": \"\/wp-content\/uploads\/2024\/04\/Vies_de_grenier@Solenne_Racape_2-1024x768.jpg\",\r\n            \"_768\": \"\/wp-content\/uploads\/2024\/04\/Vies_de_grenier@Solenne_Racape_2-768x576.jpg\",\r\n            \"_512\": \"\/wp-content\/uploads\/2024\/04\/Vies_de_grenier@Solenne_Racape_2-512x384.jpg\",\r\n            \"_265\": \"\/wp-content\/uploads\/2024\/04\/Vies_de_grenier@Solenne_Racape_2-265x199.jpg\"\r\n          },\r\n          \"w\": 2835,\r\n          \"h\": 2126,\r\n          \"ar\": 0.7499118165784833,\r\n          \"alt\": \"\",\r\n          \"caption\": \"<p class=\\\"_texte_page\\\">\u00a9 Maire Serres-Giancotti<\/p>\"\r\n        },\r\n        {\r\n          \"type\": \"img\",\r\n          \"attid\": 981,\r\n          \"cont\": \"\/wp-content\/uploads\/2024\/04\/Viesdegrenier_Roumare\u00a9MarieSerresGiancotti.IMG_9726.jpg\",\r\n          \"sizes\": {\r\n            \"full\": \"\/wp-content\/uploads\/2024\/04\/Viesdegrenier_Roumare\u00a9MarieSerresGiancotti.IMG_9726.jpg\",\r\n            \"_1920\": \"\/wp-content\/uploads\/2024\/04\/Viesdegrenier_Roumare\u00a9MarieSerresGiancotti.IMG_9726-1920x1483.jpg\",\r\n            \"_1280\": \"\/wp-content\/uploads\/2024\/04\/Viesdegrenier_Roumare\u00a9MarieSerresGiancotti.IMG_9726-1280x988.jpg\",\r\n            \"_1024\": \"\/wp-content\/uploads\/2024\/04\/Viesdegrenier_Roumare\u00a9MarieSerresGiancotti.IMG_9726-1024x791.jpg\",\r\n            \"_768\": \"\/wp-content\/uploads\/2024\/04\/Viesdegrenier_Roumare\u00a9MarieSerresGiancotti.IMG_9726-768x593.jpg\",\r\n            \"_512\": \"\/wp-content\/uploads\/2024\/04\/Viesdegrenier_Roumare\u00a9MarieSerresGiancotti.IMG_9726-512x395.jpg\",\r\n            \"_265\": \"\/wp-content\/uploads\/2024\/04\/Viesdegrenier_Roumare\u00a9MarieSerresGiancotti.IMG_9726-265x205.jpg\"\r\n          },\r\n          \"w\": 1984,\r\n          \"h\": 1532,\r\n          \"ar\": 0.7721774193548387,\r\n          \"alt\": \"\",\r\n          \"caption\": \"<p class=\\\"_texte_page\\\">\u00a9 Marie Serres-Giancotti<\/p>\"\r\n        }\r\n      ],\r\n      \"frameOverflow\": \"\"\r\n    },\r\n    {\r\n      \"type\": \"text\",\r\n      \"cont\": \"<div title=\\\"Page 6\\\"><div><div><div><p class=\\\"_texte_page\\\">Les greniers ont une vie et les objets qui les habitent aussi ! Les habitant.e.s ont pu venir troquer les leurs et profiter pour raconter au Collectif Embuscade pourquoi ils souhaitaient s'en se\u0301parer.<br \/>En leur rendant hommage une dernie\u0300re fois, la re\u0301alite\u0301 a rencontr\u00e9 la fiction...et leurs re\u0301cits ont servi a\u0300 fabriquer du the\u0301a\u0302tre !<br \/><span style=\\\"letter-spacing: 0.01em; text-indent: 0em;\\\">Le Collectif Embuscade s'int\u00e9resse aux objets que l'on jette, dont on se d\u00e9barrasse. Chaque objet a une histoire, un v\u00e9cu, une anecdote, que chacun a pu leur raconter lors de rencontres film\u00e9es ou enregistr\u00e9es en partie ou en entier pour donner lieu a\u0300 la construction d'une forme th\u00e9\u00e2trale ou\u0300 tout le monde a \u00e9t\u00e9 invite\u0301 \u00e0 partager ces bouts de souvenirs qui ont racont\u00e9 la puissance de la transmission et de l'\u00e9change.<\/span><\/p><\/div><\/div><\/div><\/div>\",\r\n      \"align\": \"top\",\r\n      \"row\": 4,\r\n      \"col\": 0,\r\n      \"colspan\": 9,\r\n      \"offsetx\": 0,\r\n      \"offsety\": 0,\r\n      \"spaceabove\": 0,\r\n      \"spacebelow\": 0,\r\n      \"yvel\": 1,\r\n      \"push\": 0,\r\n      \"relid\": 6\r\n    },\r\n    {\r\n      \"type\": \"text\",\r\n      \"cont\": \"<p class=\\\"_texte_page\\\"><span style=\\\"color: #1500f6;\\\">Perma-troc<\/span><br \/>Lundi 24 juin, 16h30,\u00a0E\u0301cole et Inter-Val, Val-de-la-Haye<br \/>Mardi 25 juin,16h,\u00a0E\u0301cole F. Innocent, Sahurs<br \/>Mercredi 26 juin, de 12h \u00e015h, L\u2019E\u0301meraude, Hautot-sur-Seine<br \/>Jeudi 27 juin, 16h30,\u00a0E\u0301cole L. Pergaud, St-Pierre<br \/><em><span style=\\\"color: #1500f6;\\\"><strong>Ench\u00e8res Vies de Grenier<\/strong><\/span> s<\/em>amedi 29 juin,17 h,\u00a0Inter-Val,\u00a0a\u0300 Val-de-la-Haye (dans le cadre de Val en fe\u0302te)<\/p><p class=\\\"_texte_page\\\"><span style=\\\"color: #1500f6;\\\">Rendez-vous r\u00e9serv\u00e9s aux \u00e9coles<\/span><br \/>Lundi 24 juin,\u00a010 h Impromptu,\u00a0E\u0301cole F. Innocent, Sahurs<br \/>Mardi 25 juin,10 h Impromptu,\u00a0E\u0301cole L. Pergaud, St-Pierre-de-Manneville\u00a0<\/p><p class=\\\"_texte_page\\\">Vous souhaitez en savoir plus? <span style=\\\"color: #1500f6;\\\">contact@pavillon-s.com \/ 06 59 70 08 41<\/span><\/p>\",\r\n      \"align\": \"middle\",\r\n      \"row\": 5,\r\n      \"col\": 0,\r\n      \"colspan\": 8,\r\n      \"offsetx\": 0,\r\n      \"offsety\": 0,\r\n      \"spaceabove\": 0,\r\n      \"spacebelow\": 0,\r\n      \"yvel\": 1,\r\n      \"push\": 0,\r\n      \"relid\": 393,\r\n      \"frameOverflow\": \"\"\r\n    },\r\n    {\r\n      \"type\": \"text\",\r\n      \"cont\": \"<p class=\\\"_texte_page\\\"><span style=\\\"color: #1500f6;\\\">Vies de grenier<\/span><br \/><span style=\\\"color: #1500f6;\\\">conception, mise en sc\u00e8ne, jeu<\/span> Ma\u00e9 Durand, Hanna\u00eb Grouard-Boull\u00e9, Samantha Le Bas\u00a0<br \/>Le Collectif Embuscade est soutenu par la Mairie de Val-de-la-Haye et par le Collectif 12 (Mantes la jolie).\u00a0<\/p>\",\r\n      \"align\": \"top\",\r\n      \"row\": 6,\r\n      \"col\": 0,\r\n      \"colspan\": 8,\r\n      \"offsetx\": 0,\r\n      \"offsety\": 0,\r\n      \"spaceabove\": 0,\r\n      \"spacebelow\": 0,\r\n      \"yvel\": 1,\r\n      \"push\": 0,\r\n      \"relid\": 7\r\n    },\r\n    {\r\n      \"type\": \"text\",\r\n      \"cont\": \"<div><p class=\\\"_texte_page\\\">Fond\u00e9 en 2019\u00a0au Val-De-la-Haye, le <span style=\\\"color: #1500f6;\\\">Collectif Embuscade<\/span> est\u00a0constitu\u00e9\u00a0de Hanna\u00eb Gouard-Boull\u00e9, Ma\u00eb Durand et Samantha Le Bas. Il partage son activit\u00e9 entre l\u2019Ile-de-France et la Normandie. Ses membres fondateurs se sont rencontr\u00e9s \u00e0 l\u2019Universit\u00e9 Paris 3 Sorbonne Nouvelle. Elles y partagent un cours sur le th\u00e9\u00e2tre documentaire et y nourrissent une r\u00e9flexion sur la relation entre le th\u00e9\u00e2tre, la m\u00e9moire et le r\u00e9cit historique.\u00a0Chaque membre du Collectif peut \u00eatre porteur d\u2019un projet. Toutes partagent l\u2019id\u00e9e simple mais n\u00e9anmoins fondamentale que le th\u00e9\u00e2tre se doit d\u2019\u00eatre accessible \u00e0 tou-te-s, fait par tou-te-s et pour tous. Ses membres travaillent \u00e0 d\u00e9velopper un th\u00e9\u00e2tre documentaire, comme outil de r\u00e9sonance \u00e0 l\u2019histoire.<br \/>Par ses cr\u00e9ations, le Collectif Embuscade souhaite amener le th\u00e9\u00e2tre l\u00e0 o\u00f9 on ne l\u2019attend pas : prendre le th\u00e9\u00e2tre et son public en \u201cembuscade\u201d, dans des sujets, des esth\u00e9tiques, des territoires \u00e0 d\u00e9fricher.<br \/><a style=\\\"color: #1500f6;\\\" href=\\\"https:\/\/www.facebook.com\/embuscade.collectif\/\\\">https:\/\/www.facebook.com\/embuscade.collectif\/<\/a><\/p><\/div>\",\r\n      \"align\": \"top\",\r\n      \"row\": 7,\r\n      \"col\": 0,\r\n      \"colspan\": 10,\r\n      \"offsetx\": 0,\r\n      \"offsety\": 0,\r\n      \"spaceabove\": 0,\r\n      \"spacebelow\": 0,\r\n      \"yvel\": 1,\r\n      \"push\": 0,\r\n      \"relid\": 394,\r\n      \"frameOverflow\": \"\"\r\n    }\r\n  ]\r\n}","phonegrid":"{\r\n  \"colCount\": 12,\r\n  \"colGutter\": 1,\r\n  \"rowGutters\": [\r\n    \"2\",\r\n    \"0\",\r\n    \"2\",\r\n    \"5\",\r\n    \"5\",\r\n    \"2\",\r\n    \"2\"\r\n  ],\r\n  \"frameMargin\": 5,\r\n  \"leftFrameMargin\": 5,\r\n  \"rightFrameMargin\": 5,\r\n  \"topFrameMargin\": \"15\",\r\n  \"bottomFrameMargin\": 5,\r\n  \"rowAttrs\": [\r\n    {},\r\n    {},\r\n    {},\r\n    {},\r\n    {},\r\n    {},\r\n    {},\r\n    {}\r\n  ],\r\n  \"bgColor\": null,\r\n  \"bgImage\": null,\r\n  \"cont\": [\r\n    {\r\n      \"type\": \"text\",\r\n      \"cont\": \"<h1 class=\\\"_titre_rose\\\"><span style=\\\"color: #ff00ff;\\\"><a style=\\\"color: #ff00ff;\\\" href=\\\"http:\/\/pavillon-s.com\/roumare-artistes-projets-2024\/\\\" data-type=\\\"page\\\" data-id=\\\"710\\\" data-title=\\\"Pavillon-s t\u00e9moins Boucle de Roumare artistes projets 2024\\\">Pavillon-s t\u00e9moins, Boucle de Roumare<\/a><\/span><\/h1>\",\r\n      \"align\": \"bottom\",\r\n      \"row\": 0,\r\n      \"col\": 0,\r\n      \"colspan\": 12,\r\n      \"offsetx\": 0,\r\n      \"offsety\": 0,\r\n      \"spaceabove\": 0,\r\n      \"spacebelow\": 0,\r\n      \"yvel\": 1,\r\n      \"push\": 0,\r\n      \"relid\": 9\r\n    },\r\n    {\r\n      \"type\": \"text\",\r\n      \"cont\": \"<h1 class=\\\"_Titre_spectacle\\\"><em>Vies de grenier<\/em><br \/>Collectif Embuscade<\/h1>\",\r\n      \"align\": \"top\",\r\n      \"row\": 1,\r\n      \"col\": 0,\r\n      \"colspan\": 12,\r\n      \"offsetx\": 0,\r\n      \"offsety\": 0,\r\n      \"spaceabove\": 0,\r\n      \"spacebelow\": 0,\r\n      \"yvel\": 1,\r\n      \"push\": 0,\r\n      \"relid\": 4\r\n    },\r\n    {\r\n      \"type\": \"text\",\r\n      \"cont\": \"<p class=\\\"_texte_page\\\">Du 24 au 29 juin dans la Boucle de Roumare<\/p>\",\r\n      \"align\": \"middle\",\r\n      \"row\": 2,\r\n      \"col\": 0,\r\n      \"colspan\": 12,\r\n      \"offsetx\": 0,\r\n      \"offsety\": 0,\r\n      \"spaceabove\": 0,\r\n      \"spacebelow\": 0,\r\n      \"yvel\": 1,\r\n      \"push\": 0,\r\n      \"relid\": 8\r\n    },\r\n    {\r\n      \"type\": \"carousel\",\r\n      \"cont\": \"\",\r\n      \"align\": \"top\",\r\n      \"row\": 3,\r\n      \"col\": 0,\r\n      \"colspan\": 12,\r\n      \"offsetx\": 0,\r\n      \"offsety\": 0,\r\n      \"spaceabove\": 0,\r\n      \"spacebelow\": 0,\r\n      \"yvel\": 1,\r\n      \"push\": 0,\r\n      \"relid\": 182,\r\n      \"carousel_options\": {\r\n        \"random\": false,\r\n        \"autoplay\": true,\r\n        \"showMultipleSlides\": false,\r\n        \"freeScroll\": false,\r\n        \"mousewheelScroll\": false,\r\n        \"size\": \"aspectRatioOfFirstElement\",\r\n        \"slidesWidth\": \"null\",\r\n        \"transition\": \"sliding\",\r\n        \"loop\": \"1\",\r\n        \"spaceBetween\": 0,\r\n        \"captionsUnderSlides\": false,\r\n        \"disableClick\": false\r\n      },\r\n      \"carousel\": [\r\n        {\r\n          \"type\": \"img\",\r\n          \"attid\": 980,\r\n          \"cont\": \"\/wp-content\/uploads\/2024\/04\/Vies_de_grenier@Solenne_Racape_2.jpg\",\r\n          \"sizes\": {\r\n            \"full\": \"\/wp-content\/uploads\/2024\/04\/Vies_de_grenier@Solenne_Racape_2.jpg\",\r\n            \"_2560\": \"\/wp-content\/uploads\/2024\/04\/Vies_de_grenier@Solenne_Racape_2-2560x1920.jpg\",\r\n            \"_1920\": \"\/wp-content\/uploads\/2024\/04\/Vies_de_grenier@Solenne_Racape_2-1920x1440.jpg\",\r\n            \"_1280\": \"\/wp-content\/uploads\/2024\/04\/Vies_de_grenier@Solenne_Racape_2-1280x960.jpg\",\r\n            \"_1024\": \"\/wp-content\/uploads\/2024\/04\/Vies_de_grenier@Solenne_Racape_2-1024x768.jpg\",\r\n            \"_768\": \"\/wp-content\/uploads\/2024\/04\/Vies_de_grenier@Solenne_Racape_2-768x576.jpg\",\r\n            \"_512\": \"\/wp-content\/uploads\/2024\/04\/Vies_de_grenier@Solenne_Racape_2-512x384.jpg\",\r\n            \"_265\": \"\/wp-content\/uploads\/2024\/04\/Vies_de_grenier@Solenne_Racape_2-265x199.jpg\"\r\n          },\r\n          \"w\": 2835,\r\n          \"h\": 2126,\r\n          \"ar\": 0.7499118165784833,\r\n          \"alt\": \"\",\r\n          \"caption\": \"<p class=\\\"_texte_page\\\">\u00a9 Maire Serres-Giancotti<\/p>\"\r\n        },\r\n        {\r\n          \"type\": \"img\",\r\n          \"attid\": 981,\r\n          \"cont\": \"\/wp-content\/uploads\/2024\/04\/Viesdegrenier_Roumare\u00a9MarieSerresGiancotti.IMG_9726.jpg\",\r\n          \"sizes\": {\r\n            \"full\": \"\/wp-content\/uploads\/2024\/04\/Viesdegrenier_Roumare\u00a9MarieSerresGiancotti.IMG_9726.jpg\",\r\n            \"_1920\": \"\/wp-content\/uploads\/2024\/04\/Viesdegrenier_Roumare\u00a9MarieSerresGiancotti.IMG_9726-1920x1483.jpg\",\r\n            \"_1280\": \"\/wp-content\/uploads\/2024\/04\/Viesdegrenier_Roumare\u00a9MarieSerresGiancotti.IMG_9726-1280x988.jpg\",\r\n            \"_1024\": \"\/wp-content\/uploads\/2024\/04\/Viesdegrenier_Roumare\u00a9MarieSerresGiancotti.IMG_9726-1024x791.jpg\",\r\n            \"_768\": \"\/wp-content\/uploads\/2024\/04\/Viesdegrenier_Roumare\u00a9MarieSerresGiancotti.IMG_9726-768x593.jpg\",\r\n            \"_512\": \"\/wp-content\/uploads\/2024\/04\/Viesdegrenier_Roumare\u00a9MarieSerresGiancotti.IMG_9726-512x395.jpg\",\r\n            \"_265\": \"\/wp-content\/uploads\/2024\/04\/Viesdegrenier_Roumare\u00a9MarieSerresGiancotti.IMG_9726-265x205.jpg\"\r\n          },\r\n          \"w\": 1984,\r\n          \"h\": 1532,\r\n          \"ar\": 0.7721774193548387,\r\n          \"alt\": \"\",\r\n          \"caption\": \"<p class=\\\"_texte_page\\\">\u00a9 Marie Serres-Giancotti<\/p>\"\r\n        }\r\n      ]\r\n    },\r\n    {\r\n      \"type\": \"text\",\r\n      \"cont\": \"<div title=\\\"Page 6\\\"><div><div><div><p class=\\\"_texte_page\\\">Les greniers ont une vie et les objets qui les habitent aussi ! Les habitant.e.s ont pu venir troquer les leurs et profiter pour raconter au Collectif Embuscade pourquoi ils souhaitaient s'en se\u0301parer.<br \/>En leur rendant hommage une dernie\u0300re fois, la re\u0301alite\u0301 a rencontr\u00e9 la fiction...et leurs re\u0301cits ont servi a\u0300 fabriquer du the\u0301a\u0302tre !<br \/><span style=\\\"letter-spacing: 0.01em; text-indent: 0em;\\\">Le Collectif Embuscade s'int\u00e9resse aux objets que l'on jette, dont on se d\u00e9barrasse. Chaque objet a une histoire, un v\u00e9cu, une anecdote, que chacun a pu leur raconter lors de rencontres film\u00e9es ou enregistr\u00e9es en partie ou en entier pour donner lieu a\u0300 la construction d'une forme th\u00e9\u00e2trale ou\u0300 tout le monde a \u00e9t\u00e9 invite\u0301 \u00e0 partager ces bouts de souvenirs qui ont racont\u00e9 la puissance de la transmission et de l'\u00e9change.<\/span><\/p><\/div><\/div><\/div><\/div>\",\r\n      \"align\": \"top\",\r\n      \"row\": 4,\r\n      \"col\": 0,\r\n      \"colspan\": 12,\r\n      \"offsetx\": 0,\r\n      \"offsety\": 0,\r\n      \"spaceabove\": 0,\r\n      \"spacebelow\": 0,\r\n      \"yvel\": 1,\r\n      \"push\": 0,\r\n      \"relid\": 6\r\n    },\r\n    {\r\n      \"type\": \"text\",\r\n      \"cont\": \"<p class=\\\"_texte_page\\\"><span style=\\\"color: #1500f6;\\\">Perma-troc<\/span><br \/>Lundi 24 juin, 16h30,\u00a0E\u0301cole et Inter-Val, Val-de-la-Haye<br \/>Mardi 25 juin,16 h 30,\u00a0E\u0301cole F. Innocent, Sahurs<br \/>Mercredi 26 juin, de 12h \u00e015h, L\u2019E\u0301meraude, Hautot-sur-Seine<br \/>Jeudi 27 juin, 16h30,\u00a0E\u0301cole L. Pergaud, St-Pierre<\/p><p class=\\\"_texte_page\\\"><em><strong>Ench\u00e8res Vies de Grenier<\/strong> s<\/em>amedi 29 juin,17 h,\u00a0Inter-Val,\u00a0a\u0300 Val-de-la-Haye (dans le cadre de Val en fe\u0302te)<\/p><p class=\\\"_texte_page\\\"><span style=\\\"color: #1500f6;\\\">Rendez-vous r\u00e9serv\u00e9s aux \u00e9coles<\/span><br \/>Lundi 24 juin,\u00a010 h Impromptu,\u00a0E\u0301cole F. Innocent, Sahurs<br \/>Mardi 25 juin,10 h Impromptu,\u00a0E\u0301cole L. Pergaud, St-Pierre-de-Manneville\u00a0<\/p><div title=\\\"Page 5\\\"><div><div><div><p class=\\\"_texte_page\\\">Vous souhaitez en savoir plus ? <span style=\\\"color: #1500f6;\\\">contact@pavillon-s.com \/ 06 59 70 08 41<\/span><\/p><\/div><\/div><\/div><\/div>\",\r\n      \"align\": \"top\",\r\n      \"row\": 5,\r\n      \"col\": 0,\r\n      \"colspan\": 12,\r\n      \"offsetx\": 0,\r\n      \"offsety\": 0,\r\n      \"spaceabove\": 0,\r\n      \"spacebelow\": 0,\r\n      \"yvel\": 1,\r\n      \"push\": 0,\r\n      \"relid\": 10\r\n    },\r\n    {\r\n      \"type\": \"text\",\r\n      \"cont\": \"<p class=\\\"_texte_page\\\"><span style=\\\"color: #1500f6;\\\">Vies de grenier<\/span><br \/><span style=\\\"color: #1500f6;\\\">conception, mise en sc\u00e8ne, jeu<\/span> Ma\u00e9 Durand, Hanna\u00eb Grouard-Boull\u00e9, Samantha Le Bas\u00a0<br \/>Le Collectif Embuscade est soutenu par la Mairie de Val-de-la-Haye et par le Collectif 12 (Mantes la jolie).\u00a0<\/p>\",\r\n      \"align\": \"bottom\",\r\n      \"row\": 6,\r\n      \"col\": 0,\r\n      \"colspan\": 12,\r\n      \"offsetx\": 0,\r\n      \"offsety\": 0,\r\n      \"spaceabove\": 0,\r\n      \"spacebelow\": 0,\r\n      \"yvel\": 1,\r\n      \"push\": 0,\r\n      \"relid\": 7\r\n    },\r\n    {\r\n      \"type\": \"text\",\r\n      \"cont\": \"<div><p class=\\\"_texte_page\\\">Fond\u00e9 en 2019\u00a0au Val-De-la-Haye, le <span style=\\\"color: #1500f6;\\\">Collectif Embuscade<\/span> est\u00a0constitu\u00e9\u00a0de Hanna\u00eb Gouard-Boull\u00e9, Ma\u00eb Durand et Samantha Le Bas. Il partage son activit\u00e9 entre l\u2019Ile-de-France et la Normandie. Ses membres fondateurs se sont rencontr\u00e9s \u00e0 l\u2019Universit\u00e9 Paris 3 Sorbonne Nouvelle. Elles y partagent un cours sur le th\u00e9\u00e2tre documentaire et y nourrissent une r\u00e9flexion sur la relation entre le th\u00e9\u00e2tre, la m\u00e9moire et le r\u00e9cit historique.\u00a0Chaque membre du Collectif peut \u00eatre porteur d\u2019un projet. Toutes partagent l\u2019id\u00e9e simple mais n\u00e9anmoins fondamentale que le th\u00e9\u00e2tre se doit d\u2019\u00eatre accessible \u00e0 tou-te-s, fait par tou-te-s et pour tous. Ses membres travaillent \u00e0 d\u00e9velopper un th\u00e9\u00e2tre documentaire, comme outil de r\u00e9sonance \u00e0 l\u2019histoire.<br \/>Par ses cr\u00e9ations, le Collectif Embuscade souhaite amener le th\u00e9\u00e2tre l\u00e0 o\u00f9 on ne l\u2019attend pas : prendre le th\u00e9\u00e2tre et son public en \u201cembuscade\u201d, dans des sujets, des esth\u00e9tiques, des territoires \u00e0 d\u00e9fricher.\u00a0<br \/><a style=\\\"color: #1500f6;\\\" href=\\\"https:\/\/www.facebook.com\/embuscade.collectif\/\\\">https:\/\/www.facebook.com\/embuscade.collectif\/<\/a><\/p><\/div>\",\r\n      \"align\": \"top\",\r\n      \"row\": 7,\r\n      \"col\": 0,\r\n      \"colspan\": 12,\r\n      \"offsetx\": 0,\r\n      \"offsety\": 0,\r\n      \"spaceabove\": 0,\r\n      \"spacebelow\": 0,\r\n      \"yvel\": 1,\r\n      \"push\": 0,\r\n      \"relid\": 11\r\n    }\r\n  ]\r\n}","_links":{"self":[{"href":"http:\/\/pavillon-s.com\/en\/wp-json\/wp\/v2\/posts\/747","targetHints":{"allow":["GET"]}}],"collection":[{"href":"http:\/\/pavillon-s.com\/en\/wp-json\/wp\/v2\/posts"}],"about":[{"href":"http:\/\/pavillon-s.com\/en\/wp-json\/wp\/v2\/types\/post"}],"author":[{"embeddable":true,"href":"http:\/\/pavillon-s.com\/en\/wp-json\/wp\/v2\/users\/1"}],"replies":[{"embeddable":true,"href":"http:\/\/pavillon-s.com\/en\/wp-json\/wp\/v2\/comments?post=747"}],"version-history":[{"count":0,"href":"http:\/\/pavillon-s.com\/en\/wp-json\/wp\/v2\/posts\/747\/revisions"}],"wp:featuredmedia":[{"embeddable":true,"href":"http:\/\/pavillon-s.com\/en\/wp-json\/wp\/v2\/media\/748"}],"wp:attachment":[{"href":"http:\/\/pavillon-s.com\/en\/wp-json\/wp\/v2\/media?parent=747"}],"wp:term":[{"taxonomy":"category","embeddable":true,"href":"http:\/\/pavillon-s.com\/en\/wp-json\/wp\/v2\/categories?post=747"},{"taxonomy":"post_tag","embeddable":true,"href":"http:\/\/pavillon-s.com\/en\/wp-json\/wp\/v2\/tags?post=747"}],"curies":[{"name":"wp","href":"https:\/\/api.w.org\/{rel}","templated":true}]}}