{"id":743,"date":"2024-04-08T14:51:33","date_gmt":"2022-07-16T20:14:41","guid":{"rendered":"http:\/\/pavillon-s.com\/roumarefranqueville_not_i-2\/"},"modified":"2024-11-07T10:58:23","modified_gmt":"2024-11-07T09:58:23","slug":"pavillonstemoins_correspondances","status":"publish","type":"post","link":"http:\/\/pavillon-s.com\/en\/pavillonstemoins_correspondances\/","title":{"rendered":"Pavillon-s t\u00e9moins Correspondances 2024"},"content":{"rendered":"","protected":false},"excerpt":{"rendered":"","protected":false},"author":1,"featured_media":745,"comment_status":"closed","ping_status":"closed","sticky":false,"template":"","format":"standard","meta":[],"categories":[10],"tags":[],"class_list":["post-743","post","type-post","status-publish","has-post-thumbnail","hentry","category-pavillon-s-temoins"],"grid":"{\r\n  \"colCount\": 12,\r\n  \"colGutter\": 1,\r\n  \"rowGutters\": [\r\n    2.5,\r\n    0,\r\n    2,\r\n    2,\r\n    2,\r\n    2\r\n  ],\r\n  \"frameMargin\": 5,\r\n  \"leftFrameMargin\": 2.5,\r\n  \"rightFrameMargin\": 5,\r\n  \"topFrameMargin\": 180,\r\n  \"bottomFrameMargin\": 5,\r\n  \"rowAttrs\": [\r\n    {},\r\n    {},\r\n    {},\r\n    {},\r\n    {},\r\n    {},\r\n    {}\r\n  ],\r\n  \"bgColor\": null,\r\n  \"bgImage\": null,\r\n  \"cont\": [\r\n    {\r\n      \"type\": \"text\",\r\n      \"cont\": \"<h1 class=\\\"_titre_rose\\\"><a href=\\\"http:\/\/pavillon-s.com\/pavillon-s-temoins-2024\/\\\" data-type=\\\"page\\\" data-id=\\\"319\\\" data-title=\\\"Pavillon-s t\u00e9moins 2024\\\"><span style=\\\"color: #ff00ff;\\\">Pavillon-s t\u00e9moins, Boucle de Roumare, Grand'Mare et Franqueville-Saint-Pierre<\/span><\/a><\/h1>\",\r\n      \"align\": \"top\",\r\n      \"row\": 0,\r\n      \"col\": 0,\r\n      \"colspan\": 8,\r\n      \"offsetx\": 0,\r\n      \"offsety\": 0,\r\n      \"spaceabove\": 0,\r\n      \"spacebelow\": 0,\r\n      \"yvel\": 1,\r\n      \"push\": 0,\r\n      \"relid\": 9,\r\n      \"frameOverflow\": \"\"\r\n    },\r\n    {\r\n      \"type\": \"text\",\r\n      \"cont\": \"<h1 class=\\\"_Titre_spectacle\\\"><em>Correspondances<\/em><br \/>Laure Delamotte-Legrand<\/h1>\",\r\n      \"align\": \"top\",\r\n      \"row\": 1,\r\n      \"col\": 0,\r\n      \"colspan\": 7,\r\n      \"offsetx\": 0,\r\n      \"offsety\": 0,\r\n      \"spaceabove\": 0,\r\n      \"spacebelow\": 0,\r\n      \"yvel\": 1,\r\n      \"push\": 0,\r\n      \"relid\": 4\r\n    },\r\n    {\r\n      \"type\": \"text\",\r\n      \"cont\": \"<p class=\\\"_texte_page\\\">Du 24 juin au 19 juillet dans la Boucle de Roumare, \u00e0 Franqueville-Saint-Pierre et \u00e0 la Grand'Mare<\/p>\",\r\n      \"align\": \"top\",\r\n      \"row\": 2,\r\n      \"col\": 0,\r\n      \"colspan\": 7,\r\n      \"offsetx\": 0,\r\n      \"offsety\": 0,\r\n      \"spaceabove\": 0,\r\n      \"spacebelow\": 0,\r\n      \"yvel\": 1,\r\n      \"push\": 0,\r\n      \"relid\": 5,\r\n      \"frameOverflow\": \"\"\r\n    },\r\n    {\r\n      \"type\": \"carousel\",\r\n      \"cont\": \"\",\r\n      \"align\": \"top\",\r\n      \"row\": 3,\r\n      \"col\": 0,\r\n      \"colspan\": 6,\r\n      \"offsetx\": 0,\r\n      \"offsety\": 0,\r\n      \"spaceabove\": 0,\r\n      \"spacebelow\": 0,\r\n      \"yvel\": 1,\r\n      \"push\": 0,\r\n      \"relid\": 182,\r\n      \"carousel_options\": {\r\n        \"random\": false,\r\n        \"autoplay\": true,\r\n        \"showMultipleSlides\": false,\r\n        \"freeScroll\": false,\r\n        \"mousewheelScroll\": false,\r\n        \"size\": \"aspectRatioOfFirstElement\",\r\n        \"slidesWidth\": \"null\",\r\n        \"transition\": \"sliding\",\r\n        \"loop\": \"1\",\r\n        \"spaceBetween\": 0,\r\n        \"captionsUnderSlides\": false,\r\n        \"disableClick\": false\r\n      },\r\n      \"carousel\": [\r\n        {\r\n          \"type\": \"img\",\r\n          \"attid\": 939,\r\n          \"cont\": \"\/wp-content\/uploads\/2024\/04\/Correspondances@Perrine_Belon5.jpg\",\r\n          \"sizes\": {\r\n            \"full\": \"\/wp-content\/uploads\/2024\/04\/Correspondances@Perrine_Belon5.jpg\",\r\n            \"_1920\": \"\/wp-content\/uploads\/2024\/04\/Correspondances@Perrine_Belon5-1920x1440.jpg\",\r\n            \"_1280\": \"\/wp-content\/uploads\/2024\/04\/Correspondances@Perrine_Belon5-1280x960.jpg\",\r\n            \"_1024\": \"\/wp-content\/uploads\/2024\/04\/Correspondances@Perrine_Belon5-1024x768.jpg\",\r\n            \"_768\": \"\/wp-content\/uploads\/2024\/04\/Correspondances@Perrine_Belon5-768x576.jpg\",\r\n            \"_512\": \"\/wp-content\/uploads\/2024\/04\/Correspondances@Perrine_Belon5-512x384.jpg\",\r\n            \"_265\": \"\/wp-content\/uploads\/2024\/04\/Correspondances@Perrine_Belon5-265x199.jpg\"\r\n          },\r\n          \"w\": 1984,\r\n          \"h\": 1488,\r\n          \"ar\": 0.75,\r\n          \"alt\": \"\",\r\n          \"caption\": \"<p class=\\\"_texte_page\\\">\u00a9 Perrine Belon<\/p>\"\r\n        },\r\n        {\r\n          \"type\": \"img\",\r\n          \"attid\": 940,\r\n          \"cont\": \"\/wp-content\/uploads\/2024\/04\/Correspondances@Perrine_Belon98.jpg\",\r\n          \"sizes\": {\r\n            \"full\": \"\/wp-content\/uploads\/2024\/04\/Correspondances@Perrine_Belon98.jpg\",\r\n            \"_1920\": \"\/wp-content\/uploads\/2024\/04\/Correspondances@Perrine_Belon98-1920x1440.jpg\",\r\n            \"_1280\": \"\/wp-content\/uploads\/2024\/04\/Correspondances@Perrine_Belon98-1280x960.jpg\",\r\n            \"_1024\": \"\/wp-content\/uploads\/2024\/04\/Correspondances@Perrine_Belon98-1024x768.jpg\",\r\n            \"_768\": \"\/wp-content\/uploads\/2024\/04\/Correspondances@Perrine_Belon98-768x576.jpg\",\r\n            \"_512\": \"\/wp-content\/uploads\/2024\/04\/Correspondances@Perrine_Belon98-512x384.jpg\",\r\n            \"_265\": \"\/wp-content\/uploads\/2024\/04\/Correspondances@Perrine_Belon98-265x199.jpg\"\r\n          },\r\n          \"w\": 2551,\r\n          \"h\": 1913,\r\n          \"ar\": 0.7499019992159938,\r\n          \"alt\": \"\",\r\n          \"caption\": \"<p class=\\\"_texte_page\\\">\u00a9 Perrine Belon<\/p>\"\r\n        },\r\n        {\r\n          \"type\": \"img\",\r\n          \"attid\": 969,\r\n          \"cont\": \"\/wp-content\/uploads\/2024\/04\/Correspondances@Perrine_Belon65.png\",\r\n          \"sizes\": {\r\n            \"full\": \"\/wp-content\/uploads\/2024\/04\/Correspondances@Perrine_Belon65.png\",\r\n            \"_2560\": \"\/wp-content\/uploads\/2024\/04\/Correspondances@Perrine_Belon65-2560x1920.png\",\r\n            \"_1920\": \"\/wp-content\/uploads\/2024\/04\/Correspondances@Perrine_Belon65-1920x1440.png\",\r\n            \"_1280\": \"\/wp-content\/uploads\/2024\/04\/Correspondances@Perrine_Belon65-1280x960.png\",\r\n            \"_1024\": \"\/wp-content\/uploads\/2024\/04\/Correspondances@Perrine_Belon65-1024x768.png\",\r\n            \"_768\": \"\/wp-content\/uploads\/2024\/04\/Correspondances@Perrine_Belon65-768x576.png\",\r\n            \"_512\": \"\/wp-content\/uploads\/2024\/04\/Correspondances@Perrine_Belon65-512x384.png\",\r\n            \"_265\": \"\/wp-content\/uploads\/2024\/04\/Correspondances@Perrine_Belon65-265x199.png\"\r\n          },\r\n          \"w\": 2835,\r\n          \"h\": 2126,\r\n          \"ar\": 0.7499118165784833,\r\n          \"alt\": \"\",\r\n          \"caption\": \"<p class=\\\"_texte_page\\\">\u00a9 Perrine Belon<\/p>\"\r\n        }\r\n      ],\r\n      \"frameOverflow\": \"\"\r\n    },\r\n    {\r\n      \"type\": \"text\",\r\n      \"cont\": \"<p class=\\\"_texte_page\\\"><em><strong>correspondance.<\/strong><\/em> nom f\u00e9minin<br \/>1. Rapport de ressemblance, de conformit\u00e9, d'harmonie entre deux ou plusieurs\u00a0choses.<br \/>2. Coordination entre des services de transport permettant de passer d'un r\u00e9seau \u00e0 un\u00a0autre en un point d\u00e9termin\u00e9 du parcours.<br \/>3. Communication par \u00e9change de lettres, de messages, \u00e9chang\u00e9s entre des\u00a0personnes.<\/p>\",\r\n      \"align\": \"top\",\r\n      \"row\": 3,\r\n      \"col\": 6,\r\n      \"colspan\": 5,\r\n      \"offsetx\": 0,\r\n      \"offsety\": 0,\r\n      \"spaceabove\": 0,\r\n      \"spacebelow\": 0,\r\n      \"yvel\": 1,\r\n      \"push\": 0,\r\n      \"relid\": 10\r\n    },\r\n    {\r\n      \"type\": \"text\",\r\n      \"cont\": \"<div title=\\\"Page 15\\\"><p class=\\\"_texte_page\\\">Durant 3 semaines, le projet <span style=\\\"color: #1500f6;\\\">Correspondances<\/span> de Laure Delamotte-Legrand a travers\u00e9 les territoires de Franqueville-Saint-Pierre, la Boucle de Roumare et la Grand\u2019Mare par le biais de la photographie. L\u2019artiste y a invit\u00e9 les habitant.e.s \u00e0 composer une mise en sc\u00e8ne photographique pour cr\u00e9er une correspondance visuelle entre <span style=\\\"letter-spacing: 0.01em; text-indent: 0em;\\\">des personnes qui ne\u00a0<\/span><span style=\\\"letter-spacing: 0.01em; text-indent: 0em;\\\">se croisent habituellement pas<\/span>. <br \/>\u00c0 l\u2019issue de chaque s\u00e9ance, le clich\u00e9 a \u00e9t\u00e9 imprim\u00e9 pour devenir une carte postale dans le but d\u2019\u00eatre transmis \u00e0 un.e habitant.e d\u2019un des autres territoires.<br \/>Avec l'ensemble des clich\u00e9s r\u00e9alis\u00e9s et les enregistrements sonores de toutes les rencontres, Laure Delamotte-Legrand a r\u00e9alis\u00e9 un film que vous pouvez d\u00e9couvrir<a style=\\\"color: #1500f6;\\\" rel=\\\"noopener\\\" href=\\\"https:\/\/vimeo.com\/1015152577\\\" target=\\\"_blank\\\"><\/a> <span style=\\\"text-decoration: underline;\\\"><span style=\\\"color: #1500f6;\\\"><a style=\\\"color: #1500f6;\\\" rel=\\\"noopener\\\" href=\\\"https:\/\/vimeo.com\/1015152577\\\" target=\\\"_blank\\\">ici<\/a><\/span><\/span>.<\/p><\/div>\",\r\n      \"align\": \"top\",\r\n      \"row\": 4,\r\n      \"col\": 0,\r\n      \"colspan\": 8,\r\n      \"offsetx\": 0,\r\n      \"offsety\": 0,\r\n      \"spaceabove\": 0,\r\n      \"spacebelow\": 0,\r\n      \"yvel\": 1,\r\n      \"push\": 0,\r\n      \"relid\": 6\r\n    },\r\n    {\r\n      \"type\": \"text\",\r\n      \"cont\": \"<p class=\\\"_texte_page\\\"><span style=\\\"color: #1500f6;\\\">Sur rendez-vous dans la Boucle de Roumare<\/span><br \/>Lundi 24 juin, \u00e0 Val-de-la-Haye \/ Jeudi 27 juin, \u00e0 Saint-Pierre-de-Manneville \/ Mardi 2 juillet \u00e0 Sahurs \/ Vendredi 5 juillet, \u00e0 Hautot-sur-Seine<br \/><span style=\\\"color: #1500f6;\\\"><strong><em>Correspondances perform\u00e9es<\/em><\/strong><\/span> le vendredi 12 juillet \u00e0 18h30, \u00e0 Saint-Pierre de Manneville<\/p><p class=\\\"_texte_page\\\"><span style=\\\"color: #1500f6;\\\">Sur rendez-vous \u00e0 Franqueville-Saint-Pierre<\/span><br \/>Mardi 25 juin \/ Vendredi 28 juin \/ Mercredi 3 juillet \/ Lundi 8 juillet<br \/><span style=\\\"color: #1500f6;\\\"><strong><em>Correspondances perform\u00e9es<\/em><\/strong><\/span> le samedi 13 juillet \u00e0 18h30, dans la cour de l'\u00e9cole L. Lemmonier<\/p><p class=\\\"_texte_page\\\"><span style=\\\"color: #1500f6;\\\">Sur rendez-vous \u00e0 la Grand'Mare<br \/><span style=\\\"color: #000000;\\\">Mercredi 26 juin \/ Lundi 1er juillet \/ Jeudi 4 juillet \/ Mardi 9 juillet<br \/><span style=\\\"color: #1500f6;\\\"><strong><em>Correspondances perform\u00e9es<\/em><\/strong><\/span> le vendredi 19 juillet \u00e0 18h30, sur la Dalle de la Grand'Mare<br \/><\/span><\/span><\/p><p class=\\\"_texte_page\\\">Vous souhaitez vivre une exp\u00e9rience \u00e9tonnante et faire partie de ces correspondances (seul.e, entre ami.e.s ou en famille)\u00a0? <span style=\\\"color: #1500f6;\\\">Prenez-rendez-vous\u00a0au 06 59 70 08 41<\/span><\/p>\",\r\n      \"align\": \"middle\",\r\n      \"row\": 5,\r\n      \"col\": 0,\r\n      \"colspan\": 9,\r\n      \"offsetx\": 0,\r\n      \"offsety\": 0,\r\n      \"spaceabove\": 0,\r\n      \"spacebelow\": 0,\r\n      \"yvel\": 1,\r\n      \"push\": 0,\r\n      \"relid\": 8,\r\n      \"frameOverflow\": \"\"\r\n    },\r\n    {\r\n      \"type\": \"text\",\r\n      \"cont\": \"<p class=\\\"_texte_page\\\">Architecte de formation, <span style=\\\"color: #1500f6;\\\">Laure Delamotte-Legrand<\/span> est \u00e0 la fois plasticienne, vid\u00e9aste et sc\u00e9nographe. Elle d\u00e9couvre au cours de ses \u00e9tudes la notion de \u00ab G\u00e9nie du lieu \u00bb, laissant son emprunte sur sa production avec un vif int\u00e9r\u00eat pour la question du contexte. \u00c0 cela s\u2019ajoute une sensibilit\u00e9 pour la danse contemporaine, qu\u2019elle alimente par un DEA d\u2019\u00c9tude Th\u00e9\u00e2trales et Chor\u00e9graphiques \u00e0 Paris VIII, ax\u00e9s sur l\u2019analyse du mouvement.\u00a0Elle explore les questions de pr\u00e9sence du corps dans l\u2019espace : le mouvement et le geste, dans des travaux solitaires de plasticienne autant que dans des collaborations avec le milieu de la danse contemporaine. Elle se forme \u00e0 la vid\u00e9o, outil essentiel dans ce que qu\u2019elle souhaite exprimer du geste et de la pr\u00e9sence.<br \/>L\u2019identit\u00e9 de ses cr\u00e9ations est hybride : photographies, cr\u00e9ation \u00abd\u2019objets\u00bb (techniques diverses), performances et vid\u00e9os sont rassembl\u00e9es dans des dispositifs ou installations, pr\u00e9sent\u00e9s depuis une quinzaine d\u2019ann\u00e9es dans des centres d\u2019art et sc\u00e8nes nationales. Ces multiples supports sont autant de facettes compl\u00e9mentaires pour raconter un contexte, une atmosph\u00e8re sensible, une ou plusieurs rencontres. La rencontre de l\u2019autre et son \u00ab t\u00e9moignage gestuel \u00bb font partie des fondamentaux de son processus de cr\u00e9ation. Elle aime \u00e0 se d\u00e9finir en tant que plasticienne du geste et de la danse.<span style=\\\"color: #1500f6;\\\">\u00a0<br \/><a style=\\\"color: #1500f6;\\\" href=\\\"http:\/\/www.laure-delamotte-legrand.org\/\\\">http:\/\/www.laure-delamotte-legrand.org<\/a><\/span><\/p>\",\r\n      \"align\": \"top\",\r\n      \"row\": 6,\r\n      \"col\": 0,\r\n      \"colspan\": 8,\r\n      \"offsetx\": 0,\r\n      \"offsety\": 0,\r\n      \"spaceabove\": 0,\r\n      \"spacebelow\": 0,\r\n      \"yvel\": 1,\r\n      \"push\": 0,\r\n      \"relid\": 7,\r\n      \"frameOverflow\": \"\"\r\n    }\r\n  ]\r\n}","phonegrid":"{\r\n  \"colCount\": 12,\r\n  \"colGutter\": 1,\r\n  \"rowGutters\": [\r\n    \"2.5\",\r\n    \"2\",\r\n    \"2\",\r\n    \"2\",\r\n    \"5\",\r\n    \"5\",\r\n    5\r\n  ],\r\n  \"frameMargin\": 5,\r\n  \"leftFrameMargin\": 5,\r\n  \"rightFrameMargin\": 5,\r\n  \"topFrameMargin\": \"15\",\r\n  \"bottomFrameMargin\": 5,\r\n  \"rowAttrs\": [\r\n    {},\r\n    {},\r\n    {},\r\n    {},\r\n    {},\r\n    {},\r\n    {},\r\n    {}\r\n  ],\r\n  \"bgColor\": null,\r\n  \"bgImage\": null,\r\n  \"cont\": [\r\n    {\r\n      \"type\": \"text\",\r\n      \"cont\": \"<h1 class=\\\"_titre_rose\\\"><a href=\\\"http:\/\/pavillon-s.com\/pavillon-s-temoins-2024\/\\\" data-type=\\\"page\\\" data-id=\\\"319\\\" data-title=\\\"Pavillon-s t\u00e9moins 2024\\\"><span style=\\\"color: #ff00ff;\\\">Pavillon-s t\u00e9moins, Boucle de Roumare, Grand'Mare et Franqueville-Saint-Pierre<\/span><\/a><\/h1>\",\r\n      \"align\": \"bottom\",\r\n      \"row\": 0,\r\n      \"col\": 0,\r\n      \"colspan\": 12,\r\n      \"offsetx\": 0,\r\n      \"offsety\": 0,\r\n      \"spaceabove\": 0,\r\n      \"spacebelow\": 0,\r\n      \"yvel\": 1,\r\n      \"push\": 0,\r\n      \"relid\": 9,\r\n      \"frameOverflow\": \"\"\r\n    },\r\n    {\r\n      \"type\": \"text\",\r\n      \"cont\": \"<h1 class=\\\"_Titre_spectacle\\\"><em>Correspondances<\/em><br \/>Laure Delamotte-Legrand<\/h1>\",\r\n      \"align\": \"bottom\",\r\n      \"row\": 1,\r\n      \"col\": 0,\r\n      \"colspan\": 12,\r\n      \"offsetx\": 0,\r\n      \"offsety\": 0,\r\n      \"spaceabove\": 0,\r\n      \"spacebelow\": 0,\r\n      \"yvel\": 1,\r\n      \"push\": 0,\r\n      \"relid\": 4\r\n    },\r\n    {\r\n      \"type\": \"text\",\r\n      \"cont\": \"<p class=\\\"_texte_page\\\">Du 24 juin au 19 juillet dans la Boucle de Roumare, \u00e0 Franqueville-Saint-Pierre et \u00e0 la Grand'Mare<\/p>\",\r\n      \"align\": \"top\",\r\n      \"row\": 2,\r\n      \"col\": 0,\r\n      \"colspan\": 12,\r\n      \"offsetx\": 0,\r\n      \"offsety\": 0,\r\n      \"spaceabove\": 0,\r\n      \"spacebelow\": 0,\r\n      \"yvel\": 1,\r\n      \"push\": 0,\r\n      \"relid\": 12\r\n    },\r\n    {\r\n      \"type\": \"carousel\",\r\n      \"cont\": \"\",\r\n      \"align\": \"bottom\",\r\n      \"row\": 3,\r\n      \"col\": 0,\r\n      \"colspan\": 11,\r\n      \"offsetx\": 0,\r\n      \"offsety\": 0,\r\n      \"spaceabove\": 0,\r\n      \"spacebelow\": 0,\r\n      \"yvel\": 1,\r\n      \"push\": 0,\r\n      \"relid\": 182,\r\n      \"carousel_options\": {\r\n        \"random\": false,\r\n        \"autoplay\": true,\r\n        \"showMultipleSlides\": false,\r\n        \"freeScroll\": false,\r\n        \"mousewheelScroll\": false,\r\n        \"size\": \"aspectRatioOfFirstElement\",\r\n        \"slidesWidth\": \"null\",\r\n        \"transition\": \"sliding\",\r\n        \"loop\": \"1\",\r\n        \"spaceBetween\": 0,\r\n        \"captionsUnderSlides\": false,\r\n        \"disableClick\": false\r\n      },\r\n      \"carousel\": [\r\n        {\r\n          \"type\": \"img\",\r\n          \"attid\": 939,\r\n          \"cont\": \"\/wp-content\/uploads\/2024\/04\/Correspondances@Perrine_Belon5.jpg\",\r\n          \"sizes\": {\r\n            \"full\": \"\/wp-content\/uploads\/2024\/04\/Correspondances@Perrine_Belon5.jpg\",\r\n            \"_1920\": \"\/wp-content\/uploads\/2024\/04\/Correspondances@Perrine_Belon5-1920x1440.jpg\",\r\n            \"_1280\": \"\/wp-content\/uploads\/2024\/04\/Correspondances@Perrine_Belon5-1280x960.jpg\",\r\n            \"_1024\": \"\/wp-content\/uploads\/2024\/04\/Correspondances@Perrine_Belon5-1024x768.jpg\",\r\n            \"_768\": \"\/wp-content\/uploads\/2024\/04\/Correspondances@Perrine_Belon5-768x576.jpg\",\r\n            \"_512\": \"\/wp-content\/uploads\/2024\/04\/Correspondances@Perrine_Belon5-512x384.jpg\",\r\n            \"_265\": \"\/wp-content\/uploads\/2024\/04\/Correspondances@Perrine_Belon5-265x199.jpg\"\r\n          },\r\n          \"w\": 1984,\r\n          \"h\": 1488,\r\n          \"ar\": 0.75,\r\n          \"alt\": \"\",\r\n          \"caption\": \"<p class=\\\"_texte_page\\\">\u00a9 Perrine Belon<\/p>\"\r\n        },\r\n        {\r\n          \"type\": \"img\",\r\n          \"attid\": 940,\r\n          \"cont\": \"\/wp-content\/uploads\/2024\/04\/Correspondances@Perrine_Belon98.jpg\",\r\n          \"sizes\": {\r\n            \"full\": \"\/wp-content\/uploads\/2024\/04\/Correspondances@Perrine_Belon98.jpg\",\r\n            \"_1920\": \"\/wp-content\/uploads\/2024\/04\/Correspondances@Perrine_Belon98-1920x1440.jpg\",\r\n            \"_1280\": \"\/wp-content\/uploads\/2024\/04\/Correspondances@Perrine_Belon98-1280x960.jpg\",\r\n            \"_1024\": \"\/wp-content\/uploads\/2024\/04\/Correspondances@Perrine_Belon98-1024x768.jpg\",\r\n            \"_768\": \"\/wp-content\/uploads\/2024\/04\/Correspondances@Perrine_Belon98-768x576.jpg\",\r\n            \"_512\": \"\/wp-content\/uploads\/2024\/04\/Correspondances@Perrine_Belon98-512x384.jpg\",\r\n            \"_265\": \"\/wp-content\/uploads\/2024\/04\/Correspondances@Perrine_Belon98-265x199.jpg\"\r\n          },\r\n          \"w\": 2551,\r\n          \"h\": 1913,\r\n          \"ar\": 0.7499019992159938,\r\n          \"alt\": \"\",\r\n          \"caption\": \"<p class=\\\"_texte_page\\\">\u00a9 Perrine Belon<\/p>\"\r\n        },\r\n        {\r\n          \"type\": \"img\",\r\n          \"attid\": 969,\r\n          \"cont\": \"\/wp-content\/uploads\/2024\/04\/Correspondances@Perrine_Belon65.png\",\r\n          \"sizes\": {\r\n            \"full\": \"\/wp-content\/uploads\/2024\/04\/Correspondances@Perrine_Belon65.png\",\r\n            \"_2560\": \"\/wp-content\/uploads\/2024\/04\/Correspondances@Perrine_Belon65-2560x1920.png\",\r\n            \"_1920\": \"\/wp-content\/uploads\/2024\/04\/Correspondances@Perrine_Belon65-1920x1440.png\",\r\n            \"_1280\": \"\/wp-content\/uploads\/2024\/04\/Correspondances@Perrine_Belon65-1280x960.png\",\r\n            \"_1024\": \"\/wp-content\/uploads\/2024\/04\/Correspondances@Perrine_Belon65-1024x768.png\",\r\n            \"_768\": \"\/wp-content\/uploads\/2024\/04\/Correspondances@Perrine_Belon65-768x576.png\",\r\n            \"_512\": \"\/wp-content\/uploads\/2024\/04\/Correspondances@Perrine_Belon65-512x384.png\",\r\n            \"_265\": \"\/wp-content\/uploads\/2024\/04\/Correspondances@Perrine_Belon65-265x199.png\"\r\n          },\r\n          \"w\": 2835,\r\n          \"h\": 2126,\r\n          \"ar\": 0.7499118165784833,\r\n          \"alt\": \"\",\r\n          \"caption\": \"<p class=\\\"_texte_page\\\">\u00a9 Perrine Belon<\/p>\"\r\n        }\r\n      ],\r\n      \"frameOverflow\": \"\"\r\n    },\r\n    {\r\n      \"type\": \"text\",\r\n      \"cont\": \"<p class=\\\"_texte_page\\\"><em><strong>correspondance.<\/strong><\/em><span> nom f\u00e9minin<\/span><br \/><span>1. Rapport de ressemblance, de conformit\u00e9, d'harmonie entre deux ou plusieurs\u00a0choses.<\/span><br \/><span>2. Coordination entre des services de transport permettant de passer d'un r\u00e9seau \u00e0 un\u00a0autre en un point d\u00e9termin\u00e9 du parcours.<\/span><br \/><span>3. Communication par \u00e9change de lettres, de messages, \u00e9chang\u00e9s entre des\u00a0personnes.<br \/><\/span><\/p>\",\r\n      \"align\": \"top\",\r\n      \"row\": 4,\r\n      \"col\": 0,\r\n      \"colspan\": 12,\r\n      \"offsetx\": 0,\r\n      \"offsety\": 0,\r\n      \"spaceabove\": 0,\r\n      \"spacebelow\": 0,\r\n      \"yvel\": 1,\r\n      \"push\": 0,\r\n      \"relid\": 11\r\n    },\r\n    {\r\n      \"type\": \"text\",\r\n      \"cont\": \"<div title=\\\"Page 15\\\"><p class=\\\"_texte_page\\\">Durant 3 semaines, le projet <span style=\\\"color: #1500f6;\\\">Correspondances<\/span> de Laure Delamotte-Legrand a travers\u00e9 les territoires de Franqueville-Saint-Pierre, la Boucle de Roumare et la Grand\u2019Mare par le biais de la photographie. L\u2019artiste y a invit\u00e9 les habitant.e.s \u00e0 composer une mise en sc\u00e8ne photographique pour cr\u00e9er une correspondance visuelle entre <span style=\\\"letter-spacing: 0.01em; text-indent: 0em;\\\">des personnes qui ne\u00a0<\/span><span style=\\\"letter-spacing: 0.01em; text-indent: 0em;\\\">se croisent habituellement pas<\/span>. <br \/>\u00c0 l\u2019issue de chaque s\u00e9ance, le clich\u00e9 a \u00e9t\u00e9 imprim\u00e9 pour devenir une carte postale dans le but d\u2019\u00eatre transmis \u00e0 un.e habitant.e d\u2019un des autres territoires.<br \/>Avec l'ensemble des clich\u00e9s r\u00e9alis\u00e9s et les enregistrements sonores de toutes les rencontres, Laure Delamotte-Legrand a r\u00e9alis\u00e9 un film que vous pouvez d\u00e9couvrir<a style=\\\"color: #1500f6;\\\" rel=\\\"noopener\\\" href=\\\"https:\/\/vimeo.com\/1015152577\\\" target=\\\"_blank\\\"><\/a> <span style=\\\"text-decoration: underline;\\\"><span style=\\\"color: #1500f6;\\\"><a style=\\\"color: #1500f6;\\\" rel=\\\"noopener\\\" href=\\\"https:\/\/vimeo.com\/1015152577\\\" target=\\\"_blank\\\">ici<\/a><\/span><\/span>.<\/p><\/div>\",\r\n      \"align\": \"top\",\r\n      \"row\": 5,\r\n      \"col\": 0,\r\n      \"colspan\": 12,\r\n      \"offsetx\": 0,\r\n      \"offsety\": 0,\r\n      \"spaceabove\": 0,\r\n      \"spacebelow\": 0,\r\n      \"yvel\": 1,\r\n      \"push\": 0,\r\n      \"relid\": 6\r\n    },\r\n    {\r\n      \"type\": \"text\",\r\n      \"cont\": \"<p class=\\\"_texte_page\\\"><span style=\\\"color: #0000ff;\\\">Sur rendez-vous dans la Boucle de Roumare<\/span><br \/>Lundi 24 juin, \u00e0 Val-de-la-Haye \/ Jeudi 27 juin, \u00e0 Saint-Pierre-de-Manneville \/ Mardi 2 juillet \u00e0 Sahurs \/ Vendredi 5 juillet, \u00e0 Hautot-sur-Seine<br \/><span style=\\\"color: #0000ff;\\\"><strong><em>Correspondances perform\u00e9es<\/em><\/strong><\/span> le vendredi 12 juillet \u00e0 18h30, \u00e0 Saint-Pierre de Manneville<\/p><p class=\\\"_texte_page\\\"><span style=\\\"color: #0000ff;\\\">Sur rendez-vous \u00e0 Franqueville-Saint-Pierre<\/span><br \/>Mardi 25 juin \/ Vendredi 28 juin \/ Mercredi 3 juillet \/ Lundi 8 juillet<br \/><span style=\\\"color: #0000ff;\\\"><strong><em>Correspondances perform\u00e9es<\/em><\/strong><\/span> le samedi 13 juillet \u00e0 18h30, dans la cour de l'\u00e9cole L. Lemmonier<\/p><p class=\\\"_texte_page\\\"><span>Sur rendez-vous \u00e0 la Grand'Mare<br \/>Mercredi 26 juin \/ Lundi 1er juillet \/ Jeudi 4 juillet \/ Mardi 9 juillet<br \/><span style=\\\"color: #0000ff;\\\"><strong><em>Correspondances perform\u00e9es<\/em><\/strong><\/span> le vendredi 19 juillet \u00e0 18h30, sur la Dalle de la Grand'Mare<br \/><\/span><\/p><p class=\\\"_texte_page\\\">Vous souhaitez vivre une exp\u00e9rience \u00e9tonnante et faire partie de ces correspondances (seul.e, entre ami.e.s ou en famille)\u00a0? <span>Prenez-rendez-vous\u00a0au <span style=\\\"color: #0000ff;\\\">06 59 70 08 41<\/span><\/span><\/p>\",\r\n      \"align\": \"middle\",\r\n      \"row\": 6,\r\n      \"col\": 0,\r\n      \"colspan\": 12,\r\n      \"offsetx\": 0,\r\n      \"offsety\": 0,\r\n      \"spaceabove\": 0,\r\n      \"spacebelow\": 0,\r\n      \"yvel\": 1,\r\n      \"push\": 0,\r\n      \"relid\": 13\r\n    },\r\n    {\r\n      \"type\": \"text\",\r\n      \"cont\": \"<p class=\\\"_texte_page\\\">Architecte de formation, <span style=\\\"color: #1500f6;\\\">Laure Delamotte-Legrand<\/span> est \u00e0 la fois plasticienne, vid\u00e9aste et sc\u00e9nographe. Elle d\u00e9couvre au cours de ses \u00e9tudes la notion de \u00ab G\u00e9nie du lieu \u00bb, laissant son emprunte sur sa production avec un vif int\u00e9r\u00eat pour la question du contexte. \u00c0 cela s\u2019ajoute une sensibilit\u00e9 pour la danse contemporaine, qu\u2019elle alimente par un DEA d\u2019\u00c9tude Th\u00e9\u00e2trales et Chor\u00e9graphiques \u00e0 Paris VIII, ax\u00e9s sur l\u2019analyse du mouvement.\u00a0Elle explore les questions de pr\u00e9sence du corps dans l\u2019espace : le mouvement et le geste, dans des travaux solitaires de plasticienne autant que dans des collaborations avec le milieu de la danse contemporaine. Elle se forme \u00e0 la vid\u00e9o, outil essentiel dans ce que qu\u2019elle souhaite exprimer du geste et de la pr\u00e9sence.<br \/>L\u2019identit\u00e9 de ses cr\u00e9ations est hybride : photographies, cr\u00e9ation \u00abd\u2019objets\u00bb (techniques diverses), performances et vid\u00e9os sont rassembl\u00e9es dans des dispositifs ou installations, pr\u00e9sent\u00e9s depuis une quinzaine d\u2019ann\u00e9es dans des centres d\u2019art et sc\u00e8nes nationales. Ces multiples supports sont autant de facettes compl\u00e9mentaires pour raconter un contexte, une atmosph\u00e8re sensible, une ou plusieurs rencontres. La rencontre de l\u2019autre et son \u00ab t\u00e9moignage gestuel \u00bb font partie des fondamentaux de son processus de cr\u00e9ation. Elle aime \u00e0 se d\u00e9finir en tant que plasticienne du geste et de la danse.<span style=\\\"color: #1500f6;\\\">\u00a0<br \/><a style=\\\"color: #1500f6;\\\" href=\\\"http:\/\/www.laure-delamotte-legrand.org\/\\\">http:\/\/www.laure-delamotte-legrand.org<\/a><\/span><\/p>\",\r\n      \"align\": \"bottom\",\r\n      \"row\": 7,\r\n      \"col\": 0,\r\n      \"colspan\": 12,\r\n      \"offsetx\": 0,\r\n      \"offsety\": 0,\r\n      \"spaceabove\": 0,\r\n      \"spacebelow\": 0,\r\n      \"yvel\": 1,\r\n      \"push\": 0,\r\n      \"relid\": 7,\r\n      \"frameOverflow\": \"\"\r\n    }\r\n  ]\r\n}","_links":{"self":[{"href":"http:\/\/pavillon-s.com\/en\/wp-json\/wp\/v2\/posts\/743","targetHints":{"allow":["GET"]}}],"collection":[{"href":"http:\/\/pavillon-s.com\/en\/wp-json\/wp\/v2\/posts"}],"about":[{"href":"http:\/\/pavillon-s.com\/en\/wp-json\/wp\/v2\/types\/post"}],"author":[{"embeddable":true,"href":"http:\/\/pavillon-s.com\/en\/wp-json\/wp\/v2\/users\/1"}],"replies":[{"embeddable":true,"href":"http:\/\/pavillon-s.com\/en\/wp-json\/wp\/v2\/comments?post=743"}],"version-history":[{"count":0,"href":"http:\/\/pavillon-s.com\/en\/wp-json\/wp\/v2\/posts\/743\/revisions"}],"wp:featuredmedia":[{"embeddable":true,"href":"http:\/\/pavillon-s.com\/en\/wp-json\/wp\/v2\/media\/745"}],"wp:attachment":[{"href":"http:\/\/pavillon-s.com\/en\/wp-json\/wp\/v2\/media?parent=743"}],"wp:term":[{"taxonomy":"category","embeddable":true,"href":"http:\/\/pavillon-s.com\/en\/wp-json\/wp\/v2\/categories?post=743"},{"taxonomy":"post_tag","embeddable":true,"href":"http:\/\/pavillon-s.com\/en\/wp-json\/wp\/v2\/tags?post=743"}],"curies":[{"name":"wp","href":"https:\/\/api.w.org\/{rel}","templated":true}]}}