{"id":739,"date":"2024-04-08T14:46:03","date_gmt":"2022-07-16T20:14:41","guid":{"rendered":"http:\/\/pavillon-s.com\/roumarefranqueville_le_sel_de_la_vie-2\/"},"modified":"2024-09-02T16:30:24","modified_gmt":"2024-09-02T14:30:24","slug":"roumarefranqueville_not_i","status":"publish","type":"post","link":"http:\/\/pavillon-s.com\/en\/roumarefranqueville_not_i\/","title":{"rendered":"Pavillon-s t\u00e9moins Not I Roumare et Franqueville 2024"},"content":{"rendered":"","protected":false},"excerpt":{"rendered":"","protected":false},"author":1,"featured_media":740,"comment_status":"closed","ping_status":"closed","sticky":false,"template":"","format":"standard","meta":[],"categories":[10],"tags":[],"class_list":["post-739","post","type-post","status-publish","has-post-thumbnail","hentry","category-pavillon-s-temoins"],"grid":"{\r\n  \"colCount\": 12,\r\n  \"colGutter\": 1,\r\n  \"rowGutters\": [\r\n    2.5,\r\n    0,\r\n    2,\r\n    2,\r\n    2,\r\n    2,\r\n    2\r\n  ],\r\n  \"frameMargin\": 5,\r\n  \"leftFrameMargin\": 2.5,\r\n  \"rightFrameMargin\": 5,\r\n  \"topFrameMargin\": 180,\r\n  \"bottomFrameMargin\": 5,\r\n  \"rowAttrs\": [\r\n    {},\r\n    {},\r\n    {},\r\n    {},\r\n    {},\r\n    {},\r\n    {},\r\n    {}\r\n  ],\r\n  \"bgColor\": null,\r\n  \"bgImage\": null,\r\n  \"cont\": [\r\n    {\r\n      \"type\": \"text\",\r\n      \"cont\": \"<h1 class=\\\"_titre_rose\\\"><a style=\\\"color: #ff00ff;\\\" href=\\\"http:\/\/pavillon-s.com\/roumare-artistes-projets-2024\/\\\" data-type=\\\"page\\\" data-id=\\\"710\\\" data-title=\\\"Pavillon-s t\u00e9moins Boucle de Roumare artistes projets 2024\\\"><\/a><span style=\\\"color: #ff00ff;\\\"><a style=\\\"color: #ff00ff;\\\" href=\\\"http:\/\/pavillon-s.com\/roumare-artistes-projets-2024\/\\\" data-type=\\\"page\\\" data-id=\\\"710\\\" data-title=\\\"Pavillon-s t\u00e9moins Boucle de Roumare artistes projets 2024\\\">Pavillon-s t\u00e9moins, Boucle de Roumare<\/a><a style=\\\"color: #ff00ff;\\\" href=\\\"http:\/\/pavillon-s.com\/franqueville-artistes-projets-2024\/\\\" data-type=\\\"page\\\" data-id=\\\"714\\\" data-title=\\\"Pavillon-s t\u00e9moins Franqueville-Saint-Pierre artistes projets 2024\\\"> et <\/a><a style=\\\"color: #ff00ff;\\\" href=\\\"http:\/\/pavillon-s.com\/franqueville-artistes-projets-2024\/\\\" data-type=\\\"page\\\" data-id=\\\"714\\\" data-title=\\\"Pavillon-s t\u00e9moins Franqueville-Saint-Pierre artistes projets 2024\\\">Franqueville-Saint-Pierre<\/a><\/span><\/h1>\",\r\n      \"align\": \"top\",\r\n      \"row\": 0,\r\n      \"col\": 0,\r\n      \"colspan\": 8,\r\n      \"offsetx\": 0,\r\n      \"offsety\": 0,\r\n      \"spaceabove\": 0,\r\n      \"spacebelow\": 0,\r\n      \"yvel\": 1,\r\n      \"push\": 0,\r\n      \"relid\": 9\r\n    },\r\n    {\r\n      \"type\": \"text\",\r\n      \"cont\": \"<h1 class=\\\"_Titre_spectacle\\\"><em>Not I<br \/><\/em>Camille Mutel \/ Compagnie Li(luo)<\/h1>\",\r\n      \"align\": \"top\",\r\n      \"row\": 1,\r\n      \"col\": 0,\r\n      \"colspan\": 7,\r\n      \"offsetx\": 0,\r\n      \"offsety\": 0,\r\n      \"spaceabove\": 0,\r\n      \"spacebelow\": 0,\r\n      \"yvel\": 1,\r\n      \"push\": 0,\r\n      \"relid\": 4,\r\n      \"frameOverflow\": \"\"\r\n    },\r\n    {\r\n      \"type\": \"text\",\r\n      \"cont\": \"<p class=\\\"_texte_page\\\">Le 29 juin dans la Boucle de Roumare<br \/>Le 13 juillet \u00e0 Franqueville-Saint-Pierre<\/p>\",\r\n      \"align\": \"middle\",\r\n      \"row\": 2,\r\n      \"col\": 0,\r\n      \"colspan\": 6,\r\n      \"offsetx\": 0,\r\n      \"offsety\": 0,\r\n      \"spaceabove\": 0,\r\n      \"spacebelow\": 0,\r\n      \"yvel\": 1,\r\n      \"push\": 0,\r\n      \"relid\": 12\r\n    },\r\n    {\r\n      \"type\": \"carousel\",\r\n      \"cont\": \"\",\r\n      \"align\": \"top\",\r\n      \"row\": 3,\r\n      \"col\": 0,\r\n      \"colspan\": 6,\r\n      \"offsetx\": 0,\r\n      \"offsety\": 0,\r\n      \"spaceabove\": 0,\r\n      \"spacebelow\": 0,\r\n      \"yvel\": 1,\r\n      \"push\": 0,\r\n      \"relid\": 182,\r\n      \"carousel_options\": {\r\n        \"random\": false,\r\n        \"autoplay\": true,\r\n        \"showMultipleSlides\": false,\r\n        \"freeScroll\": false,\r\n        \"mousewheelScroll\": false,\r\n        \"size\": \"aspectRatioOfFirstElement\",\r\n        \"slidesWidth\": \"null\",\r\n        \"transition\": \"sliding\",\r\n        \"loop\": \"1\",\r\n        \"spaceBetween\": 0,\r\n        \"captionsUnderSlides\": false,\r\n        \"disableClick\": false\r\n      },\r\n      \"carousel\": [\r\n        {\r\n          \"type\": \"img\",\r\n          \"attid\": 943,\r\n          \"cont\": \"\/wp-content\/uploads\/2024\/04\/Not-I-\u00a9Capucine-Baranes-5915.jpg\",\r\n          \"sizes\": {\r\n            \"full\": \"\/wp-content\/uploads\/2024\/04\/Not-I-\u00a9Capucine-Baranes-5915.jpg\",\r\n            \"_1280\": \"\/wp-content\/uploads\/2024\/04\/Not-I-\u00a9Capucine-Baranes-5915-1280x721.jpg\",\r\n            \"_1024\": \"\/wp-content\/uploads\/2024\/04\/Not-I-\u00a9Capucine-Baranes-5915-1024x577.jpg\",\r\n            \"_768\": \"\/wp-content\/uploads\/2024\/04\/Not-I-\u00a9Capucine-Baranes-5915-768x433.jpg\",\r\n            \"_512\": \"\/wp-content\/uploads\/2024\/04\/Not-I-\u00a9Capucine-Baranes-5915-512x288.jpg\",\r\n            \"_265\": \"\/wp-content\/uploads\/2024\/04\/Not-I-\u00a9Capucine-Baranes-5915-265x149.jpg\"\r\n          },\r\n          \"w\": 1417,\r\n          \"h\": 798,\r\n          \"ar\": 0.5631616090331687,\r\n          \"alt\": \"\",\r\n          \"caption\": \"<p class=\\\"_texte_page\\\">\u00a9 Capucine Baran\u00e8s<\/p>\"\r\n        },\r\n        {\r\n          \"type\": \"img\",\r\n          \"attid\": 945,\r\n          \"cont\": \"\/wp-content\/uploads\/2024\/04\/NotI_Franqueville\u00a9MariesSerresGiancotti.IMG_0230.jpg\",\r\n          \"sizes\": {\r\n            \"full\": \"\/wp-content\/uploads\/2024\/04\/NotI_Franqueville\u00a9MariesSerresGiancotti.IMG_0230.jpg\",\r\n            \"_1280\": \"\/wp-content\/uploads\/2024\/04\/NotI_Franqueville\u00a9MariesSerresGiancotti.IMG_0230-1280x854.jpg\",\r\n            \"_1024\": \"\/wp-content\/uploads\/2024\/04\/NotI_Franqueville\u00a9MariesSerresGiancotti.IMG_0230-1024x683.jpg\",\r\n            \"_768\": \"\/wp-content\/uploads\/2024\/04\/NotI_Franqueville\u00a9MariesSerresGiancotti.IMG_0230-768x512.jpg\",\r\n            \"_512\": \"\/wp-content\/uploads\/2024\/04\/NotI_Franqueville\u00a9MariesSerresGiancotti.IMG_0230-512x341.jpg\",\r\n            \"_265\": \"\/wp-content\/uploads\/2024\/04\/NotI_Franqueville\u00a9MariesSerresGiancotti.IMG_0230-265x177.jpg\"\r\n          },\r\n          \"w\": 1417,\r\n          \"h\": 945,\r\n          \"ar\": 0.6669019054340155,\r\n          \"alt\": \"\",\r\n          \"caption\": \"<p class=\\\"_texte_page\\\">\u00a9 Maire Serres Giancotti<\/p>\"\r\n        },\r\n        {\r\n          \"type\": \"img\",\r\n          \"attid\": 947,\r\n          \"cont\": \"\/wp-content\/uploads\/2024\/04\/NotI_Franqueville\u00a9MariesSerresGiancotti.IMG_0144-1.jpg\",\r\n          \"sizes\": {\r\n            \"full\": \"\/wp-content\/uploads\/2024\/04\/NotI_Franqueville\u00a9MariesSerresGiancotti.IMG_0144-1.jpg\",\r\n            \"_1280\": \"\/wp-content\/uploads\/2024\/04\/NotI_Franqueville\u00a9MariesSerresGiancotti.IMG_0144-1-1280x854.jpg\",\r\n            \"_1024\": \"\/wp-content\/uploads\/2024\/04\/NotI_Franqueville\u00a9MariesSerresGiancotti.IMG_0144-1-1024x683.jpg\",\r\n            \"_768\": \"\/wp-content\/uploads\/2024\/04\/NotI_Franqueville\u00a9MariesSerresGiancotti.IMG_0144-1-768x512.jpg\",\r\n            \"_512\": \"\/wp-content\/uploads\/2024\/04\/NotI_Franqueville\u00a9MariesSerresGiancotti.IMG_0144-1-512x341.jpg\",\r\n            \"_265\": \"\/wp-content\/uploads\/2024\/04\/NotI_Franqueville\u00a9MariesSerresGiancotti.IMG_0144-1-265x177.jpg\"\r\n          },\r\n          \"w\": 1417,\r\n          \"h\": 945,\r\n          \"ar\": 0.6669019054340155,\r\n          \"alt\": \"\",\r\n          \"caption\": \"<p class=\\\"_texte_page\\\">\u00a9 Marie Serres Giancotti<\/p>\"\r\n        }\r\n      ]\r\n    },\r\n    {\r\n      \"type\": \"text\",\r\n      \"cont\": \"<div><p class=\\\"_texte_page\\\">Et si on prenait soin de nous ?<br \/><em>Not I<\/em>\u00a0est un solo intime et d\u00e9pouill\u00e9 qui prend appui sur le geste quotidien en le distanciant pour l\u2019adresser au public. Entre le spectateur et la danseuse chemine la question du don. Une exp\u00e9rience \u00e0 la fois intime et collective autour d\u2019une simple question : Que puis-je vous offrir ?<br \/>Les semaines pr\u00e9c\u00e9dant les repr\u00e9sentations, Camille Mutel a men\u00e9 le projet <span style=\\\"color: #1500f6;\\\"><a style=\\\"color: #1500f6;\\\" href=\\\"http:\/\/pavillon-s.com\/roumarefranqueville_leseldelavie\/\\\" data-type=\\\"project\\\" data-id=\\\"736\\\" data-title=\\\"Pavillon-s t\u00e9moins Le sel de la vie Roumare et Franqueville 2024\\\" data-catid=\\\"[3]\\\">Le sel de la vie<\/a><\/span>.<\/p><p class=\\\"_texte_page\\\">Retrouvez plus d'informations sur <span style=\\\"color: #1500f6;\\\"><em>Not I<\/em><\/span>\u00a0<span style=\\\"text-decoration: underline;\\\"><a href=\\\"https:\/\/www.compagnie-li-luo.fr\/noti\\\"><strong><span style=\\\"color: #1500f6; text-decoration: underline;\\\">ici<\/span><\/strong><\/a><\/span><\/p><\/div>\",\r\n      \"align\": \"top\",\r\n      \"row\": 4,\r\n      \"col\": 0,\r\n      \"colspan\": 8,\r\n      \"offsetx\": 0,\r\n      \"offsety\": 0,\r\n      \"spaceabove\": 0,\r\n      \"spacebelow\": 0,\r\n      \"yvel\": 1,\r\n      \"push\": 0,\r\n      \"relid\": 6\r\n    },\r\n    {\r\n      \"type\": \"text\",\r\n      \"cont\": \"<p class=\\\"_texte_page\\\"><span style=\\\"color: #1500f6;\\\">Repr\u00e9sentations dans la Boucle de Roumare<\/span><br \/>Samedi 29 juin, 16h, Cimeti\u00e8re, Val-de-la-Haye<br \/>Samedi 29 juin, 19h30, Cimeti\u00e8re, Val-de-la-Haye<\/p><p class=\\\"_texte_page\\\"><span style=\\\"color: #1500f6;\\\">Repr\u00e9sentations \u00e0 Franqueville-Saint-Pierre<\/span><br \/>Samedi 13 juillet, 11h, Cimeti\u00e8re Notre-Dame<br \/>Samedi 13 juillet, 17h, Cimeti\u00e8re Notre-Dame<span style=\\\"color: #1500f6;\\\"><br \/><\/span><\/p><p class=\\\"_texte_page\\\">Vous souhaitez en savoir plus, r\u00e9server ? <span style=\\\"color: #1500f6;\\\"><a style=\\\"color: #1500f6;\\\" href=\\\"mailto:contact@pavillon-s.com\\\">contact@pavillon-s.com<\/a><\/span> \/ 06 59 70 08 41<\/p>\",\r\n      \"align\": \"top\",\r\n      \"row\": 5,\r\n      \"col\": 0,\r\n      \"colspan\": 8,\r\n      \"offsetx\": 0,\r\n      \"offsety\": 0,\r\n      \"spaceabove\": 0,\r\n      \"spacebelow\": 0,\r\n      \"yvel\": 1,\r\n      \"push\": 0,\r\n      \"relid\": 8,\r\n      \"frameOverflow\": \"\"\r\n    },\r\n    {\r\n      \"type\": \"text\",\r\n      \"cont\": \"<p class=\\\"_texte_page\\\"><span style=\\\"color: #1500f6;\\\">Not I<br \/>conception, chor\u00e9graphie, danse<\/span>\u00a0Camille Mutel <br \/><span style=\\\"color: #1500f6;\\\">dramaturgie<\/span>\u00a0Thomas Schaupp <br \/><span style=\\\"color: #1500f6;\\\">costumes<\/span> Kaspersophie <br \/><span style=\\\"color: #1500f6;\\\">r\u00e9sidences de recherche<\/span>\u00a0Projet incubateur de la Fondation Royaumont (2018) - Villa Kujoyama <br \/><span style=\\\"color: #1500f6;\\\">accueil studio<\/span> CCN de Nancy, Ballet de Lorraine d\u00e9localis\u00e9 au Th\u00e9\u00e2tre le March\u00e9 aux grains, Bouxwiller <br \/><span style=\\\"color: #1500f6;\\\">co-productions<\/span> CCAM, Sc\u00e8ne nationale de Vand\u0153uvre-l\u00e8s-Nancy - KLAP maison pour la danse, Marseille - micadanses, Paris<br \/><span style=\\\"color: #1500f6;\\\">pr\u00eat de studio<\/span> LA ZOUZE, Cie Christophe Haleb, Marseille - Grand Studio, Bruxelles - TROIS C-L, Centre de Cr\u00e9ation Chor\u00e9graphique Luxembourgeois.<br \/><span style=\\\"letter-spacing: 0.01em; text-indent: 0em;\\\">Pour cette pi\u00e8ce, Camille Mutel a b\u00e9n\u00e9fici\u00e9 d\u2019une r\u00e9sidence \u00e0 la Villa Kujoyama en 2019 et de l\u2019aide \u00e0 l\u2019\u00e9criture de la Fondation Beaumarchais \u2013 SACD<br \/><\/span>La compagnie b\u00e9n\u00e9ficie de l\u2019aide au conventionnement 2021\/2023 de la R\u00e9gion Grand\u00a0Est et de la DRAC Grand Est 2022\/2024.<\/p>\",\r\n      \"align\": \"middle\",\r\n      \"row\": 6,\r\n      \"col\": 0,\r\n      \"colspan\": 8,\r\n      \"offsetx\": 0,\r\n      \"offsety\": 0,\r\n      \"spaceabove\": 0,\r\n      \"spacebelow\": 0,\r\n      \"yvel\": 1,\r\n      \"push\": 0,\r\n      \"relid\": 5,\r\n      \"frameOverflow\": \"\"\r\n    },\r\n    {\r\n      \"type\": \"text\",\r\n      \"cont\": \"<p class=\\\"_texte_page\\\"><span style=\\\"color: #1500f6;\\\">Camille Mutel<\/span> est chor\u00e9graphe et danseuse. Sa compagnie Li(luo) est bas\u00e9e \u00e0 Nancy.\u00a0 Camille\u00a0s'int\u00e9resse \u00e0 la relation et questionne ce qui fait lien, en d\u00e9veloppant au fil de ses chor\u00e9graphies un langage singulier bas\u00e9 sur une gestuelle pr\u00e9cise avec une attention particuli\u00e8re pour l'exp\u00e9rience du public.\u00a0En 2020, elle met en place une quadrilogie qu'elle intitule\u00a0La Place de l\u2019Autre.\u00a0Inspir\u00e9e par la c\u00e9r\u00e9monie du th\u00e9 japonaise ( elle est laur\u00e9ate en 2019 de la\u00a0Villa\u00a0Kujuyama - r\u00e9sidence de\u00a0recherche\u00a0\u00e0 Kyoto ), elle imagine avec ses collaborateurs,\u00a0un espace invitant pour le public. Le spectateur est au c\u0153ur de la performance. Il n'est d\u00e9sormais plus question de faire surgir un langage. Il s'agit de prendre appui sur le geste quotidien et de le ritualiser. Le premier volet s'intitule\u00a0Not I\u00a0et s'articule autour de la notion du don. Le spectateur est convi\u00e9 \u00e0 la lente \u00e9laboration d'un repas dispos\u00e9 progressivement sur sc\u00e8ne comme une nature morte.Les gestes du quotidien sont d\u00e9cal\u00e9s, d\u00e9compos\u00e9s ; les mouvements, lents. Le corps se fond dans ce plateau qui bient\u00f4t devient une composition plastique, une nature morte d\u2019aujourd\u2019hui \u2013 il laisse place \u00e0 ce qui depuis le d\u00e9but \u00e9tait au centre de l\u2019int\u00e9r\u00eat et de l\u2019attention : l\u2019objet, l\u2019autre. \u00a0Camille Mutel aime aller \u00e0 la rencontre des habitants d\u2019un territoire pour en d\u00e9couvrir leurs rituels, leur lien au vivant.<br \/><span style=\\\"color: #1500f6;\\\"><a style=\\\"color: #1500f6;\\\" href=\\\"https:\/\/www.compagnie-li-luo.fr\/\\\">https:\/\/www.compagnie-li-luo.fr<\/a><\/span><\/p>\",\r\n      \"align\": \"top\",\r\n      \"row\": 7,\r\n      \"col\": 0,\r\n      \"colspan\": 8,\r\n      \"offsetx\": 0,\r\n      \"offsety\": 0,\r\n      \"spaceabove\": 0,\r\n      \"spacebelow\": 0,\r\n      \"yvel\": 1,\r\n      \"push\": 0,\r\n      \"relid\": 7\r\n    }\r\n  ]\r\n}","phonegrid":"{\r\n  \"colCount\": 12,\r\n  \"colGutter\": 1,\r\n  \"rowGutters\": [\r\n    \"2.5\",\r\n    \"2\",\r\n    \"2\",\r\n    \"2\",\r\n    \"2\",\r\n    \"2\",\r\n    \"5\"\r\n  ],\r\n  \"frameMargin\": 5,\r\n  \"leftFrameMargin\": 5,\r\n  \"rightFrameMargin\": 5,\r\n  \"topFrameMargin\": \"15\",\r\n  \"bottomFrameMargin\": 5,\r\n  \"rowAttrs\": [\r\n    {},\r\n    {},\r\n    {},\r\n    {},\r\n    {},\r\n    {},\r\n    {},\r\n    {}\r\n  ],\r\n  \"bgColor\": null,\r\n  \"bgImage\": null,\r\n  \"cont\": [\r\n    {\r\n      \"type\": \"text\",\r\n      \"cont\": \"<h1 class=\\\"_titre_rose\\\"><a style=\\\"color: #ff00ff;\\\" href=\\\"http:\/\/pavillon-s.com\/roumare-artistes-projets-2024\/\\\" data-type=\\\"page\\\" data-id=\\\"710\\\" data-title=\\\"Pavillon-s t\u00e9moins Boucle de Roumare artistes projets 2024\\\"><\/a><span style=\\\"color: #ff00ff;\\\"><a style=\\\"color: #ff00ff;\\\" href=\\\"http:\/\/pavillon-s.com\/roumare-artistes-projets-2024\/\\\" data-type=\\\"page\\\" data-id=\\\"710\\\" data-title=\\\"Pavillon-s t\u00e9moins Boucle de Roumare artistes projets 2024\\\">Pavillon-s t\u00e9moins, Boucle de Roumare<\/a><a style=\\\"color: #ff00ff;\\\" href=\\\"http:\/\/pavillon-s.com\/franqueville-artistes-projets-2024\/\\\" data-type=\\\"page\\\" data-id=\\\"714\\\" data-title=\\\"Pavillon-s t\u00e9moins Franqueville-Saint-Pierre artistes projets 2024\\\"> et <\/a><a style=\\\"color: #ff00ff;\\\" href=\\\"http:\/\/pavillon-s.com\/franqueville-artistes-projets-2024\/\\\" data-type=\\\"page\\\" data-id=\\\"714\\\" data-title=\\\"Pavillon-s t\u00e9moins Franqueville-Saint-Pierre artistes projets 2024\\\">Franqueville-Saint-Pierre<\/a><\/span><\/h1>\",\r\n      \"align\": \"bottom\",\r\n      \"row\": 0,\r\n      \"col\": 0,\r\n      \"colspan\": 12,\r\n      \"offsetx\": 0,\r\n      \"offsety\": 0,\r\n      \"spaceabove\": 0,\r\n      \"spacebelow\": 0,\r\n      \"yvel\": 1,\r\n      \"push\": 0,\r\n      \"relid\": 9\r\n    },\r\n    {\r\n      \"type\": \"text\",\r\n      \"cont\": \"<h1 class=\\\"_Titre_spectacle\\\"><em>Not I<br \/><\/em>Camille Mutel \/ Compagnie Li(luo)<\/h1>\",\r\n      \"align\": \"bottom\",\r\n      \"row\": 1,\r\n      \"col\": 0,\r\n      \"colspan\": 12,\r\n      \"offsetx\": 0,\r\n      \"offsety\": 0,\r\n      \"spaceabove\": 0,\r\n      \"spacebelow\": 0,\r\n      \"yvel\": 1,\r\n      \"push\": 0,\r\n      \"relid\": 4\r\n    },\r\n    {\r\n      \"type\": \"text\",\r\n      \"cont\": \"<p class=\\\"_texte_page\\\"><span>Le 29 juin dans la Boucle de Roumare<\/span><br \/><span>Le 13 juillet \u00e0 Franqueville-Saint-Pierre<\/span><\/p>\",\r\n      \"align\": \"middle\",\r\n      \"row\": 2,\r\n      \"col\": 0,\r\n      \"colspan\": 12,\r\n      \"offsetx\": 0,\r\n      \"offsety\": 0,\r\n      \"spaceabove\": 0,\r\n      \"spacebelow\": 0,\r\n      \"yvel\": 1,\r\n      \"push\": 0,\r\n      \"relid\": 10\r\n    },\r\n    {\r\n      \"type\": \"carousel\",\r\n      \"cont\": \"\",\r\n      \"align\": \"bottom\",\r\n      \"row\": 3,\r\n      \"col\": 0,\r\n      \"colspan\": 12,\r\n      \"offsetx\": 0,\r\n      \"offsety\": 0,\r\n      \"spaceabove\": 0,\r\n      \"spacebelow\": 0,\r\n      \"yvel\": 1,\r\n      \"push\": 0,\r\n      \"relid\": 182,\r\n      \"carousel_options\": {\r\n        \"random\": false,\r\n        \"autoplay\": true,\r\n        \"showMultipleSlides\": false,\r\n        \"freeScroll\": false,\r\n        \"mousewheelScroll\": false,\r\n        \"size\": \"aspectRatioOfFirstElement\",\r\n        \"slidesWidth\": \"null\",\r\n        \"transition\": \"sliding\",\r\n        \"loop\": \"1\",\r\n        \"spaceBetween\": 0,\r\n        \"captionsUnderSlides\": false,\r\n        \"disableClick\": false\r\n      },\r\n      \"carousel\": [\r\n        {\r\n          \"type\": \"img\",\r\n          \"attid\": 943,\r\n          \"cont\": \"\/wp-content\/uploads\/2024\/04\/Not-I-\u00a9Capucine-Baranes-5915.jpg\",\r\n          \"sizes\": {\r\n            \"full\": \"\/wp-content\/uploads\/2024\/04\/Not-I-\u00a9Capucine-Baranes-5915.jpg\",\r\n            \"_1280\": \"\/wp-content\/uploads\/2024\/04\/Not-I-\u00a9Capucine-Baranes-5915-1280x721.jpg\",\r\n            \"_1024\": \"\/wp-content\/uploads\/2024\/04\/Not-I-\u00a9Capucine-Baranes-5915-1024x577.jpg\",\r\n            \"_768\": \"\/wp-content\/uploads\/2024\/04\/Not-I-\u00a9Capucine-Baranes-5915-768x433.jpg\",\r\n            \"_512\": \"\/wp-content\/uploads\/2024\/04\/Not-I-\u00a9Capucine-Baranes-5915-512x288.jpg\",\r\n            \"_265\": \"\/wp-content\/uploads\/2024\/04\/Not-I-\u00a9Capucine-Baranes-5915-265x149.jpg\"\r\n          },\r\n          \"w\": 1417,\r\n          \"h\": 798,\r\n          \"ar\": 0.5631616090331687,\r\n          \"alt\": \"\",\r\n          \"caption\": \"<p class=\\\"_texte_page\\\">\u00a9 Capucine Baran\u00e8s<\/p>\"\r\n        },\r\n        {\r\n          \"type\": \"img\",\r\n          \"attid\": 945,\r\n          \"cont\": \"\/wp-content\/uploads\/2024\/04\/NotI_Franqueville\u00a9MariesSerresGiancotti.IMG_0230.jpg\",\r\n          \"sizes\": {\r\n            \"full\": \"\/wp-content\/uploads\/2024\/04\/NotI_Franqueville\u00a9MariesSerresGiancotti.IMG_0230.jpg\",\r\n            \"_1280\": \"\/wp-content\/uploads\/2024\/04\/NotI_Franqueville\u00a9MariesSerresGiancotti.IMG_0230-1280x854.jpg\",\r\n            \"_1024\": \"\/wp-content\/uploads\/2024\/04\/NotI_Franqueville\u00a9MariesSerresGiancotti.IMG_0230-1024x683.jpg\",\r\n            \"_768\": \"\/wp-content\/uploads\/2024\/04\/NotI_Franqueville\u00a9MariesSerresGiancotti.IMG_0230-768x512.jpg\",\r\n            \"_512\": \"\/wp-content\/uploads\/2024\/04\/NotI_Franqueville\u00a9MariesSerresGiancotti.IMG_0230-512x341.jpg\",\r\n            \"_265\": \"\/wp-content\/uploads\/2024\/04\/NotI_Franqueville\u00a9MariesSerresGiancotti.IMG_0230-265x177.jpg\"\r\n          },\r\n          \"w\": 1417,\r\n          \"h\": 945,\r\n          \"ar\": 0.6669019054340155,\r\n          \"alt\": \"\",\r\n          \"caption\": \"<p class=\\\"_texte_page\\\">\u00a9 Maire Serres Giancotti<\/p>\"\r\n        },\r\n        {\r\n          \"type\": \"img\",\r\n          \"attid\": 947,\r\n          \"cont\": \"\/wp-content\/uploads\/2024\/04\/NotI_Franqueville\u00a9MariesSerresGiancotti.IMG_0144-1.jpg\",\r\n          \"sizes\": {\r\n            \"full\": \"\/wp-content\/uploads\/2024\/04\/NotI_Franqueville\u00a9MariesSerresGiancotti.IMG_0144-1.jpg\",\r\n            \"_1280\": \"\/wp-content\/uploads\/2024\/04\/NotI_Franqueville\u00a9MariesSerresGiancotti.IMG_0144-1-1280x854.jpg\",\r\n            \"_1024\": \"\/wp-content\/uploads\/2024\/04\/NotI_Franqueville\u00a9MariesSerresGiancotti.IMG_0144-1-1024x683.jpg\",\r\n            \"_768\": \"\/wp-content\/uploads\/2024\/04\/NotI_Franqueville\u00a9MariesSerresGiancotti.IMG_0144-1-768x512.jpg\",\r\n            \"_512\": \"\/wp-content\/uploads\/2024\/04\/NotI_Franqueville\u00a9MariesSerresGiancotti.IMG_0144-1-512x341.jpg\",\r\n            \"_265\": \"\/wp-content\/uploads\/2024\/04\/NotI_Franqueville\u00a9MariesSerresGiancotti.IMG_0144-1-265x177.jpg\"\r\n          },\r\n          \"w\": 1417,\r\n          \"h\": 945,\r\n          \"ar\": 0.6669019054340155,\r\n          \"alt\": \"\",\r\n          \"caption\": \"<p class=\\\"_texte_page\\\">\u00a9 Marie Serres Giancotti<\/p>\"\r\n        }\r\n      ],\r\n      \"frameOverflow\": \"\"\r\n    },\r\n    {\r\n      \"type\": \"text\",\r\n      \"cont\": \"<div><p class=\\\"_texte_page\\\">Et si on prenait soin de nous ?<br \/><em>Not I<\/em>\u00a0est un solo intime et d\u00e9pouill\u00e9 qui prend appui sur le geste quotidien en le distanciant pour l\u2019adresser au public. Entre le spectateur et la danseuse chemine la question du don. Une exp\u00e9rience \u00e0 la fois intime et collective autour d\u2019une simple question : Que puis-je vous offrir ?<br \/>Les semaines pr\u00e9c\u00e9dant les repr\u00e9sentations, Camille Mutel a men\u00e9 le projet <span style=\\\"color: #1500f6;\\\"><a style=\\\"color: #1500f6;\\\" href=\\\"http:\/\/pavillon-s.com\/roumarefranqueville_leseldelavie\/\\\" data-type=\\\"project\\\" data-id=\\\"736\\\" data-title=\\\"Pavillon-s t\u00e9moins Le sel de la vie Roumare et Franqueville 2024\\\" data-catid=\\\"[3]\\\">Le sel de la vie<\/a><\/span>.<\/p><p class=\\\"_texte_page\\\">Retrouvez plus d'informations sur <span style=\\\"color: #1500f6;\\\"><em>Not I<\/em><\/span>\u00a0<span style=\\\"text-decoration: underline;\\\"><a href=\\\"https:\/\/www.compagnie-li-luo.fr\/noti\\\"><strong><span style=\\\"color: #1500f6; text-decoration: underline;\\\">ici<\/span><\/strong><\/a><\/span><\/p><\/div>\",\r\n      \"align\": \"bottom\",\r\n      \"row\": 4,\r\n      \"col\": 0,\r\n      \"colspan\": 12,\r\n      \"offsetx\": 0,\r\n      \"offsety\": 0,\r\n      \"spaceabove\": 0,\r\n      \"spacebelow\": 0,\r\n      \"yvel\": 1,\r\n      \"push\": 0,\r\n      \"relid\": 6\r\n    },\r\n    {\r\n      \"type\": \"text\",\r\n      \"cont\": \"<p class=\\\"_texte_page\\\"><span style=\\\"color: #1500f6;\\\">Avec ou sans r\u00e9servation dans la Boucle de Roumare<\/span><br \/>Samedi 29 juin, 16h, Cimeti\u00e8re, Val-de-la-Haye<br \/>Samedi 29 juin, 19h30, Cimeti\u00e8re, Val-de-la-Haye<\/p><p class=\\\"_texte_page\\\"><span style=\\\"color: #1500f6;\\\">Avec ou sans r\u00e9servation \u00e0 Franqueville-Saint-Pierre<\/span><br \/>Samedi 13 juillet, 11h, Cimeti\u00e8re Notre-Dame<br \/>Samedi 13 juillet, 17h, Cimeti\u00e8re Notre-Dame<span><br \/><\/span><\/p><p class=\\\"_texte_page\\\">Vous souhaitez en savoir plus, r\u00e9server ? <span style=\\\"color: #1500f6;\\\"><a style=\\\"color: #1500f6;\\\" href=\\\"mailto:contact@pavillon-s.com\\\">contact@pavillon-s.com<\/a> \/ 06 59 70 08 41<\/span><\/p>\",\r\n      \"align\": \"top\",\r\n      \"row\": 5,\r\n      \"col\": 0,\r\n      \"colspan\": 12,\r\n      \"offsetx\": 0,\r\n      \"offsety\": 0,\r\n      \"spaceabove\": 0,\r\n      \"spacebelow\": 0,\r\n      \"yvel\": 1,\r\n      \"push\": 0,\r\n      \"relid\": 11\r\n    },\r\n    {\r\n      \"type\": \"text\",\r\n      \"cont\": \"<p class=\\\"_texte_page\\\"><span><span style=\\\"color: #1500f6;\\\">Not I<\/span><br \/><span style=\\\"color: #1500f6;\\\">conception, chor\u00e9graphie, danse<\/span><\/span><span>\u00a0Camille Mutel <\/span><br \/><span style=\\\"color: #1500f6;\\\">dramaturgie<\/span><span>\u00a0Thomas Schaupp <\/span><br \/><span style=\\\"color: #1500f6;\\\">costumes<\/span><span> Kaspe rsophie <\/span><br \/><span style=\\\"color: #1500f6;\\\">travail sonore<\/span><span>\u00a0Jean-Philippe Gross <\/span><br \/><span style=\\\"color: #1500f6;\\\">r\u00e9gie g\u00e9n\u00e9rale<\/span><span> Gildas Goujet<\/span><br \/><span style=\\\"color: #1500f6;\\\">r\u00e9sidences de recherche<\/span><span>\u00a0Projet incubateur de la Fondation Royaumont (2018) - Villa Kujoyama <\/span><br \/><span style=\\\"color: #1500f6;\\\">accueil studio<\/span><span> CCN de Nancy \u2014 Ballet de Lorraine d\u00e9localis\u00e9 au Th\u00e9\u00e2tre le March\u00e9 aux grains, Bouxwiller <\/span><br \/><span style=\\\"color: #1500f6;\\\">co-productions<\/span><span>\u00a0CCAM \u2014 Sc\u00e8ne nationale de Vandoeuvre-l\u00e8s-Nancy - KLAP maison pour la danse, Marseille - micadanses, Paris<\/span><br \/><span style=\\\"color: #1500f6;\\\">Pr\u00eat de studio<\/span><span>\u00a0LA ZOUZE \u2014 Cie Christophe Haleb, Marseille - Grand Studio, Bruxelles - TROIS C-L, Centre de Cr\u00e9ation - Chor\u00e9graphique Luxembourgeois<\/span><br \/><span>Pour cette pi\u00e8ce, Camille Mutel a b\u00e9n\u00e9fici\u00e9 d\u2019une r\u00e9sidence \u00e0 la Villa Kujoyama en 2019 et de l\u2019aide \u00e0 l\u2019\u00e9criture de la Fondation Beaumarchais \u2013 SACD<br \/><\/span><span>La compagnie b\u00e9n\u00e9ficie de l\u2019aide au conventionnement 2021\/2023 de la R\u00e9gion Grand\u00a0Est et de la DRAC Grand Est 2022\/2024.<\/span><\/p>\",\r\n      \"align\": \"middle\",\r\n      \"row\": 6,\r\n      \"col\": 0,\r\n      \"colspan\": 12,\r\n      \"offsetx\": 0,\r\n      \"offsety\": 0,\r\n      \"spaceabove\": 0,\r\n      \"spacebelow\": 0,\r\n      \"yvel\": 1,\r\n      \"push\": 0,\r\n      \"relid\": 13\r\n    },\r\n    {\r\n      \"type\": \"text\",\r\n      \"cont\": \"<p class=\\\"_texte_page\\\"><span style=\\\"color: #1500f6;\\\">Camille Mutel<\/span> est chor\u00e9graphe et danseuse. Sa compagnie Li(luo) est bas\u00e9e \u00e0 Nancy.\u00a0 Camille\u00a0s'int\u00e9resse \u00e0 la relation et questionne ce qui fait lien, en d\u00e9veloppant au fil de ses chor\u00e9graphies un langage singulier bas\u00e9 sur une gestuelle pr\u00e9cise avec une attention particuli\u00e8re pour l'exp\u00e9rience du public.\u00a0En 2020, elle met en place une quadrilogie qu'elle intitule\u00a0La Place de l\u2019Autre.\u00a0Inspir\u00e9e par la c\u00e9r\u00e9monie du th\u00e9 japonaise ( elle est laur\u00e9ate en 2019 de la\u00a0Villa\u00a0Kujuyama - r\u00e9sidence de\u00a0recherche\u00a0\u00e0 Kyoto ), elle imagine avec ses collaborateurs,\u00a0un espace invitant pour le public. Le spectateur est au c\u0153ur de la performance. Il n'est d\u00e9sormais plus question de faire surgir un langage. Il s'agit de prendre appui sur le geste quotidien et de le ritualiser. Le premier volet s'intitule\u00a0Not I\u00a0et s'articule autour de la notion du don. Le spectateur est convi\u00e9 \u00e0 la lente \u00e9laboration d'un repas dispos\u00e9 progressivement sur sc\u00e8ne comme une nature morte.Les gestes du quotidien sont d\u00e9cal\u00e9s, d\u00e9compos\u00e9s ; les mouvements, lents. Le corps se fond dans ce plateau qui bient\u00f4t devient une composition plastique, une nature morte d\u2019aujourd\u2019hui \u2013 il laisse place \u00e0 ce qui depuis le d\u00e9but \u00e9tait au centre de l\u2019int\u00e9r\u00eat et de l\u2019attention : l\u2019objet, l\u2019autre. \u00a0Camille Mutel aime aller \u00e0 la rencontre des habitants d\u2019un territoire pour en d\u00e9couvrir leurs rituels, leur lien au vivant.<br \/><span style=\\\"color: #1500f6;\\\"><a style=\\\"color: #1500f6;\\\" href=\\\"https:\/\/www.compagnie-li-luo.fr\/\\\">https:\/\/www.compagnie-li-luo.fr<\/a><\/span><\/p>\",\r\n      \"align\": \"bottom\",\r\n      \"row\": 7,\r\n      \"col\": 0,\r\n      \"colspan\": 12,\r\n      \"offsetx\": 0,\r\n      \"offsety\": 0,\r\n      \"spaceabove\": 0,\r\n      \"spacebelow\": 0,\r\n      \"yvel\": 1,\r\n      \"push\": 0,\r\n      \"relid\": 7\r\n    }\r\n  ]\r\n}","_links":{"self":[{"href":"http:\/\/pavillon-s.com\/en\/wp-json\/wp\/v2\/posts\/739","targetHints":{"allow":["GET"]}}],"collection":[{"href":"http:\/\/pavillon-s.com\/en\/wp-json\/wp\/v2\/posts"}],"about":[{"href":"http:\/\/pavillon-s.com\/en\/wp-json\/wp\/v2\/types\/post"}],"author":[{"embeddable":true,"href":"http:\/\/pavillon-s.com\/en\/wp-json\/wp\/v2\/users\/1"}],"replies":[{"embeddable":true,"href":"http:\/\/pavillon-s.com\/en\/wp-json\/wp\/v2\/comments?post=739"}],"version-history":[{"count":0,"href":"http:\/\/pavillon-s.com\/en\/wp-json\/wp\/v2\/posts\/739\/revisions"}],"wp:featuredmedia":[{"embeddable":true,"href":"http:\/\/pavillon-s.com\/en\/wp-json\/wp\/v2\/media\/740"}],"wp:attachment":[{"href":"http:\/\/pavillon-s.com\/en\/wp-json\/wp\/v2\/media?parent=739"}],"wp:term":[{"taxonomy":"category","embeddable":true,"href":"http:\/\/pavillon-s.com\/en\/wp-json\/wp\/v2\/categories?post=739"},{"taxonomy":"post_tag","embeddable":true,"href":"http:\/\/pavillon-s.com\/en\/wp-json\/wp\/v2\/tags?post=739"}],"curies":[{"name":"wp","href":"https:\/\/api.w.org\/{rel}","templated":true}]}}