{"id":736,"date":"2024-04-08T14:36:08","date_gmt":"2022-07-16T20:14:41","guid":{"rendered":"http:\/\/pavillon-s.com\/roumare_orukami-2\/"},"modified":"2024-10-09T12:54:19","modified_gmt":"2024-10-09T10:54:19","slug":"roumarefranqueville_leseldelavie","status":"publish","type":"post","link":"http:\/\/pavillon-s.com\/en\/roumarefranqueville_leseldelavie\/","title":{"rendered":"Pavillon-s t\u00e9moins Le sel de la vie Roumare et Franqueville 2024"},"content":{"rendered":"","protected":false},"excerpt":{"rendered":"","protected":false},"author":1,"featured_media":738,"comment_status":"closed","ping_status":"closed","sticky":false,"template":"","format":"standard","meta":[],"categories":[10],"tags":[],"class_list":["post-736","post","type-post","status-publish","has-post-thumbnail","hentry","category-pavillon-s-temoins"],"grid":"{\r\n  \"colCount\": 12,\r\n  \"colGutter\": 1,\r\n  \"rowGutters\": [\r\n    2.5,\r\n    0,\r\n    2,\r\n    2,\r\n    2,\r\n    2,\r\n    2\r\n  ],\r\n  \"frameMargin\": 5,\r\n  \"leftFrameMargin\": 2.5,\r\n  \"rightFrameMargin\": 5,\r\n  \"topFrameMargin\": 180,\r\n  \"bottomFrameMargin\": 5,\r\n  \"rowAttrs\": [\r\n    {},\r\n    {},\r\n    {},\r\n    {},\r\n    {},\r\n    {},\r\n    {},\r\n    {}\r\n  ],\r\n  \"bgColor\": null,\r\n  \"bgImage\": null,\r\n  \"cont\": [\r\n    {\r\n      \"type\": \"text\",\r\n      \"cont\": \"<h1 class=\\\"_titre_rose\\\"><span style=\\\"color: #ff00ff;\\\"><a style=\\\"color: #ff00ff;\\\" href=\\\"http:\/\/pavillon-s.com\/roumare-artistes-projets-2024\/\\\" data-type=\\\"page\\\" data-id=\\\"710\\\" data-title=\\\"Pavillon-s t\u00e9moins Boucle de Roumare artistes projets 2024\\\">Pavillon-s t\u00e9moins, Boucle de Roumare<\/a> et <a style=\\\"color: #ff00ff;\\\" href=\\\"http:\/\/pavillon-s.com\/franqueville-artistes-projets-2024\/\\\" data-type=\\\"page\\\" data-id=\\\"714\\\" data-title=\\\"Pavillon-s t\u00e9moins Franqueville-Saint-Pierre artistes projets 2024\\\">Franqueville-Saint-Pierre<\/a><\/span><\/h1>\",\r\n      \"align\": \"top\",\r\n      \"row\": 0,\r\n      \"col\": 0,\r\n      \"colspan\": 8,\r\n      \"offsetx\": 0,\r\n      \"offsety\": 0,\r\n      \"spaceabove\": 0,\r\n      \"spacebelow\": 0,\r\n      \"yvel\": 1,\r\n      \"push\": 0,\r\n      \"relid\": 9\r\n    },\r\n    {\r\n      \"type\": \"text\",\r\n      \"cont\": \"<h1 class=\\\"_Titre_spectacle\\\"><em>Le sel de la vie<\/em><br \/>Camille Mutel \/ Compagnie Li(luo)<\/h1>\",\r\n      \"align\": \"top\",\r\n      \"row\": 1,\r\n      \"col\": 0,\r\n      \"colspan\": 7,\r\n      \"offsetx\": 0,\r\n      \"offsety\": 0,\r\n      \"spaceabove\": 0,\r\n      \"spacebelow\": 0,\r\n      \"yvel\": 1,\r\n      \"push\": 0,\r\n      \"relid\": 4,\r\n      \"frameOverflow\": \"\"\r\n    },\r\n    {\r\n      \"type\": \"text\",\r\n      \"cont\": \"<p class=\\\"_texte_page\\\">Du 24 au 28 juin dans la Boucle de Roumare<br \/>Du 8 au 12 juillet \u00e0 Franqueville-Saint-Pierre<\/p>\",\r\n      \"align\": \"top\",\r\n      \"row\": 2,\r\n      \"col\": 0,\r\n      \"colspan\": 7,\r\n      \"offsetx\": 0,\r\n      \"offsety\": 0,\r\n      \"spaceabove\": 0,\r\n      \"spacebelow\": 0,\r\n      \"yvel\": 1,\r\n      \"push\": 0,\r\n      \"relid\": 8,\r\n      \"frameOverflow\": \"\"\r\n    },\r\n    {\r\n      \"type\": \"carousel\",\r\n      \"cont\": \"\",\r\n      \"align\": \"top\",\r\n      \"row\": 3,\r\n      \"col\": 0,\r\n      \"colspan\": 5,\r\n      \"offsetx\": 0,\r\n      \"offsety\": 0,\r\n      \"spaceabove\": 0,\r\n      \"spacebelow\": 0,\r\n      \"yvel\": 1,\r\n      \"push\": 0,\r\n      \"relid\": 182,\r\n      \"carousel_options\": {\r\n        \"random\": false,\r\n        \"autoplay\": true,\r\n        \"showMultipleSlides\": false,\r\n        \"freeScroll\": false,\r\n        \"mousewheelScroll\": false,\r\n        \"size\": \"aspectRatioOfFirstElement\",\r\n        \"slidesWidth\": \"null\",\r\n        \"transition\": \"sliding\",\r\n        \"loop\": \"1\",\r\n        \"spaceBetween\": 0,\r\n        \"captionsUnderSlides\": false,\r\n        \"disableClick\": false\r\n      },\r\n      \"carousel\": [\r\n        {\r\n          \"type\": \"img\",\r\n          \"attid\": 941,\r\n          \"cont\": \"\/wp-content\/uploads\/2024\/04\/Leseldelavie_Roumare\u00a9MariesSerresGiancotti.IMG_8881.jpg\",\r\n          \"sizes\": {\r\n            \"full\": \"\/wp-content\/uploads\/2024\/04\/Leseldelavie_Roumare\u00a9MariesSerresGiancotti.IMG_8881.jpg\",\r\n            \"_1280\": \"\/wp-content\/uploads\/2024\/04\/Leseldelavie_Roumare\u00a9MariesSerresGiancotti.IMG_8881-1280x854.jpg\",\r\n            \"_1024\": \"\/wp-content\/uploads\/2024\/04\/Leseldelavie_Roumare\u00a9MariesSerresGiancotti.IMG_8881-1024x683.jpg\",\r\n            \"_768\": \"\/wp-content\/uploads\/2024\/04\/Leseldelavie_Roumare\u00a9MariesSerresGiancotti.IMG_8881-768x512.jpg\",\r\n            \"_512\": \"\/wp-content\/uploads\/2024\/04\/Leseldelavie_Roumare\u00a9MariesSerresGiancotti.IMG_8881-512x341.jpg\",\r\n            \"_265\": \"\/wp-content\/uploads\/2024\/04\/Leseldelavie_Roumare\u00a9MariesSerresGiancotti.IMG_8881-265x177.jpg\"\r\n          },\r\n          \"w\": 1417,\r\n          \"h\": 945,\r\n          \"ar\": 0.6669019054340155,\r\n          \"alt\": \"\",\r\n          \"caption\": \"<p class=\\\"_texte_page\\\">\u00a9 Marie Serres Giancotti<\/p>\"\r\n        },\r\n        {\r\n          \"type\": \"img\",\r\n          \"attid\": 985,\r\n          \"cont\": \"\/wp-content\/uploads\/2024\/04\/Leseldelavie_Roumare\u00a9MarieSerresGiancotti.IMG_9620.jpg\",\r\n          \"sizes\": {\r\n            \"full\": \"\/wp-content\/uploads\/2024\/04\/Leseldelavie_Roumare\u00a9MarieSerresGiancotti.IMG_9620.jpg\",\r\n            \"_1920\": \"\/wp-content\/uploads\/2024\/04\/Leseldelavie_Roumare\u00a9MarieSerresGiancotti.IMG_9620-1920x1280.jpg\",\r\n            \"_1280\": \"\/wp-content\/uploads\/2024\/04\/Leseldelavie_Roumare\u00a9MarieSerresGiancotti.IMG_9620-1280x853.jpg\",\r\n            \"_1024\": \"\/wp-content\/uploads\/2024\/04\/Leseldelavie_Roumare\u00a9MarieSerresGiancotti.IMG_9620-1024x683.jpg\",\r\n            \"_768\": \"\/wp-content\/uploads\/2024\/04\/Leseldelavie_Roumare\u00a9MarieSerresGiancotti.IMG_9620-768x512.jpg\",\r\n            \"_512\": \"\/wp-content\/uploads\/2024\/04\/Leseldelavie_Roumare\u00a9MarieSerresGiancotti.IMG_9620-512x341.jpg\",\r\n            \"_265\": \"\/wp-content\/uploads\/2024\/04\/Leseldelavie_Roumare\u00a9MarieSerresGiancotti.IMG_9620-265x177.jpg\"\r\n          },\r\n          \"w\": 2268,\r\n          \"h\": 1512,\r\n          \"ar\": 0.6666666666666666,\r\n          \"alt\": \"\",\r\n          \"caption\": \"<p class=\\\"_texte_page\\\">\u00a9 Marie Serres-Giancotti<\/p>\"\r\n        },\r\n        {\r\n          \"type\": \"img\",\r\n          \"attid\": 986,\r\n          \"cont\": \"\/wp-content\/uploads\/2024\/04\/NotI_Franqueville\u00a9MariesSerresGiancotti.IMG_0126.jpg\",\r\n          \"sizes\": {\r\n            \"full\": \"\/wp-content\/uploads\/2024\/04\/NotI_Franqueville\u00a9MariesSerresGiancotti.IMG_0126.jpg\",\r\n            \"_1280\": \"\/wp-content\/uploads\/2024\/04\/NotI_Franqueville\u00a9MariesSerresGiancotti.IMG_0126-1280x854.jpg\",\r\n            \"_1024\": \"\/wp-content\/uploads\/2024\/04\/NotI_Franqueville\u00a9MariesSerresGiancotti.IMG_0126-1024x683.jpg\",\r\n            \"_768\": \"\/wp-content\/uploads\/2024\/04\/NotI_Franqueville\u00a9MariesSerresGiancotti.IMG_0126-768x512.jpg\",\r\n            \"_512\": \"\/wp-content\/uploads\/2024\/04\/NotI_Franqueville\u00a9MariesSerresGiancotti.IMG_0126-512x341.jpg\",\r\n            \"_265\": \"\/wp-content\/uploads\/2024\/04\/NotI_Franqueville\u00a9MariesSerresGiancotti.IMG_0126-265x177.jpg\"\r\n          },\r\n          \"w\": 1417,\r\n          \"h\": 945,\r\n          \"ar\": 0.6669019054340155,\r\n          \"alt\": \"\",\r\n          \"caption\": \"<p class=\\\"_texte_page\\\">\u00a9 Marie Serres-Giancotti<\/p>\"\r\n        }\r\n      ]\r\n    },\r\n    {\r\n      \"type\": \"text\",\r\n      \"cont\": \"<p class=\\\"_texte_page\\\"><strong><\/strong>C\u2019est dans un cimeti\u00e8re que Camille Mutel a souhait\u00e9 recueillir par la parole et l'\u00e9crit les gestes des disparu-e-s qui demeurent vifs dans la m\u00e9moire et le corps de ceux et celles qui les portent encore.<br \/>Un rendez- vous intime qui a \u00e9t\u00e9 ouvert \u00e0 toutes et tous pour se rappeler ce qui fait <em>le sel de la vie<\/em>\u2026<br \/>Des images anonymes sont venues nourrir le travail photographique de Katherine Longly restitu\u00e9 jour apr\u00e8s jour dans un petit jardin sec d\u00e9di\u00e9.<br \/>\u00c0 l'issue de chaque semaine, Camille Mutel a pr\u00e9sent\u00e9 le solo <a href=\\\"http:\/\/pavillon-s.com\/roumarefranqueville_not_i\/\\\" data-type=\\\"project\\\" data-id=\\\"739\\\" data-title=\\\"Pavillon-s t\u00e9moins Not I Roumare et Franqueville 2024\\\" data-catid=\\\"[3]\\\"><span style=\\\"color: #1500f6;\\\"><strong>Not I<\/strong><\/span><\/a>.<\/p>\",\r\n      \"align\": \"top\",\r\n      \"row\": 4,\r\n      \"col\": 0,\r\n      \"colspan\": 8,\r\n      \"offsetx\": 0,\r\n      \"offsety\": 0,\r\n      \"spaceabove\": 0,\r\n      \"spacebelow\": 0,\r\n      \"yvel\": 1,\r\n      \"push\": 0,\r\n      \"relid\": 6\r\n    },\r\n    {\r\n      \"type\": \"text\",\r\n      \"cont\": \"<p class=\\\"_texte_page\\\"><span style=\\\"color: #1500f6;\\\">Avec ou sans rendez-vous dans la Boucle de Roumare<\/span><strong><br \/><\/strong>Lundi 24 juin, 10h-18h, Cimeti\u00e8re de l\u2019\u00e9glise, Hautot-sur-Seine<br \/>Mardi 25 juin, 10h-18h, Cimeti\u00e8re, Sahurs\u00a0\u00a0\u00a0\u00a0\u00a0\u00a0\u00a0<br \/>Mercredi 26 juin,10h-18h, Cimeti\u00e8re de l\u2019\u00e9glise, Hautot-sur-Seine<br \/>Jeudi 27 juin 10h-18h, Cimeti\u00e8re, St-Pierre-de-Manneville<br \/>Vendredi 28 juin,10h-18h, Cimeti\u00e8re, Val-de-la-Haye<\/p><p class=\\\"_texte_page\\\"><span style=\\\"color: #1500f6;\\\">Avec ou sans rendez-vous \u00e0 Franqueville-Saint-Pierre<\/span><strong><br \/><\/strong>Lundi 8 juillet, 10h-18h, Cimeti\u00e8re Notre-Dame<br \/>Mardi 9 juillet, 10h-18h, Cimeti\u00e8re Notre-Dame<br \/>Mercredi 10 juillet, 10h-18h, Cimeti\u00e8re Notre-Dame<br \/>Jeudi 11 juillet, 10h-18h, Cimeti\u00e8re Notre-Dame<br \/>Vendredi 12 juillet, 10h-18h, Cimeti\u00e8re Notre-Dame<\/p><p class=\\\"_texte_page\\\">Vous souhaitez en savoir plus, prendre rendez-vous ? <br \/><a href=\\\"mailto:contact@pavillon-s.com\\\"><span><span style=\\\"color: #1500f6;\\\">contact@pavillon-s.com<\/span><\/span><\/a> \/ <span style=\\\"color: #1500f6;\\\">06 59 70 08 41<\/span><a href=\\\"mailto:contact@pavillon-s.com\\\"><\/a><\/p>\",\r\n      \"align\": \"top\",\r\n      \"row\": 5,\r\n      \"col\": 0,\r\n      \"colspan\": 8,\r\n      \"offsetx\": 0,\r\n      \"offsety\": 0,\r\n      \"spaceabove\": 0,\r\n      \"spacebelow\": 0,\r\n      \"yvel\": 1,\r\n      \"push\": 0,\r\n      \"relid\": 10,\r\n      \"frameOverflow\": \"\"\r\n    },\r\n    {\r\n      \"type\": \"text\",\r\n      \"cont\": \"<p class=\\\"_texte_page\\\"><span style=\\\"color: #1500f6;\\\">Le sel de la vie<br \/><\/span><span style=\\\"color: #1500f6;\\\">conception, chor\u00e9graphie, interpr\u00e9tation<\/span> Camille Mutel<br \/><span style=\\\"color: #1500f6;\\\">sc\u00e9nographie<\/span> Violette Graveline<br \/><span style=\\\"color: #1500f6;\\\">photographie<\/span> Katherine Longly<br \/><span style=\\\"color: #1500f6;\\\">Partenaires<\/span> La Chambre d'eau en partenariat avec le CDCN le Gymnase Roubaix - Pavillon-s Emmanuelle Vo-Dinh \u2013 Le Mus\u00e9e du sel de Marsal - La Maison du sel d'Haraucourt \u2013 DRAC Grand Est \u2013 R\u00e9gion Grand Est \u2013 D\u00e9partement de Moselle \u2013 D\u00e9partement de Meurthe et Moselle \u2013 Ville de Nancy \u2013 Communaut\u00e9 de Commune Seille Grand Couronn\u00e9.<\/p>\",\r\n      \"align\": \"top\",\r\n      \"row\": 6,\r\n      \"col\": 0,\r\n      \"colspan\": 8,\r\n      \"offsetx\": 0,\r\n      \"offsety\": 0,\r\n      \"spaceabove\": 0,\r\n      \"spacebelow\": 0,\r\n      \"yvel\": 1,\r\n      \"push\": 0,\r\n      \"relid\": 7\r\n    },\r\n    {\r\n      \"type\": \"text\",\r\n      \"cont\": \"<p class=\\\"_texte_page\\\"><span style=\\\"color: #1500f6;\\\">Camille Mutel<\/span><span> est chor\u00e9graphe et danseuse. Sa compagnie Li(luo) est bas\u00e9e \u00e0 Nancy.\u00a0 Camille\u00a0s'int\u00e9resse \u00e0 la relation et questionne ce qui fait lien, en d\u00e9veloppant au fil de ses chor\u00e9graphies un langage singulier bas\u00e9 sur une gestuelle pr\u00e9cise avec une attention particuli\u00e8re pour l'exp\u00e9rience du public.\u00a0En 2020, elle met en place une quadrilogie qu'elle intitule\u00a0La Place de l\u2019Autre.\u00a0Inspir\u00e9e par la c\u00e9r\u00e9monie du th\u00e9 japonaise ( elle est laur\u00e9ate en 2019 de la\u00a0Villa\u00a0Kujuyama - r\u00e9sidence de\u00a0recherche\u00a0\u00e0 Kyoto ), elle imagine avec ses collaborateurs,\u00a0un espace invitant pour le public. Le spectateur est au c\u0153ur de la performance. Il n'est d\u00e9sormais plus question de faire surgir un langage. Il s'agit de prendre appui sur le geste quotidien et de le ritualiser. Le premier volet s'intitule\u00a0Not I\u00a0et s'articule autour de la notion du don. Le spectateur est convi\u00e9 \u00e0 la lente \u00e9laboration d'un repas dispos\u00e9 progressivement sur sc\u00e8ne comme une nature morte.Les gestes du quotidien sont d\u00e9cal\u00e9s, d\u00e9compos\u00e9s ; les mouvements, lents. Le corps se fond dans ce plateau qui bient\u00f4t devient une composition plastique, une nature morte d\u2019aujourd\u2019hui \u2013 il laisse place \u00e0 ce qui depuis le d\u00e9but \u00e9tait au centre de l\u2019int\u00e9r\u00eat et de l\u2019attention : l\u2019objet, l\u2019autre. \u00a0Camille Mutel aime aller \u00e0 la rencontre des habitants d\u2019un territoire pour en d\u00e9couvrir leurs rituels, leur lien au vivant.<\/span><br \/><span style=\\\"color: #1500f6;\\\"><a style=\\\"color: #1500f6;\\\" href=\\\"https:\/\/www.compagnie-li-luo.fr\/\\\">https:\/\/www.compagnie-li-luo.fr<\/a><\/span><\/p>\",\r\n      \"align\": \"top\",\r\n      \"row\": 7,\r\n      \"col\": 0,\r\n      \"colspan\": 8,\r\n      \"offsetx\": 0,\r\n      \"offsety\": 0,\r\n      \"spaceabove\": 0,\r\n      \"spacebelow\": 0,\r\n      \"yvel\": 1,\r\n      \"push\": 0,\r\n      \"relid\": 11\r\n    }\r\n  ]\r\n}","phonegrid":"{\r\n  \"colCount\": 12,\r\n  \"colGutter\": 1,\r\n  \"rowGutters\": [\r\n    \"2.5\",\r\n    \"0\",\r\n    \"2\",\r\n    \"2\",\r\n    \"5\",\r\n    \"5\",\r\n    \"5\"\r\n  ],\r\n  \"frameMargin\": 5,\r\n  \"leftFrameMargin\": 5,\r\n  \"rightFrameMargin\": 5,\r\n  \"topFrameMargin\": \"15\",\r\n  \"bottomFrameMargin\": 5,\r\n  \"rowAttrs\": [\r\n    {},\r\n    {},\r\n    {},\r\n    {},\r\n    {},\r\n    {},\r\n    {},\r\n    {}\r\n  ],\r\n  \"bgColor\": null,\r\n  \"bgImage\": null,\r\n  \"cont\": [\r\n    {\r\n      \"type\": \"text\",\r\n      \"cont\": \"<h1 class=\\\"_titre_rose\\\"><span style=\\\"color: #ff00ff;\\\"><a style=\\\"color: #ff00ff;\\\" href=\\\"http:\/\/pavillon-s.com\/roumare-artistes-projets-2024\/\\\" data-type=\\\"page\\\" data-id=\\\"710\\\" data-title=\\\"Pavillon-s t\u00e9moins Boucle de Roumare artistes projets 2024\\\">Pavillon-s t\u00e9moins, Boucle de Roumare<\/a> et <a style=\\\"color: #ff00ff;\\\" href=\\\"http:\/\/pavillon-s.com\/franqueville-artistes-projets-2024\/\\\" data-type=\\\"page\\\" data-id=\\\"714\\\" data-title=\\\"Pavillon-s t\u00e9moins Franqueville-Saint-Pierre artistes projets 2024\\\">Franqueville-Saint-Pierre<\/a><\/span><\/h1>\",\r\n      \"align\": \"bottom\",\r\n      \"row\": 0,\r\n      \"col\": 0,\r\n      \"colspan\": 12,\r\n      \"offsetx\": 0,\r\n      \"offsety\": 0,\r\n      \"spaceabove\": 0,\r\n      \"spacebelow\": 0,\r\n      \"yvel\": 1,\r\n      \"push\": 0,\r\n      \"relid\": 9\r\n    },\r\n    {\r\n      \"type\": \"text\",\r\n      \"cont\": \"<h1 class=\\\"_Titre_spectacle\\\"><em>Le sel de la vie<\/em><br \/>Camille Mutel \/ Compagnie Li(luo)<\/h1>\",\r\n      \"align\": \"bottom\",\r\n      \"row\": 1,\r\n      \"col\": 0,\r\n      \"colspan\": 12,\r\n      \"offsetx\": 0,\r\n      \"offsety\": 0,\r\n      \"spaceabove\": 0,\r\n      \"spacebelow\": 0,\r\n      \"yvel\": 1,\r\n      \"push\": 0,\r\n      \"relid\": 4\r\n    },\r\n    {\r\n      \"type\": \"text\",\r\n      \"cont\": \"<p class=\\\"_texte_page\\\"><span>Du 24 au 28 juin dans la Boucle de Roumare<\/span><br \/><span>Du 8 au 12 juillet \u00e0 Franqueville-Saint-Pierre<\/span><\/p>\",\r\n      \"align\": \"middle\",\r\n      \"row\": 2,\r\n      \"col\": 0,\r\n      \"colspan\": 12,\r\n      \"offsetx\": 0,\r\n      \"offsety\": 0,\r\n      \"spaceabove\": 0,\r\n      \"spacebelow\": 0,\r\n      \"yvel\": 1,\r\n      \"push\": 0,\r\n      \"relid\": 5\r\n    },\r\n    {\r\n      \"type\": \"carousel\",\r\n      \"cont\": \"\",\r\n      \"align\": \"bottom\",\r\n      \"row\": 3,\r\n      \"col\": 0,\r\n      \"colspan\": 12,\r\n      \"offsetx\": 0,\r\n      \"offsety\": 0,\r\n      \"spaceabove\": 0,\r\n      \"spacebelow\": 0,\r\n      \"yvel\": 1,\r\n      \"push\": 0,\r\n      \"relid\": 182,\r\n      \"carousel_options\": {\r\n        \"random\": false,\r\n        \"autoplay\": true,\r\n        \"showMultipleSlides\": false,\r\n        \"freeScroll\": false,\r\n        \"mousewheelScroll\": false,\r\n        \"size\": \"aspectRatioOfFirstElement\",\r\n        \"slidesWidth\": \"null\",\r\n        \"transition\": \"sliding\",\r\n        \"loop\": \"1\",\r\n        \"spaceBetween\": 0,\r\n        \"captionsUnderSlides\": false,\r\n        \"disableClick\": false\r\n      },\r\n      \"carousel\": [\r\n        {\r\n          \"type\": \"img\",\r\n          \"attid\": 941,\r\n          \"cont\": \"\/wp-content\/uploads\/2024\/04\/Leseldelavie_Roumare\u00a9MariesSerresGiancotti.IMG_8881.jpg\",\r\n          \"sizes\": {\r\n            \"full\": \"\/wp-content\/uploads\/2024\/04\/Leseldelavie_Roumare\u00a9MariesSerresGiancotti.IMG_8881.jpg\",\r\n            \"_1280\": \"\/wp-content\/uploads\/2024\/04\/Leseldelavie_Roumare\u00a9MariesSerresGiancotti.IMG_8881-1280x854.jpg\",\r\n            \"_1024\": \"\/wp-content\/uploads\/2024\/04\/Leseldelavie_Roumare\u00a9MariesSerresGiancotti.IMG_8881-1024x683.jpg\",\r\n            \"_768\": \"\/wp-content\/uploads\/2024\/04\/Leseldelavie_Roumare\u00a9MariesSerresGiancotti.IMG_8881-768x512.jpg\",\r\n            \"_512\": \"\/wp-content\/uploads\/2024\/04\/Leseldelavie_Roumare\u00a9MariesSerresGiancotti.IMG_8881-512x341.jpg\",\r\n            \"_265\": \"\/wp-content\/uploads\/2024\/04\/Leseldelavie_Roumare\u00a9MariesSerresGiancotti.IMG_8881-265x177.jpg\"\r\n          },\r\n          \"w\": 1417,\r\n          \"h\": 945,\r\n          \"ar\": 0.6669019054340155,\r\n          \"alt\": \"\",\r\n          \"caption\": \"<p class=\\\"_texte_page\\\">\u00a9 Marie Serres Giancotti<\/p>\"\r\n        },\r\n        {\r\n          \"type\": \"img\",\r\n          \"attid\": 985,\r\n          \"cont\": \"\/wp-content\/uploads\/2024\/04\/Leseldelavie_Roumare\u00a9MarieSerresGiancotti.IMG_9620.jpg\",\r\n          \"sizes\": {\r\n            \"full\": \"\/wp-content\/uploads\/2024\/04\/Leseldelavie_Roumare\u00a9MarieSerresGiancotti.IMG_9620.jpg\",\r\n            \"_1920\": \"\/wp-content\/uploads\/2024\/04\/Leseldelavie_Roumare\u00a9MarieSerresGiancotti.IMG_9620-1920x1280.jpg\",\r\n            \"_1280\": \"\/wp-content\/uploads\/2024\/04\/Leseldelavie_Roumare\u00a9MarieSerresGiancotti.IMG_9620-1280x853.jpg\",\r\n            \"_1024\": \"\/wp-content\/uploads\/2024\/04\/Leseldelavie_Roumare\u00a9MarieSerresGiancotti.IMG_9620-1024x683.jpg\",\r\n            \"_768\": \"\/wp-content\/uploads\/2024\/04\/Leseldelavie_Roumare\u00a9MarieSerresGiancotti.IMG_9620-768x512.jpg\",\r\n            \"_512\": \"\/wp-content\/uploads\/2024\/04\/Leseldelavie_Roumare\u00a9MarieSerresGiancotti.IMG_9620-512x341.jpg\",\r\n            \"_265\": \"\/wp-content\/uploads\/2024\/04\/Leseldelavie_Roumare\u00a9MarieSerresGiancotti.IMG_9620-265x177.jpg\"\r\n          },\r\n          \"w\": 2268,\r\n          \"h\": 1512,\r\n          \"ar\": 0.6666666666666666,\r\n          \"alt\": \"\",\r\n          \"caption\": \"<p class=\\\"_texte_page\\\">\u00a9 Marie Serres-Giancotti<\/p>\"\r\n        },\r\n        {\r\n          \"type\": \"img\",\r\n          \"attid\": 986,\r\n          \"cont\": \"\/wp-content\/uploads\/2024\/04\/NotI_Franqueville\u00a9MariesSerresGiancotti.IMG_0126.jpg\",\r\n          \"sizes\": {\r\n            \"full\": \"\/wp-content\/uploads\/2024\/04\/NotI_Franqueville\u00a9MariesSerresGiancotti.IMG_0126.jpg\",\r\n            \"_1280\": \"\/wp-content\/uploads\/2024\/04\/NotI_Franqueville\u00a9MariesSerresGiancotti.IMG_0126-1280x854.jpg\",\r\n            \"_1024\": \"\/wp-content\/uploads\/2024\/04\/NotI_Franqueville\u00a9MariesSerresGiancotti.IMG_0126-1024x683.jpg\",\r\n            \"_768\": \"\/wp-content\/uploads\/2024\/04\/NotI_Franqueville\u00a9MariesSerresGiancotti.IMG_0126-768x512.jpg\",\r\n            \"_512\": \"\/wp-content\/uploads\/2024\/04\/NotI_Franqueville\u00a9MariesSerresGiancotti.IMG_0126-512x341.jpg\",\r\n            \"_265\": \"\/wp-content\/uploads\/2024\/04\/NotI_Franqueville\u00a9MariesSerresGiancotti.IMG_0126-265x177.jpg\"\r\n          },\r\n          \"w\": 1417,\r\n          \"h\": 945,\r\n          \"ar\": 0.6669019054340155,\r\n          \"alt\": \"\",\r\n          \"caption\": \"<p class=\\\"_texte_page\\\">\u00a9 Marie Serres-Giancotti<\/p>\"\r\n        }\r\n      ],\r\n      \"frameOverflow\": \"\"\r\n    },\r\n    {\r\n      \"type\": \"text\",\r\n      \"cont\": \"<p class=\\\"_texte_page\\\"><strong><\/strong>C\u2019est dans un cimeti\u00e8re que Camille Mutel a souhait\u00e9 recueillir par la parole et l'\u00e9crit les gestes des disparu-e-s qui demeurent vifs dans la m\u00e9moire et le corps de ceux et celles qui les portent encore.<br \/>Un rendez- vous intime qui a \u00e9t\u00e9 ouvert \u00e0 toutes et tous pour se rappeler ce qui fait <em>le sel de la vie<\/em>\u2026<br \/>Des images anonymes sont venues nourrir le travail photographique de Katherine Longly restitu\u00e9 jour apr\u00e8s jour dans un petit jardin sec d\u00e9di\u00e9.<br \/>\u00c0 l'issue de chaque semaine, Camille Mutel a pr\u00e9sent\u00e9 le solo <a href=\\\"http:\/\/pavillon-s.com\/roumarefranqueville_not_i\/\\\" data-type=\\\"project\\\" data-id=\\\"739\\\" data-title=\\\"Pavillon-s t\u00e9moins Not I Roumare et Franqueville 2024\\\" data-catid=\\\"[3]\\\"><span style=\\\"color: #1500f6;\\\"><strong>Not I<\/strong><\/span><\/a>.<\/p>\",\r\n      \"align\": \"bottom\",\r\n      \"row\": 4,\r\n      \"col\": 0,\r\n      \"colspan\": 12,\r\n      \"offsetx\": 0,\r\n      \"offsety\": 0,\r\n      \"spaceabove\": 0,\r\n      \"spacebelow\": 0,\r\n      \"yvel\": 1,\r\n      \"push\": 0,\r\n      \"relid\": 6\r\n    },\r\n    {\r\n      \"type\": \"text\",\r\n      \"cont\": \"<p class=\\\"_texte_page\\\"><span style=\\\"color: #1500f6;\\\">Avec ou sans rendez-vous dans la Boucle de Roumare<\/span><strong><br \/><\/strong>Lundi 24 juin, 10h-18h, Cimeti\u00e8re de l\u2019\u00e9glise, Hautot-sur-Seine<br \/>Mardi 25 juin, 10h-18h, Cimeti\u00e8re, Sahurs\u00a0\u00a0\u00a0\u00a0\u00a0\u00a0\u00a0<br \/>Mercredi 26 juin,10h-18h, Cimeti\u00e8re de l\u2019\u00e9glise, Hautot-sur-Seine<br \/>Jeudi 27 juin 10h-18h, Cimeti\u00e8re, St-Pierre-de-Manneville<br \/>Vendredi 28 juin,10h-18h, Cimeti\u00e8re, Val-de-la-Haye<\/p><p class=\\\"_texte_page\\\"><span style=\\\"color: #1500f6;\\\">Avec ou sans rendez-vous \u00e0 Franqueville-Saint-Pierre<\/span><strong><br \/><\/strong>Lundi 8 juillet, 10h-18h, Cimeti\u00e8re Notre-Dame<br \/>Mardi 9 juillet, 10h-18h, Cimeti\u00e8re Notre-Dame<br \/>Mercredi 10 juillet, 10h-18h, Cimeti\u00e8re Notre-Dame<br \/>Jeudi 11 juillet, 10h-18h, Cimeti\u00e8re Notre-Dame<br \/>Vendredi 12 juillet, 10h-18h, Cimeti\u00e8re Notre-Dame<\/p><p class=\\\"_texte_page\\\">Vous souhaitez en savoir plus, prendre rendez-vous ? <span style=\\\"color: #1500f6;\\\"><a style=\\\"color: #1500f6;\\\" href=\\\"mailto:contact@pavillon-s.com\\\">contact@pavillon-s.com<\/a> \/ 06 59 70 08 41<\/span><\/p>\",\r\n      \"align\": \"top\",\r\n      \"row\": 5,\r\n      \"col\": 0,\r\n      \"colspan\": 12,\r\n      \"offsetx\": 0,\r\n      \"offsety\": 0,\r\n      \"spaceabove\": 0,\r\n      \"spacebelow\": 0,\r\n      \"yvel\": 1,\r\n      \"push\": 0,\r\n      \"relid\": 12\r\n    },\r\n    {\r\n      \"type\": \"text\",\r\n      \"cont\": \"<p class=\\\"_texte_page\\\"><span style=\\\"color: #1500f6;\\\">Le sel de la vie<br \/><\/span><span style=\\\"color: #1500f6;\\\">conception, chor\u00e9graphie, interpr\u00e9tation<\/span> Camille Mutel<br \/><span style=\\\"color: #1500f6;\\\">sc\u00e9nographie<\/span> Violette Graveline<br \/><span style=\\\"color: #1500f6;\\\">photographie<\/span> Katherine Longly<br \/><span style=\\\"color: #1500f6;\\\">Partenaires<\/span> La Chambre d'eau en partenariat avec le CDCN le Gymnase Roubaix - Pavillon-s Emmanuelle Vo-Dinh \u2013 Le Mus\u00e9e du sel de Marsal - La Maison du sel d'Haraucourt \u2013 DRAC Grand Est \u2013 R\u00e9gion Grand Est \u2013 D\u00e9partement de Moselle \u2013 D\u00e9partement de Meurthe et Moselle \u2013 Ville de Nancy \u2013 Communaut\u00e9 de Commune Seille Grand Couronn\u00e9.<\/p>\",\r\n      \"align\": \"bottom\",\r\n      \"row\": 6,\r\n      \"col\": 0,\r\n      \"colspan\": 12,\r\n      \"offsetx\": 0,\r\n      \"offsety\": 0,\r\n      \"spaceabove\": 0,\r\n      \"spacebelow\": 0,\r\n      \"yvel\": 1,\r\n      \"push\": 0,\r\n      \"relid\": 7\r\n    },\r\n    {\r\n      \"type\": \"text\",\r\n      \"cont\": \"<p class=\\\"_texte_page\\\"><span style=\\\"color: #1500f6;\\\">Camille Mutel<\/span><span> est chor\u00e9graphe et danseuse. Sa compagnie Li(luo) est bas\u00e9e \u00e0 Nancy.\u00a0 Camille\u00a0s'int\u00e9resse \u00e0 la relation et questionne ce qui fait lien, en d\u00e9veloppant au fil de ses chor\u00e9graphies un langage singulier bas\u00e9 sur une gestuelle pr\u00e9cise avec une attention particuli\u00e8re pour l'exp\u00e9rience du public.\u00a0En 2020, elle met en place une quadrilogie qu'elle intitule\u00a0La Place de l\u2019Autre.\u00a0Inspir\u00e9e par la c\u00e9r\u00e9monie du th\u00e9 japonaise ( elle est laur\u00e9ate en 2019 de la\u00a0Villa\u00a0Kujuyama - r\u00e9sidence de\u00a0recherche\u00a0\u00e0 Kyoto ), elle imagine avec ses collaborateurs,\u00a0un espace invitant pour le public. Le spectateur est au c\u0153ur de la performance. Il n'est d\u00e9sormais plus question de faire surgir un langage. Il s'agit de prendre appui sur le geste quotidien et de le ritualiser. Le premier volet s'intitule\u00a0Not I\u00a0et s'articule autour de la notion du don. Le spectateur est convi\u00e9 \u00e0 la lente \u00e9laboration d'un repas dispos\u00e9 progressivement sur sc\u00e8ne comme une nature morte.Les gestes du quotidien sont d\u00e9cal\u00e9s, d\u00e9compos\u00e9s ; les mouvements, lents. Le corps se fond dans ce plateau qui bient\u00f4t devient une composition plastique, une nature morte d\u2019aujourd\u2019hui \u2013 il laisse place \u00e0 ce qui depuis le d\u00e9but \u00e9tait au centre de l\u2019int\u00e9r\u00eat et de l\u2019attention : l\u2019objet, l\u2019autre. \u00a0Camille Mutel aime aller \u00e0 la rencontre des habitants d\u2019un territoire pour en d\u00e9couvrir leurs rituels, leur lien au vivant.<\/span><br \/><span style=\\\"color: #1500f6;\\\"><a style=\\\"color: #1500f6;\\\" href=\\\"https:\/\/www.compagnie-li-luo.fr\/\\\">https:\/\/www.compagnie-li-luo.fr<\/a><\/span><\/p>\",\r\n      \"align\": \"middle\",\r\n      \"row\": 7,\r\n      \"col\": 0,\r\n      \"colspan\": 12,\r\n      \"offsetx\": 0,\r\n      \"offsety\": 0,\r\n      \"spaceabove\": 0,\r\n      \"spacebelow\": 0,\r\n      \"yvel\": 1,\r\n      \"push\": 0,\r\n      \"relid\": 13\r\n    }\r\n  ]\r\n}","_links":{"self":[{"href":"http:\/\/pavillon-s.com\/en\/wp-json\/wp\/v2\/posts\/736","targetHints":{"allow":["GET"]}}],"collection":[{"href":"http:\/\/pavillon-s.com\/en\/wp-json\/wp\/v2\/posts"}],"about":[{"href":"http:\/\/pavillon-s.com\/en\/wp-json\/wp\/v2\/types\/post"}],"author":[{"embeddable":true,"href":"http:\/\/pavillon-s.com\/en\/wp-json\/wp\/v2\/users\/1"}],"replies":[{"embeddable":true,"href":"http:\/\/pavillon-s.com\/en\/wp-json\/wp\/v2\/comments?post=736"}],"version-history":[{"count":0,"href":"http:\/\/pavillon-s.com\/en\/wp-json\/wp\/v2\/posts\/736\/revisions"}],"wp:featuredmedia":[{"embeddable":true,"href":"http:\/\/pavillon-s.com\/en\/wp-json\/wp\/v2\/media\/738"}],"wp:attachment":[{"href":"http:\/\/pavillon-s.com\/en\/wp-json\/wp\/v2\/media?parent=736"}],"wp:term":[{"taxonomy":"category","embeddable":true,"href":"http:\/\/pavillon-s.com\/en\/wp-json\/wp\/v2\/categories?post=736"},{"taxonomy":"post_tag","embeddable":true,"href":"http:\/\/pavillon-s.com\/en\/wp-json\/wp\/v2\/tags?post=736"}],"curies":[{"name":"wp","href":"https:\/\/api.w.org\/{rel}","templated":true}]}}