{"id":733,"date":"2024-04-08T14:23:37","date_gmt":"2022-07-16T20:14:41","guid":{"rendered":"http:\/\/pavillon-s.com\/arcanes-2\/"},"modified":"2024-11-28T08:56:37","modified_gmt":"2024-11-28T07:56:37","slug":"roumare_arcanespaysage","status":"publish","type":"post","link":"http:\/\/pavillon-s.com\/en\/roumare_arcanespaysage\/","title":{"rendered":"Pavillon-s t\u00e9moins ARCANES paysage Roumare 2024"},"content":{"rendered":"","protected":false},"excerpt":{"rendered":"","protected":false},"author":1,"featured_media":1038,"comment_status":"closed","ping_status":"closed","sticky":false,"template":"","format":"standard","meta":[],"categories":[10],"tags":[],"class_list":["post-733","post","type-post","status-publish","has-post-thumbnail","hentry","category-pavillon-s-temoins"],"grid":"{\r\n  \"colCount\": 12,\r\n  \"colGutter\": 1,\r\n  \"rowGutters\": [\r\n    2.5,\r\n    0,\r\n    2,\r\n    2,\r\n    2,\r\n    2,\r\n    2\r\n  ],\r\n  \"frameMargin\": 5,\r\n  \"leftFrameMargin\": 2.5,\r\n  \"rightFrameMargin\": 5,\r\n  \"topFrameMargin\": 180,\r\n  \"bottomFrameMargin\": 5,\r\n  \"rowAttrs\": [\r\n    {},\r\n    {},\r\n    {},\r\n    {},\r\n    {},\r\n    {},\r\n    {},\r\n    {}\r\n  ],\r\n  \"bgColor\": null,\r\n  \"bgImage\": null,\r\n  \"cont\": [\r\n    {\r\n      \"type\": \"text\",\r\n      \"cont\": \"<h1 class=\\\"_titre_rose\\\"><a href=\\\"http:\/\/pavillon-s.com\/roumare-artistes-projets-2024\/\\\" data-type=\\\"page\\\" data-id=\\\"710\\\" data-title=\\\"Pavillon-s t\u00e9moins Boucle de Roumare artistes projets 2024\\\"><span style=\\\"color: #ff00ff;\\\">Pavillon-s t\u00e9moins, Boucle de Roumare<\/span><\/a><\/h1>\",\r\n      \"align\": \"top\",\r\n      \"row\": 0,\r\n      \"col\": 0,\r\n      \"colspan\": 8,\r\n      \"offsetx\": 0,\r\n      \"offsety\": 0,\r\n      \"spaceabove\": 0,\r\n      \"spacebelow\": 0,\r\n      \"yvel\": 1,\r\n      \"push\": 0,\r\n      \"relid\": 9\r\n    },\r\n    {\r\n      \"type\": \"text\",\r\n      \"cont\": \"<h1 class=\\\"_Titre_spectacle\\\"><em>ARCANES paysage<\/em><br \/>Emmanuelle Vo-Dinh<\/h1>\",\r\n      \"align\": \"top\",\r\n      \"row\": 1,\r\n      \"col\": 0,\r\n      \"colspan\": 8,\r\n      \"offsetx\": 0,\r\n      \"offsety\": 0,\r\n      \"spaceabove\": 0,\r\n      \"spacebelow\": 0,\r\n      \"yvel\": 1,\r\n      \"push\": 0,\r\n      \"relid\": 4,\r\n      \"frameOverflow\": \"\"\r\n    },\r\n    {\r\n      \"type\": \"text\",\r\n      \"cont\": \"<p class=\\\"_texte_page\\\">Du 8 au 12 juillet dans la Boucle de Roumare<\/p>\",\r\n      \"align\": \"top\",\r\n      \"row\": 2,\r\n      \"col\": 0,\r\n      \"colspan\": 8,\r\n      \"offsetx\": 0,\r\n      \"offsety\": 0,\r\n      \"spaceabove\": 0,\r\n      \"spacebelow\": 0,\r\n      \"yvel\": 1,\r\n      \"push\": 0,\r\n      \"relid\": 5,\r\n      \"frameOverflow\": \"\"\r\n    },\r\n    {\r\n      \"type\": \"carousel\",\r\n      \"cont\": \"\",\r\n      \"align\": \"top\",\r\n      \"row\": 3,\r\n      \"col\": 0,\r\n      \"colspan\": 7,\r\n      \"offsetx\": 0,\r\n      \"offsety\": 0,\r\n      \"spaceabove\": 0,\r\n      \"spacebelow\": 0,\r\n      \"yvel\": 1,\r\n      \"push\": 0,\r\n      \"relid\": 182,\r\n      \"carousel_options\": {\r\n        \"random\": false,\r\n        \"autoplay\": true,\r\n        \"showMultipleSlides\": false,\r\n        \"freeScroll\": false,\r\n        \"mousewheelScroll\": false,\r\n        \"size\": \"aspectRatioOfFirstElement\",\r\n        \"slidesWidth\": \"null\",\r\n        \"transition\": \"sliding\",\r\n        \"loop\": \"1\",\r\n        \"spaceBetween\": 0,\r\n        \"captionsUnderSlides\": false,\r\n        \"disableClick\": false\r\n      },\r\n      \"carousel\": [\r\n        {\r\n          \"type\": \"img\",\r\n          \"attid\": 1038,\r\n          \"cont\": \"\/wp-content\/uploads\/2024\/04\/Arcanespaysage\u00a9MarieSerresGiancotti.IMG_8951.jpg\",\r\n          \"sizes\": {\r\n            \"full\": \"\/wp-content\/uploads\/2024\/04\/Arcanespaysage\u00a9MarieSerresGiancotti.IMG_8951.jpg\",\r\n            \"_1920\": \"\/wp-content\/uploads\/2024\/04\/Arcanespaysage\u00a9MarieSerresGiancotti.IMG_8951-1920x1280.jpg\",\r\n            \"_1280\": \"\/wp-content\/uploads\/2024\/04\/Arcanespaysage\u00a9MarieSerresGiancotti.IMG_8951-1280x854.jpg\",\r\n            \"_1024\": \"\/wp-content\/uploads\/2024\/04\/Arcanespaysage\u00a9MarieSerresGiancotti.IMG_8951-1024x683.jpg\",\r\n            \"_768\": \"\/wp-content\/uploads\/2024\/04\/Arcanespaysage\u00a9MarieSerresGiancotti.IMG_8951-768x512.jpg\",\r\n            \"_512\": \"\/wp-content\/uploads\/2024\/04\/Arcanespaysage\u00a9MarieSerresGiancotti.IMG_8951-512x341.jpg\",\r\n            \"_265\": \"\/wp-content\/uploads\/2024\/04\/Arcanespaysage\u00a9MarieSerresGiancotti.IMG_8951-265x177.jpg\"\r\n          },\r\n          \"w\": 1984,\r\n          \"h\": 1323,\r\n          \"ar\": 0.6668346774193549,\r\n          \"alt\": \"\",\r\n          \"caption\": \"<p class=\\\"_texte_page\\\">\u00a9 Marie Serres-Giancotti<\/p>\"\r\n        },\r\n        {\r\n          \"type\": \"img\",\r\n          \"attid\": 1039,\r\n          \"cont\": \"\/wp-content\/uploads\/2024\/04\/Ateliergonfle\u00a9MariesSerresGiancotti.IMG_9142.jpg\",\r\n          \"sizes\": {\r\n            \"full\": \"\/wp-content\/uploads\/2024\/04\/Ateliergonfle\u00a9MariesSerresGiancotti.IMG_9142.jpg\",\r\n            \"_1920\": \"\/wp-content\/uploads\/2024\/04\/Ateliergonfle\u00a9MariesSerresGiancotti.IMG_9142-1920x1280.jpg\",\r\n            \"_1280\": \"\/wp-content\/uploads\/2024\/04\/Ateliergonfle\u00a9MariesSerresGiancotti.IMG_9142-1280x854.jpg\",\r\n            \"_1024\": \"\/wp-content\/uploads\/2024\/04\/Ateliergonfle\u00a9MariesSerresGiancotti.IMG_9142-1024x683.jpg\",\r\n            \"_768\": \"\/wp-content\/uploads\/2024\/04\/Ateliergonfle\u00a9MariesSerresGiancotti.IMG_9142-768x512.jpg\",\r\n            \"_512\": \"\/wp-content\/uploads\/2024\/04\/Ateliergonfle\u00a9MariesSerresGiancotti.IMG_9142-512x341.jpg\",\r\n            \"_265\": \"\/wp-content\/uploads\/2024\/04\/Ateliergonfle\u00a9MariesSerresGiancotti.IMG_9142-265x177.jpg\"\r\n          },\r\n          \"w\": 1984,\r\n          \"h\": 1323,\r\n          \"ar\": 0.6668346774193549,\r\n          \"alt\": \"\",\r\n          \"caption\": \"<p class=\\\"_texte_page\\\">\u00a9 Marie Serres-Giancotti<\/p>\"\r\n        }\r\n      ],\r\n      \"frameOverflow\": \"\"\r\n    },\r\n    {\r\n      \"type\": \"text\",\r\n      \"cont\": \"<div title=\\\"Page 13\\\"><div><div><div><p class=\\\"_texte_page\\\">Assister aux re\u0301pe\u0301titions* de la compagnie Pavillon-s ? Cela a \u00e9t\u00e9 possible !<br \/>Un trio chore\u0301graphique fe\u0301minin a \u00e9t\u00e9 en fabrication\u00a0a\u0300 Sahurs. C'\u00e9tait, pour les habitant.e.s, le moment d\u2019entrer dans les arcanes de fabrication d\u2019une chore\u0301graphie... ou pour les enfants, de venir essayer la grande bulle gonflable qui sert de de\u0301cor ... sensations fortes garanties !<\/p><p class=\\\"_texte_page\\\">*r\u00e9p\u00e9titions de la\u00a0performance <span style=\\\"color: #1500f6;\\\"><a style=\\\"color: #1500f6;\\\" href=\\\"http:\/\/pavillon-s.com\/arcanes\/\\\" data-type=\\\"project\\\" data-id=\\\"144\\\" data-title=\\\"ARCANES paysage\\\" data-catid=\\\"[3]\\\"><span style=\\\"text-decoration: underline;\\\">ARCANES paysages<\/span><\/a> <\/span>qui aura lieu les 31 ao\u00fbt et le 1er septembre \u00e0 Etretat dans le cadre du festival Normandie Impressionniste sur l'\u0153uvre gonflable transparente de l\u2019architecte de l\u2019air Hans-Walter Mu\u0308ller,\u00a0qui devient \u00e0 sa fa\u00e7on un \u00e9cho possible aux mouvements de la mar\u00e9e, et aux c\u00e9l\u00e8bres arches des falaises.<\/p><\/div><\/div><\/div><\/div>\",\r\n      \"align\": \"top\",\r\n      \"row\": 4,\r\n      \"col\": 0,\r\n      \"colspan\": 8,\r\n      \"offsetx\": 0,\r\n      \"offsety\": 0,\r\n      \"spaceabove\": 0,\r\n      \"spacebelow\": 0,\r\n      \"yvel\": 1,\r\n      \"push\": 0,\r\n      \"relid\": 6\r\n    },\r\n    {\r\n      \"type\": \"text\",\r\n      \"cont\": \"<p class=\\\"_texte_page\\\"><span style=\\\"color: #1500f6;\\\">Avec ou sans r\u00e9servation dans la Boucle de Roumare<\/span><br \/>Mercredi 10 juillet, 16h-18h, Atelier gonfl\u00e9*, Foyer de Sahurs<br \/>Jeudi 11 juillet, 18h, R\u00e9p\u00e9tition publique Secret d'ARCANES, Foyer de Sahurs<\/p><div title=\\\"Page 13\\\"><div><div><div><p class=\\\"_texte_page\\\">Vous souhaitez en savoir plus ou re\u0301server ?\u00a0<span style=\\\"color: #1500f6;\\\">06 59 70 08 41 \/ contact@pavillon-s.com<\/span><\/p><p class=\\\"_texte_page\\\">* Pour les enfants \u00e0 partir de 5 ans<\/p><\/div><\/div><\/div><\/div>\",\r\n      \"align\": \"middle\",\r\n      \"row\": 5,\r\n      \"col\": 0,\r\n      \"colspan\": 8,\r\n      \"offsetx\": 0,\r\n      \"offsety\": 0,\r\n      \"spaceabove\": 0,\r\n      \"spacebelow\": 0,\r\n      \"yvel\": 1,\r\n      \"push\": 0,\r\n      \"relid\": 393,\r\n      \"frameOverflow\": \"\"\r\n    },\r\n    {\r\n      \"type\": \"text\",\r\n      \"cont\": \"<p class=\\\"_texte_page\\\"><span style=\\\"color: #1500f6;\\\">ARCANES paysage<\/span><br \/><span style=\\\"color: #1500f6;\\\">conception<\/span>\u00a0Emmanuelle Vo-Dinh\u00a0<br \/><span style=\\\"color: #1500f6;\\\">chor\u00e9graphie, interpr\u00e9tation, costumes et maquillages<\/span> Violette Ang\u00e9, Alexia Bigot, Emmanuelle Vo-Dinh<br \/><span style=\\\"color: #1500f6;\\\">collaboration artistique<\/span> Sabine Macher, David Monceau<br \/><span style=\\\"color: #1500f6;\\\">environnement sonore<\/span>\u00a0Olyphant\u00a0\u00a0<br \/><span style=\\\"color: #1500f6;\\\">Production<\/span> Pavillon-s<br \/><span style=\\\"color: #1500f6;\\\">Coproduction<\/span> Le Phare CCN du Havre Normandie - Ville d'\u00c9tretat. <span style=\\\"color: #1500f6;\\\">Avec le soutien<\/span> de Normandie Impressionniste.<br \/>Pavillon-s est subventionn\u00e9 par le Minist\u00e8re de la culture \u2013 direction g\u00e9n\u00e9rale de la cr\u00e9ation artistique, la R\u00e9gion Normandie, le D\u00e9partement de l'Eure, le D\u00e9partement de Seine-Maritime et la Ville de Rouen.<\/p>\",\r\n      \"align\": \"top\",\r\n      \"row\": 6,\r\n      \"col\": 0,\r\n      \"colspan\": 8,\r\n      \"offsetx\": 0,\r\n      \"offsety\": 0,\r\n      \"spaceabove\": 0,\r\n      \"spacebelow\": 0,\r\n      \"yvel\": 1,\r\n      \"push\": 0,\r\n      \"relid\": 7\r\n    },\r\n    {\r\n      \"type\": \"text\",\r\n      \"cont\": \"<p class=\\\"_texte_page\\\">Apr\u00e8s avoir dirig\u00e9 Le Phare Centre chor\u00e9graphique National du Havre Normandie de 2012 \u00e0 2021, elle m\u00e8ne aujourd'hui le projet Pavillon-s, implant\u00e9 \u00e0\u00a0Rouen\u00a0et \u00e0\u00a0And\u00e9, qui porte son travail de cr\u00e9ation\/diffusion et s'attache \u00e0 d\u00e9ployer des projets d'invitations \u00e0 d'autres artistes, dans le champ de l'exp\u00e9rimentation, et dans le partage avec les publics. Depuis la cr\u00e9ation de sa compagnie elle a chor\u00e9graphi\u00e9 plus d\u2019une vingtaine de pi\u00e8ces, qui ont \u00e9t\u00e9 jou\u00e9es notamment au Th\u00e9\u00e2tre de la Ville \u00e0 Paris, au festival d\u2019Avignon (69\u00e8me \u00e9dition) et au Th\u00e9\u00e2tre national de Chaillot, ainsi que dans diff\u00e9rents pays et continents, en Europe, en Afrique, en Am\u00e9rique du Nord, en Asie,\u2026<br \/><span style=\\\"color: #1500f6;\\\"><a style=\\\"color: #1500f6;\\\" href=\\\"http:\/\/pavillon-s.com\/biographie\/\\\">http:\/\/pavillon-s.com\/biographie\/<\/a><\/span><\/p>\",\r\n      \"align\": \"middle\",\r\n      \"row\": 7,\r\n      \"col\": 0,\r\n      \"colspan\": 8,\r\n      \"offsetx\": 0,\r\n      \"offsety\": 0,\r\n      \"spaceabove\": 0,\r\n      \"spacebelow\": 0,\r\n      \"yvel\": 1,\r\n      \"push\": 0,\r\n      \"relid\": 394,\r\n      \"frameOverflow\": \"\"\r\n    }\r\n  ]\r\n}","phonegrid":"{\r\n  \"colCount\": 12,\r\n  \"colGutter\": 1,\r\n  \"rowGutters\": [\r\n    \"2.5\",\r\n    \"0\",\r\n    \"2\",\r\n    \"2\",\r\n    \"2\",\r\n    \"2\",\r\n    \"2\"\r\n  ],\r\n  \"frameMargin\": 5,\r\n  \"leftFrameMargin\": 5,\r\n  \"rightFrameMargin\": 5,\r\n  \"topFrameMargin\": \"15\",\r\n  \"bottomFrameMargin\": 5,\r\n  \"rowAttrs\": [\r\n    {},\r\n    {},\r\n    {},\r\n    {},\r\n    {},\r\n    {},\r\n    {},\r\n    {}\r\n  ],\r\n  \"bgColor\": null,\r\n  \"bgImage\": null,\r\n  \"cont\": [\r\n    {\r\n      \"type\": \"text\",\r\n      \"cont\": \"<h1 class=\\\"_titre_rose\\\"><a href=\\\"http:\/\/pavillon-s.com\/roumare-artistes-projets-2024\/\\\" data-type=\\\"page\\\" data-id=\\\"710\\\" data-title=\\\"Pavillon-s t\u00e9moins Boucle de Roumare artistes projets 2024\\\"><span style=\\\"color: #ff00ff;\\\">Pavillon-s t\u00e9moins, Boucle de Roumare<\/span><\/a><\/h1>\",\r\n      \"align\": \"bottom\",\r\n      \"row\": 0,\r\n      \"col\": 0,\r\n      \"colspan\": 12,\r\n      \"offsetx\": 0,\r\n      \"offsety\": 0,\r\n      \"spaceabove\": 0,\r\n      \"spacebelow\": 0,\r\n      \"yvel\": 1,\r\n      \"push\": 0,\r\n      \"relid\": 9\r\n    },\r\n    {\r\n      \"type\": \"text\",\r\n      \"cont\": \"<h1 class=\\\"_Titre_spectacle\\\"><em>ARCANES paysage<\/em><br \/>Emmanuelle Vo-Dinh<\/h1>\",\r\n      \"align\": \"bottom\",\r\n      \"row\": 1,\r\n      \"col\": 0,\r\n      \"colspan\": 12,\r\n      \"offsetx\": 0,\r\n      \"offsety\": 0,\r\n      \"spaceabove\": 0,\r\n      \"spacebelow\": 0,\r\n      \"yvel\": 1,\r\n      \"push\": 0,\r\n      \"relid\": 4,\r\n      \"frameOverflow\": \"\"\r\n    },\r\n    {\r\n      \"type\": \"text\",\r\n      \"cont\": \"<p class=\\\"_texte_page\\\">Du 8 au 12 juillet dans la Boucle de Roumare<\/p>\",\r\n      \"align\": \"middle\",\r\n      \"row\": 2,\r\n      \"col\": 0,\r\n      \"colspan\": 12,\r\n      \"offsetx\": 0,\r\n      \"offsety\": 0,\r\n      \"spaceabove\": 0,\r\n      \"spacebelow\": 0,\r\n      \"yvel\": 1,\r\n      \"push\": 0,\r\n      \"relid\": 8\r\n    },\r\n    {\r\n      \"type\": \"carousel\",\r\n      \"cont\": \"\",\r\n      \"align\": \"bottom\",\r\n      \"row\": 3,\r\n      \"col\": 0,\r\n      \"colspan\": 12,\r\n      \"offsetx\": 0,\r\n      \"offsety\": 0,\r\n      \"spaceabove\": 0,\r\n      \"spacebelow\": 0,\r\n      \"yvel\": 1,\r\n      \"push\": 0,\r\n      \"relid\": 182,\r\n      \"carousel_options\": {\r\n        \"random\": false,\r\n        \"autoplay\": true,\r\n        \"showMultipleSlides\": false,\r\n        \"freeScroll\": false,\r\n        \"mousewheelScroll\": false,\r\n        \"size\": \"aspectRatioOfFirstElement\",\r\n        \"slidesWidth\": \"null\",\r\n        \"transition\": \"sliding\",\r\n        \"loop\": \"1\",\r\n        \"spaceBetween\": 0,\r\n        \"captionsUnderSlides\": false,\r\n        \"disableClick\": false\r\n      },\r\n      \"carousel\": [\r\n        {\r\n          \"type\": \"img\",\r\n          \"attid\": 1038,\r\n          \"cont\": \"\/wp-content\/uploads\/2024\/04\/Arcanespaysage\u00a9MarieSerresGiancotti.IMG_8951.jpg\",\r\n          \"sizes\": {\r\n            \"full\": \"\/wp-content\/uploads\/2024\/04\/Arcanespaysage\u00a9MarieSerresGiancotti.IMG_8951.jpg\",\r\n            \"_1920\": \"\/wp-content\/uploads\/2024\/04\/Arcanespaysage\u00a9MarieSerresGiancotti.IMG_8951-1920x1280.jpg\",\r\n            \"_1280\": \"\/wp-content\/uploads\/2024\/04\/Arcanespaysage\u00a9MarieSerresGiancotti.IMG_8951-1280x854.jpg\",\r\n            \"_1024\": \"\/wp-content\/uploads\/2024\/04\/Arcanespaysage\u00a9MarieSerresGiancotti.IMG_8951-1024x683.jpg\",\r\n            \"_768\": \"\/wp-content\/uploads\/2024\/04\/Arcanespaysage\u00a9MarieSerresGiancotti.IMG_8951-768x512.jpg\",\r\n            \"_512\": \"\/wp-content\/uploads\/2024\/04\/Arcanespaysage\u00a9MarieSerresGiancotti.IMG_8951-512x341.jpg\",\r\n            \"_265\": \"\/wp-content\/uploads\/2024\/04\/Arcanespaysage\u00a9MarieSerresGiancotti.IMG_8951-265x177.jpg\"\r\n          },\r\n          \"w\": 1984,\r\n          \"h\": 1323,\r\n          \"ar\": 0.6668346774193549,\r\n          \"alt\": \"\",\r\n          \"caption\": \"<p class=\\\"_texte_page\\\">\u00a9 Marie Serres-Giancotti<\/p>\"\r\n        },\r\n        {\r\n          \"type\": \"img\",\r\n          \"attid\": 1039,\r\n          \"cont\": \"\/wp-content\/uploads\/2024\/04\/Ateliergonfle\u00a9MariesSerresGiancotti.IMG_9142.jpg\",\r\n          \"sizes\": {\r\n            \"full\": \"\/wp-content\/uploads\/2024\/04\/Ateliergonfle\u00a9MariesSerresGiancotti.IMG_9142.jpg\",\r\n            \"_1920\": \"\/wp-content\/uploads\/2024\/04\/Ateliergonfle\u00a9MariesSerresGiancotti.IMG_9142-1920x1280.jpg\",\r\n            \"_1280\": \"\/wp-content\/uploads\/2024\/04\/Ateliergonfle\u00a9MariesSerresGiancotti.IMG_9142-1280x854.jpg\",\r\n            \"_1024\": \"\/wp-content\/uploads\/2024\/04\/Ateliergonfle\u00a9MariesSerresGiancotti.IMG_9142-1024x683.jpg\",\r\n            \"_768\": \"\/wp-content\/uploads\/2024\/04\/Ateliergonfle\u00a9MariesSerresGiancotti.IMG_9142-768x512.jpg\",\r\n            \"_512\": \"\/wp-content\/uploads\/2024\/04\/Ateliergonfle\u00a9MariesSerresGiancotti.IMG_9142-512x341.jpg\",\r\n            \"_265\": \"\/wp-content\/uploads\/2024\/04\/Ateliergonfle\u00a9MariesSerresGiancotti.IMG_9142-265x177.jpg\"\r\n          },\r\n          \"w\": 1984,\r\n          \"h\": 1323,\r\n          \"ar\": 0.6668346774193549,\r\n          \"alt\": \"\",\r\n          \"caption\": \"<p class=\\\"_texte_page\\\">\u00a9 Marie Serres-Giancotti<\/p>\"\r\n        }\r\n      ],\r\n      \"frameOverflow\": \"\"\r\n    },\r\n    {\r\n      \"type\": \"text\",\r\n      \"cont\": \"<div title=\\\"Page 13\\\"><div><div><div><p class=\\\"_texte_page\\\">Assister aux re\u0301pe\u0301titions* de la compagnie Pavillon-s ? Cela a \u00e9t\u00e9 possible !<br \/>Un trio chore\u0301graphique fe\u0301minin a \u00e9t\u00e9 en fabrication\u00a0a\u0300 Sahurs. C'\u00e9tait, pour les habitant.e.s, le moment d\u2019entrer dans les arcanes de fabrication d\u2019une chore\u0301graphie... ou pour les enfants, de venir essayer la grande bulle gonflable qui sert de de\u0301cor ... sensations fortes garanties !<\/p><p class=\\\"_texte_page\\\">*r\u00e9p\u00e9titions de la\u00a0performance <span style=\\\"color: #1500f6;\\\"><a style=\\\"color: #1500f6;\\\" href=\\\"http:\/\/pavillon-s.com\/arcanes\/\\\" data-type=\\\"project\\\" data-id=\\\"144\\\" data-title=\\\"ARCANES paysage\\\" data-catid=\\\"[3]\\\"><span style=\\\"text-decoration: underline;\\\">ARCANES paysages<\/span><\/a> <\/span>qui aura lieu les 31 ao\u00fbt et le 1er septembre \u00e0 Etretat dans le cadre du festival Normandie Impressionniste sur l'\u0153uvre gonflable transparente de l\u2019architecte de l\u2019air Hans-Walter Mu\u0308ller,\u00a0qui devient \u00e0 sa fa\u00e7on un \u00e9cho possible aux mouvements de la mar\u00e9e, et aux c\u00e9l\u00e8bres arches des falaises.<\/p><\/div><\/div><\/div><\/div>\",\r\n      \"align\": \"bottom\",\r\n      \"row\": 4,\r\n      \"col\": 0,\r\n      \"colspan\": 12,\r\n      \"offsetx\": 0,\r\n      \"offsety\": 0,\r\n      \"spaceabove\": 0,\r\n      \"spacebelow\": 0,\r\n      \"yvel\": 1,\r\n      \"push\": 0,\r\n      \"relid\": 6\r\n    },\r\n    {\r\n      \"type\": \"text\",\r\n      \"cont\": \"<p class=\\\"_texte_page\\\"><span style=\\\"color: #1500f6;\\\">Avec ou sans r\u00e9servation dans la Boucle de Roumare<\/span><br \/>Mercredi 10 juillet, 16h-18h, Atelier gonfl\u00e9, Foyer de Sahurs<br \/>Jeudi 11 juillet, 18h, Secret d'ARCANES*, Foyer de Sahurs<\/p><p class=\\\"_texte_page\\\">* R\u00e9p\u00e9titions publiques<\/p><div title=\\\"Page 13\\\"><div><div><div><p class=\\\"_texte_page\\\">Vous souhaitez en savoir plus ou re\u0301server ?\u00a0<span style=\\\"color: #1500f6;\\\">06 59 70 08 41 \/ contact@pavillon-s.com<\/span><\/p><\/div><\/div><\/div><\/div>\",\r\n      \"align\": \"middle\",\r\n      \"row\": 5,\r\n      \"col\": 0,\r\n      \"colspan\": 12,\r\n      \"offsetx\": 0,\r\n      \"offsety\": 0,\r\n      \"spaceabove\": 0,\r\n      \"spacebelow\": 0,\r\n      \"yvel\": 1,\r\n      \"push\": 0,\r\n      \"relid\": 10\r\n    },\r\n    {\r\n      \"type\": \"text\",\r\n      \"cont\": \"<p class=\\\"_texte_page\\\"><span style=\\\"color: #1500f6;\\\">ARCANES paysage<\/span><br \/><span style=\\\"color: #1500f6;\\\">conception<\/span>\u00a0Emmanuelle Vo-Dinh\u00a0<br \/><span style=\\\"color: #1500f6;\\\">chor\u00e9graphie, interpr\u00e9tation, costumes et maquillages<\/span> Violette Ang\u00e9, Alexia Bigot, Emmanuelle Vo-Dinh<br \/><span style=\\\"color: #1500f6;\\\">collaboration artistique<\/span> Sabine Macher, David Monceau<br \/><span style=\\\"color: #1500f6;\\\">environnement sonore<\/span>\u00a0Olyphant\u00a0\u00a0<br \/><span style=\\\"color: #1500f6;\\\">Production<\/span> Pavillon-s<br \/><span style=\\\"color: #1500f6;\\\">Coproduction<\/span> Le Phare CCN du Havre Normandie - Ville d'\u00c9tretat. <span style=\\\"color: #1500f6;\\\">Avec le soutien<\/span> de Normandie Impressionniste.<br \/>Pavillon-s est subventionn\u00e9 par le Minist\u00e8re de la culture \u2013 direction g\u00e9n\u00e9rale de la cr\u00e9ation artistique, la R\u00e9gion Normandie, le D\u00e9partement de l'Eure, le D\u00e9partement de Seine-Maritime et la Ville de Rouen.<\/p>\",\r\n      \"align\": \"bottom\",\r\n      \"row\": 6,\r\n      \"col\": 0,\r\n      \"colspan\": 12,\r\n      \"offsetx\": 0,\r\n      \"offsety\": 0,\r\n      \"spaceabove\": 0,\r\n      \"spacebelow\": 0,\r\n      \"yvel\": 1,\r\n      \"push\": 0,\r\n      \"relid\": 7\r\n    },\r\n    {\r\n      \"type\": \"text\",\r\n      \"cont\": \"<p class=\\\"_texte_page\\\">Apr\u00e8s avoir dirig\u00e9 Le Phare Centre chor\u00e9graphique National du Havre Normandie de 2012 \u00e0 2021, elle m\u00e8ne aujourd'hui le projet Pavillon-s, implant\u00e9 \u00e0\u00a0Rouen\u00a0et \u00e0\u00a0And\u00e9, qui porte son travail de cr\u00e9ation\/diffusion et s'attache \u00e0 d\u00e9ployer des projets d'invitations \u00e0 d'autres artistes, dans le champ de l'exp\u00e9rimentation, et dans le partage avec les publics. Depuis la cr\u00e9ation de sa compagnie elle a chor\u00e9graphi\u00e9 plus d\u2019une vingtaine de pi\u00e8ces, qui ont \u00e9t\u00e9 jou\u00e9es notamment au Th\u00e9\u00e2tre de la Ville \u00e0 Paris, au festival d\u2019Avignon (69\u00e8me \u00e9dition) et au Th\u00e9\u00e2tre national de Chaillot, ainsi que dans diff\u00e9rents pays et continents, en Europe, en Afrique, en Am\u00e9rique du Nord, en Asie,\u2026<\/p><p class=\\\"_texte_page\\\"><span style=\\\"color: #1500f6;\\\"><a style=\\\"color: #1500f6;\\\" href=\\\"http:\/\/pavillon-s.com\/biographie\/\\\">http:\/\/pavillon-s.com\/biographie\/<\/a><\/span><\/p>\",\r\n      \"align\": \"middle\",\r\n      \"row\": 7,\r\n      \"col\": 0,\r\n      \"colspan\": 12,\r\n      \"offsetx\": 0,\r\n      \"offsety\": 0,\r\n      \"spaceabove\": 0,\r\n      \"spacebelow\": 0,\r\n      \"yvel\": 1,\r\n      \"push\": 0,\r\n      \"relid\": 11\r\n    }\r\n  ]\r\n}","_links":{"self":[{"href":"http:\/\/pavillon-s.com\/en\/wp-json\/wp\/v2\/posts\/733","targetHints":{"allow":["GET"]}}],"collection":[{"href":"http:\/\/pavillon-s.com\/en\/wp-json\/wp\/v2\/posts"}],"about":[{"href":"http:\/\/pavillon-s.com\/en\/wp-json\/wp\/v2\/types\/post"}],"author":[{"embeddable":true,"href":"http:\/\/pavillon-s.com\/en\/wp-json\/wp\/v2\/users\/1"}],"replies":[{"embeddable":true,"href":"http:\/\/pavillon-s.com\/en\/wp-json\/wp\/v2\/comments?post=733"}],"version-history":[{"count":0,"href":"http:\/\/pavillon-s.com\/en\/wp-json\/wp\/v2\/posts\/733\/revisions"}],"wp:featuredmedia":[{"embeddable":true,"href":"http:\/\/pavillon-s.com\/en\/wp-json\/wp\/v2\/media\/1038"}],"wp:attachment":[{"href":"http:\/\/pavillon-s.com\/en\/wp-json\/wp\/v2\/media?parent=733"}],"wp:term":[{"taxonomy":"category","embeddable":true,"href":"http:\/\/pavillon-s.com\/en\/wp-json\/wp\/v2\/categories?post=733"},{"taxonomy":"post_tag","embeddable":true,"href":"http:\/\/pavillon-s.com\/en\/wp-json\/wp\/v2\/tags?post=733"}],"curies":[{"name":"wp","href":"https:\/\/api.w.org\/{rel}","templated":true}]}}