{"id":722,"date":"2024-04-08T12:15:33","date_gmt":"2022-07-16T20:14:41","guid":{"rendered":"http:\/\/pavillon-s.com\/orukami-2\/"},"modified":"2024-11-28T08:54:17","modified_gmt":"2024-11-28T07:54:17","slug":"roumare_orukami","status":"publish","type":"post","link":"http:\/\/pavillon-s.com\/en\/roumare_orukami\/","title":{"rendered":"Pavillon-s t\u00e9moins ORUKAMI Roumare 2024"},"content":{"rendered":"","protected":false},"excerpt":{"rendered":"","protected":false},"author":1,"featured_media":1017,"comment_status":"closed","ping_status":"closed","sticky":false,"template":"","format":"standard","meta":[],"categories":[10],"tags":[],"class_list":["post-722","post","type-post","status-publish","has-post-thumbnail","hentry","category-pavillon-s-temoins"],"grid":"{\r\n  \"colCount\": 12,\r\n  \"colGutter\": 1,\r\n  \"rowGutters\": [\r\n    2.5,\r\n    0,\r\n    2,\r\n    2,\r\n    2,\r\n    2,\r\n    2\r\n  ],\r\n  \"frameMargin\": 5,\r\n  \"leftFrameMargin\": 2.5,\r\n  \"rightFrameMargin\": 5,\r\n  \"topFrameMargin\": 180,\r\n  \"bottomFrameMargin\": 5,\r\n  \"rowAttrs\": [\r\n    {},\r\n    {},\r\n    {},\r\n    {},\r\n    {},\r\n    {},\r\n    {},\r\n    {}\r\n  ],\r\n  \"bgColor\": null,\r\n  \"bgImage\": null,\r\n  \"cont\": [\r\n    {\r\n      \"type\": \"text\",\r\n      \"cont\": \"<h1 class=\\\"_menu_home\\\"><a href=\\\"http:\/\/pavillon-s.com\/roumare-artistes-projets-2024\/\\\" data-type=\\\"page\\\" data-id=\\\"710\\\" data-title=\\\"Pavillon-s t\u00e9moins Boucle de Roumare artistes projets 2024\\\"><span style=\\\"color: #ff00ff;\\\">Pavillon-s t\u00e9moins, Boucle de Roumare<\/span><\/a><\/h1>\",\r\n      \"align\": \"top\",\r\n      \"row\": 0,\r\n      \"col\": 0,\r\n      \"colspan\": 8,\r\n      \"offsetx\": 0,\r\n      \"offsety\": 0,\r\n      \"spaceabove\": 0,\r\n      \"spacebelow\": 0,\r\n      \"yvel\": 1,\r\n      \"push\": 0,\r\n      \"relid\": 9\r\n    },\r\n    {\r\n      \"type\": \"text\",\r\n      \"cont\": \"<h1 class=\\\"_Titre_spectacle\\\"><em>ORUKAMI<\/em><br \/>Emmanuelle Vo-Dinh<\/h1>\",\r\n      \"align\": \"top\",\r\n      \"row\": 1,\r\n      \"col\": 0,\r\n      \"colspan\": 7,\r\n      \"offsetx\": 0,\r\n      \"offsety\": 0,\r\n      \"spaceabove\": 0,\r\n      \"spacebelow\": 0,\r\n      \"yvel\": 1,\r\n      \"push\": 0,\r\n      \"relid\": 4\r\n    },\r\n    {\r\n      \"type\": \"text\",\r\n      \"cont\": \"<p class=\\\"_texte_page\\\">Du 18 juin au 5 juillet dans la Boucle de Roumare<\/p>\",\r\n      \"align\": \"middle\",\r\n      \"row\": 2,\r\n      \"col\": 0,\r\n      \"colspan\": 7,\r\n      \"offsetx\": 0,\r\n      \"offsety\": 0,\r\n      \"spaceabove\": 0,\r\n      \"spacebelow\": 0,\r\n      \"yvel\": 1,\r\n      \"push\": 0,\r\n      \"relid\": 5,\r\n      \"frameOverflow\": \"\"\r\n    },\r\n    {\r\n      \"type\": \"carousel\",\r\n      \"cont\": \"\",\r\n      \"align\": \"top\",\r\n      \"row\": 3,\r\n      \"col\": 0,\r\n      \"colspan\": 5,\r\n      \"offsetx\": 0,\r\n      \"offsety\": 0,\r\n      \"spaceabove\": 0,\r\n      \"spacebelow\": 0,\r\n      \"yvel\": 1,\r\n      \"push\": 0,\r\n      \"relid\": 182,\r\n      \"carousel_options\": {\r\n        \"random\": false,\r\n        \"autoplay\": true,\r\n        \"showMultipleSlides\": false,\r\n        \"freeScroll\": false,\r\n        \"mousewheelScroll\": false,\r\n        \"size\": \"aspectRatioOfFirstElement\",\r\n        \"slidesWidth\": \"null\",\r\n        \"transition\": \"sliding\",\r\n        \"loop\": \"1\",\r\n        \"spaceBetween\": 0,\r\n        \"captionsUnderSlides\": false,\r\n        \"disableClick\": false\r\n      },\r\n      \"carousel\": [\r\n        {\r\n          \"type\": \"img\",\r\n          \"attid\": 1017,\r\n          \"cont\": \"\/wp-content\/uploads\/2024\/04\/ORUKAMI\u00a9MarieSerresGiancotti.IMG_0531.jpg\",\r\n          \"sizes\": {\r\n            \"full\": \"\/wp-content\/uploads\/2024\/04\/ORUKAMI\u00a9MarieSerresGiancotti.IMG_0531.jpg\",\r\n            \"_1920\": \"\/wp-content\/uploads\/2024\/04\/ORUKAMI\u00a9MarieSerresGiancotti.IMG_0531-1920x1280.jpg\",\r\n            \"_1280\": \"\/wp-content\/uploads\/2024\/04\/ORUKAMI\u00a9MarieSerresGiancotti.IMG_0531-1280x854.jpg\",\r\n            \"_1024\": \"\/wp-content\/uploads\/2024\/04\/ORUKAMI\u00a9MarieSerresGiancotti.IMG_0531-1024x683.jpg\",\r\n            \"_768\": \"\/wp-content\/uploads\/2024\/04\/ORUKAMI\u00a9MarieSerresGiancotti.IMG_0531-768x512.jpg\",\r\n            \"_512\": \"\/wp-content\/uploads\/2024\/04\/ORUKAMI\u00a9MarieSerresGiancotti.IMG_0531-512x341.jpg\",\r\n            \"_265\": \"\/wp-content\/uploads\/2024\/04\/ORUKAMI\u00a9MarieSerresGiancotti.IMG_0531-265x177.jpg\"\r\n          },\r\n          \"w\": 1984,\r\n          \"h\": 1323,\r\n          \"ar\": 0.6668346774193549,\r\n          \"alt\": \"\",\r\n          \"caption\": \"<p class=\\\"_texte_page\\\">\u00a9 Marie Serres-Giancotti<\/p>\"\r\n        },\r\n        {\r\n          \"type\": \"img\",\r\n          \"attid\": 1018,\r\n          \"cont\": \"\/wp-content\/uploads\/2024\/04\/ORUKAMI-\u00a9Capucine-Baranes-4855.jpg\",\r\n          \"sizes\": {\r\n            \"full\": \"\/wp-content\/uploads\/2024\/04\/ORUKAMI-\u00a9Capucine-Baranes-4855.jpg\",\r\n            \"_1920\": \"\/wp-content\/uploads\/2024\/04\/ORUKAMI-\u00a9Capucine-Baranes-4855-1920x1081.jpg\",\r\n            \"_1280\": \"\/wp-content\/uploads\/2024\/04\/ORUKAMI-\u00a9Capucine-Baranes-4855-1280x721.jpg\",\r\n            \"_1024\": \"\/wp-content\/uploads\/2024\/04\/ORUKAMI-\u00a9Capucine-Baranes-4855-1024x577.jpg\",\r\n            \"_768\": \"\/wp-content\/uploads\/2024\/04\/ORUKAMI-\u00a9Capucine-Baranes-4855-768x432.jpg\",\r\n            \"_512\": \"\/wp-content\/uploads\/2024\/04\/ORUKAMI-\u00a9Capucine-Baranes-4855-512x288.jpg\",\r\n            \"_265\": \"\/wp-content\/uploads\/2024\/04\/ORUKAMI-\u00a9Capucine-Baranes-4855-265x149.jpg\"\r\n          },\r\n          \"w\": 2268,\r\n          \"h\": 1277,\r\n          \"ar\": 0.5630511463844797,\r\n          \"alt\": \"\",\r\n          \"caption\": \"<p>\u00a9 Capucine Baran\u00e8s<\/p>\"\r\n        }\r\n      ],\r\n      \"frameOverflow\": \"\"\r\n    },\r\n    {\r\n      \"type\": \"text\",\r\n      \"cont\": \"<div title=\\\"Page 8\\\"><p class=\\\"_texte_page\\\">Au cours de 4 ateliers les habitant-e-s de la boucle de Roumare ont pu participer \u00e0 cr\u00e9ation d\u2019une performance unique avec des ponchos de survie aussi utiles qu\u2019esth\u00e9tiques : \u00e9ventails, tentes, rochers, pyramides, fleurs de m\u00e9tal, ou marionnettes g\u00e9antes... pour une magie garantie !<\/p><\/div>\",\r\n      \"align\": \"top\",\r\n      \"row\": 4,\r\n      \"col\": 0,\r\n      \"colspan\": 8,\r\n      \"offsetx\": 0,\r\n      \"offsety\": 0,\r\n      \"spaceabove\": 0,\r\n      \"spacebelow\": 0,\r\n      \"yvel\": 1,\r\n      \"push\": 0,\r\n      \"relid\": 6\r\n    },\r\n    {\r\n      \"type\": \"text\",\r\n      \"cont\": \"<div title=\\\"Page 8\\\"><div><div><div><p class=\\\"_texte_page\\\"><span style=\\\"color: #1500f6;\\\">Ateliers ORUKAMI, sur inscription<\/span><br \/>Mardi 18 juin,\u00a018 h-20 h,\u00a0Cha\u0302teau, Hautot-sur-Seine<br \/>Mardi 25 juin,\u00a018 h-20 h,\u00a0Cha\u0302teau, Hautot-sur-Seine<br \/>Lundi 1er juillet,18 h-20h,\u00a0Cha\u0302teau, Hautot-sur-Seine<br \/>Mardi 2 juillet,\u00a018 h-20h, Cha\u0302teau, Hautot-sur-Seine<br \/><span style=\\\"color: #1500f6;\\\"><strong>Performance<em> ORUKAMI<\/em> <\/strong><\/span>le vendredi 5 juillet \u00e0 partir de 18h30 au Ch\u00e2teau de Hautot-sur-Seine<\/p><\/div><\/div><\/div><\/div><p><span style=\\\"font-family: helvetica, sans-serif;\\\"><span style=\\\"font-size: 20px;\\\">Ouvert \u00e0 tous \u00e0 partir de 7ans sans aucun pr\u00e9-requis physique<br \/><\/span><span style=\\\"font-size: 20px;\\\">Une seule condition : participer aux ateliers pr\u00e9paratoires !<\/span><\/span><\/p><div title=\\\"Page 8\\\"><div><div><div><p class=\\\"_texte_page\\\">Vous souhaitez en savoir plus, vous inscrire ou re\u0301server ? <span style=\\\"color: #1500f6;\\\">contact@pavillon-s.com \/\u00a006 59 70 08 41<\/span><\/p><\/div><\/div><\/div><\/div>\",\r\n      \"align\": \"top\",\r\n      \"row\": 5,\r\n      \"col\": 0,\r\n      \"colspan\": 9,\r\n      \"offsetx\": 0,\r\n      \"offsety\": 0,\r\n      \"spaceabove\": 0,\r\n      \"spacebelow\": 0,\r\n      \"yvel\": 1,\r\n      \"push\": 0,\r\n      \"relid\": 8,\r\n      \"frameOverflow\": \"\"\r\n    },\r\n    {\r\n      \"type\": \"text\",\r\n      \"cont\": \"<p class=\\\"_texte_page\\\"><span style=\\\"color: #1500f6;\\\">ORUKAMI<\/span><br \/><span style=\\\"color: #1500f6;\\\">conception, chor\u00e9graphie<\/span>\u00a0Emmanuelle Vo-Dinh<br \/><span style=\\\"color: #1500f6;\\\">musique\u00a0<span style=\\\"color: #000000;\\\">Olyphant<\/span><br \/>dur\u00e9e<\/span> 25mn<br \/><span style=\\\"color: #1500f6;\\\">Production<\/span>\u00a0Pavillon-s, Emmanuelle Vo-Dinh<br \/>Pavillon-s est subventionn\u00e9 par le Minist\u00e8re de la culture \u2013 direction g\u00e9n\u00e9rale de la cr\u00e9ation artistique, la R\u00e9gion Normandie, le D\u00e9partement de l'Eure, le D\u00e9partement de Seine-Maritime et la Ville de Rouen.<\/p>\",\r\n      \"align\": \"top\",\r\n      \"row\": 6,\r\n      \"col\": 0,\r\n      \"colspan\": 8,\r\n      \"offsetx\": 0,\r\n      \"offsety\": 0,\r\n      \"spaceabove\": 0,\r\n      \"spacebelow\": 0,\r\n      \"yvel\": 1,\r\n      \"push\": 0,\r\n      \"relid\": 7\r\n    },\r\n    {\r\n      \"type\": \"text\",\r\n      \"cont\": \"<p class=\\\"_texte_page\\\">Apr\u00e8s avoir dirig\u00e9 Le Phare Centre chor\u00e9graphique National du Havre Normandie de 2012 \u00e0 2021, <span style=\\\"color: #1500f6;\\\">Emmanuelle Vo-Dinh<\/span> m\u00e8ne aujourd'hui le projet Pavillon-s, implant\u00e9 \u00e0\u00a0Rouen\u00a0et \u00e0\u00a0And\u00e9, qui porte son travail de cr\u00e9ation\/diffusion et s'attache \u00e0 d\u00e9ployer des projets d'invitations \u00e0 d'autres artistes, dans le champ de l'exp\u00e9rimentation, et dans le partage avec les publics. Depuis la cr\u00e9ation de sa compagnie elle a chor\u00e9graphi\u00e9 plus d\u2019une vingtaine de pi\u00e8ces, qui ont \u00e9t\u00e9 jou\u00e9es notamment au Th\u00e9\u00e2tre de la Ville \u00e0 Paris, au festival d\u2019Avignon (69\u00e8me \u00e9dition) et au Th\u00e9\u00e2tre national de Chaillot, ainsi que dans diff\u00e9rents pays et continents, en Europe, en Afrique, en Am\u00e9rique du Nord, en Asie,\u2026<br \/><span style=\\\"color: #1500f6;\\\"><a style=\\\"color: #1500f6;\\\" href=\\\"http:\/\/pavillon-s.com\/biographie\/\\\">http:\/\/pavillon-s.com\/biographie\/<\/a><\/span><\/p>\",\r\n      \"align\": \"middle\",\r\n      \"row\": 7,\r\n      \"col\": 0,\r\n      \"colspan\": 9,\r\n      \"offsetx\": 0,\r\n      \"offsety\": 0,\r\n      \"spaceabove\": 0,\r\n      \"spacebelow\": 0,\r\n      \"yvel\": 1,\r\n      \"push\": 0,\r\n      \"relid\": 11,\r\n      \"frameOverflow\": \"\"\r\n    }\r\n  ]\r\n}","phonegrid":"{\r\n  \"colCount\": 12,\r\n  \"colGutter\": 1,\r\n  \"rowGutters\": [\r\n    5,\r\n    \"2\",\r\n    \"2\",\r\n    \"2\",\r\n    \"5\",\r\n    \"5\",\r\n    \"5\"\r\n  ],\r\n  \"frameMargin\": 5,\r\n  \"leftFrameMargin\": 5,\r\n  \"rightFrameMargin\": 5,\r\n  \"topFrameMargin\": \"15\",\r\n  \"bottomFrameMargin\": 5,\r\n  \"rowAttrs\": [\r\n    {},\r\n    {},\r\n    {},\r\n    {},\r\n    {},\r\n    {},\r\n    {},\r\n    {}\r\n  ],\r\n  \"bgColor\": null,\r\n  \"bgImage\": null,\r\n  \"cont\": [\r\n    {\r\n      \"type\": \"text\",\r\n      \"cont\": \"<h1 class=\\\"_menu_home\\\"><a href=\\\"http:\/\/pavillon-s.com\/roumare-artistes-projets-2024\/\\\" data-type=\\\"page\\\" data-id=\\\"710\\\" data-title=\\\"Pavillon-s t\u00e9moins Boucle de Roumare artistes projets 2024\\\"><span style=\\\"color: #ff00ff;\\\">Pavillon-s t\u00e9moins, Boucle de Roumare<\/span><\/a><\/h1>\",\r\n      \"align\": \"bottom\",\r\n      \"row\": 0,\r\n      \"col\": 0,\r\n      \"colspan\": 12,\r\n      \"offsetx\": 0,\r\n      \"offsety\": 0,\r\n      \"spaceabove\": 0,\r\n      \"spacebelow\": 0,\r\n      \"yvel\": 1,\r\n      \"push\": 0,\r\n      \"relid\": 9\r\n    },\r\n    {\r\n      \"type\": \"text\",\r\n      \"cont\": \"<h1 class=\\\"_Titre_spectacle\\\"><em>ORUKAMI<\/em><br \/>Emmanuelle Vo-Dinh<\/h1>\",\r\n      \"align\": \"bottom\",\r\n      \"row\": 1,\r\n      \"col\": 0,\r\n      \"colspan\": 12,\r\n      \"offsetx\": 0,\r\n      \"offsety\": 0,\r\n      \"spaceabove\": 0,\r\n      \"spacebelow\": 0,\r\n      \"yvel\": 1,\r\n      \"push\": 0,\r\n      \"relid\": 4\r\n    },\r\n    {\r\n      \"type\": \"text\",\r\n      \"cont\": \"<p class=\\\"_texte_page\\\">du 18 juin au 5 juillet dans la Boucle de Roumare<\/p>\",\r\n      \"align\": \"middle\",\r\n      \"row\": 2,\r\n      \"col\": 0,\r\n      \"colspan\": 12,\r\n      \"offsetx\": 0,\r\n      \"offsety\": 0,\r\n      \"spaceabove\": 0,\r\n      \"spacebelow\": 0,\r\n      \"yvel\": 1,\r\n      \"push\": 0,\r\n      \"relid\": 10\r\n    },\r\n    {\r\n      \"type\": \"carousel\",\r\n      \"cont\": \"\",\r\n      \"align\": \"bottom\",\r\n      \"row\": 3,\r\n      \"col\": 0,\r\n      \"colspan\": 12,\r\n      \"offsetx\": 0,\r\n      \"offsety\": 0,\r\n      \"spaceabove\": 0,\r\n      \"spacebelow\": 0,\r\n      \"yvel\": 1,\r\n      \"push\": 0,\r\n      \"relid\": 182,\r\n      \"carousel_options\": {\r\n        \"random\": false,\r\n        \"autoplay\": true,\r\n        \"showMultipleSlides\": false,\r\n        \"freeScroll\": false,\r\n        \"mousewheelScroll\": false,\r\n        \"size\": \"aspectRatioOfFirstElement\",\r\n        \"slidesWidth\": \"null\",\r\n        \"transition\": \"sliding\",\r\n        \"loop\": \"1\",\r\n        \"spaceBetween\": 0,\r\n        \"captionsUnderSlides\": false,\r\n        \"disableClick\": false\r\n      },\r\n      \"carousel\": [\r\n        {\r\n          \"type\": \"img\",\r\n          \"attid\": 1017,\r\n          \"cont\": \"\/wp-content\/uploads\/2024\/04\/ORUKAMI\u00a9MarieSerresGiancotti.IMG_0531.jpg\",\r\n          \"sizes\": {\r\n            \"full\": \"\/wp-content\/uploads\/2024\/04\/ORUKAMI\u00a9MarieSerresGiancotti.IMG_0531.jpg\",\r\n            \"_1920\": \"\/wp-content\/uploads\/2024\/04\/ORUKAMI\u00a9MarieSerresGiancotti.IMG_0531-1920x1280.jpg\",\r\n            \"_1280\": \"\/wp-content\/uploads\/2024\/04\/ORUKAMI\u00a9MarieSerresGiancotti.IMG_0531-1280x854.jpg\",\r\n            \"_1024\": \"\/wp-content\/uploads\/2024\/04\/ORUKAMI\u00a9MarieSerresGiancotti.IMG_0531-1024x683.jpg\",\r\n            \"_768\": \"\/wp-content\/uploads\/2024\/04\/ORUKAMI\u00a9MarieSerresGiancotti.IMG_0531-768x512.jpg\",\r\n            \"_512\": \"\/wp-content\/uploads\/2024\/04\/ORUKAMI\u00a9MarieSerresGiancotti.IMG_0531-512x341.jpg\",\r\n            \"_265\": \"\/wp-content\/uploads\/2024\/04\/ORUKAMI\u00a9MarieSerresGiancotti.IMG_0531-265x177.jpg\"\r\n          },\r\n          \"w\": 1984,\r\n          \"h\": 1323,\r\n          \"ar\": 0.6668346774193549,\r\n          \"alt\": \"\",\r\n          \"caption\": \"<p class=\\\"_texte_page\\\">\u00a9 Marie Serres-Giancotti<\/p>\"\r\n        },\r\n        {\r\n          \"type\": \"img\",\r\n          \"attid\": 1018,\r\n          \"cont\": \"\/wp-content\/uploads\/2024\/04\/ORUKAMI-\u00a9Capucine-Baranes-4855.jpg\",\r\n          \"sizes\": {\r\n            \"full\": \"\/wp-content\/uploads\/2024\/04\/ORUKAMI-\u00a9Capucine-Baranes-4855.jpg\",\r\n            \"_1920\": \"\/wp-content\/uploads\/2024\/04\/ORUKAMI-\u00a9Capucine-Baranes-4855-1920x1081.jpg\",\r\n            \"_1280\": \"\/wp-content\/uploads\/2024\/04\/ORUKAMI-\u00a9Capucine-Baranes-4855-1280x721.jpg\",\r\n            \"_1024\": \"\/wp-content\/uploads\/2024\/04\/ORUKAMI-\u00a9Capucine-Baranes-4855-1024x577.jpg\",\r\n            \"_768\": \"\/wp-content\/uploads\/2024\/04\/ORUKAMI-\u00a9Capucine-Baranes-4855-768x432.jpg\",\r\n            \"_512\": \"\/wp-content\/uploads\/2024\/04\/ORUKAMI-\u00a9Capucine-Baranes-4855-512x288.jpg\",\r\n            \"_265\": \"\/wp-content\/uploads\/2024\/04\/ORUKAMI-\u00a9Capucine-Baranes-4855-265x149.jpg\"\r\n          },\r\n          \"w\": 2268,\r\n          \"h\": 1277,\r\n          \"ar\": 0.5630511463844797,\r\n          \"alt\": \"\",\r\n          \"caption\": \"<p>\u00a9 Capucine Baran\u00e8s<\/p>\"\r\n        }\r\n      ],\r\n      \"frameOverflow\": \"\"\r\n    },\r\n    {\r\n      \"type\": \"text\",\r\n      \"cont\": \"<div title=\\\"Page 8\\\"><p class=\\\"_texte_page\\\">Au cours de 4 ateliers les habitant-e-s de la boucle de Roumare ont pu participer \u00e0 cr\u00e9ation d\u2019une performance unique avec des ponchos de survie aussi utiles qu\u2019esth\u00e9tiques : \u00e9ventails, tentes, rochers, pyramides, fleurs de m\u00e9tal, ou marionnettes g\u00e9antes... pour une magie garantie !<\/p><\/div>\",\r\n      \"align\": \"bottom\",\r\n      \"row\": 4,\r\n      \"col\": 0,\r\n      \"colspan\": 12,\r\n      \"offsetx\": 0,\r\n      \"offsety\": 0,\r\n      \"spaceabove\": 0,\r\n      \"spacebelow\": 0,\r\n      \"yvel\": 1,\r\n      \"push\": 0,\r\n      \"relid\": 6\r\n    },\r\n    {\r\n      \"type\": \"text\",\r\n      \"cont\": \"<div title=\\\"Page 8\\\"><div><div><div><p class=\\\"_texte_page\\\"><span style=\\\"color: #1500f6;\\\">Ateliers ORUKAMI, sur inscription dans la Boucle de Roumare<\/span><br \/>Mardi 18 juin,\u00a018 h-20 h,\u00a0Cha\u0302teau, Hautot-sur-Seine<br \/>Mardi 25 juin,\u00a018 h-20 h,\u00a0Cha\u0302teau, Hautot-sur-Seine<br \/>Lundi 1er juillet,18 h-20h,\u00a0Cha\u0302teau, Hautot-sur-Seine<br \/>Mardi 2 juillet,\u00a018 h-20h, Cha\u0302teau, Hautot-sur-Seine<\/p><p class=\\\"_texte_page\\\">ORUKAMI le vendredi 5 juillet \u00e0 partir de 18h30 au Ch\u00e2teau de Hautot-sur-Seine<\/p><\/div><\/div><\/div><\/div><p class=\\\"_texte_page\\\">Ouvert \u00e0 tous \u00e0 partir de 7ans sans aucun pr\u00e9-requis physique<br \/>Une seule condition : participer aux ateliers pr\u00e9paratoires !<\/p><div title=\\\"Page 8\\\"><div><div><div><p class=\\\"_texte_page\\\">Vous souhaitez en savoir plus, vous inscrire ou re\u0301server ?\u00a0<span style=\\\"color: #1500f6;\\\">contact@pavillon-s.com \/ 06 59 70 08 41\u00a0<\/span><\/p><\/div><\/div><\/div><\/div>\",\r\n      \"align\": \"middle\",\r\n      \"row\": 5,\r\n      \"col\": 0,\r\n      \"colspan\": 12,\r\n      \"offsetx\": 0,\r\n      \"offsety\": 0,\r\n      \"spaceabove\": 0,\r\n      \"spacebelow\": 0,\r\n      \"yvel\": 1,\r\n      \"push\": 0,\r\n      \"relid\": 12\r\n    },\r\n    {\r\n      \"type\": \"text\",\r\n      \"cont\": \"<p class=\\\"_texte_page\\\"><span style=\\\"color: #1500f6;\\\">ORUKAMI<\/span><br \/><span style=\\\"color: #1500f6;\\\">conception, chor\u00e9graphie<\/span>\u00a0Emmanuelle Vo-Dinh<br \/><span style=\\\"color: #1500f6;\\\">musique\u00a0<span style=\\\"color: #000000;\\\">Olyphant<\/span><br \/>dur\u00e9e<\/span> 25mn<br \/><span style=\\\"color: #1500f6;\\\">Production<\/span>\u00a0Pavillon-s, Emmanuelle Vo-Dinh<br \/>Pavillon-s est subventionn\u00e9 par le Minist\u00e8re de la culture \u2013 direction g\u00e9n\u00e9rale de la cr\u00e9ation artistique, la R\u00e9gion Normandie, le D\u00e9partement de l'Eure, le D\u00e9partement de Seine-Maritime et la Ville de Rouen.<\/p>\",\r\n      \"align\": \"bottom\",\r\n      \"row\": 6,\r\n      \"col\": 0,\r\n      \"colspan\": 12,\r\n      \"offsetx\": 0,\r\n      \"offsety\": 0,\r\n      \"spaceabove\": 0,\r\n      \"spacebelow\": 0,\r\n      \"yvel\": 1,\r\n      \"push\": 0,\r\n      \"relid\": 7\r\n    },\r\n    {\r\n      \"type\": \"text\",\r\n      \"cont\": \"<p class=\\\"_texte_page\\\">Apr\u00e8s avoir dirig\u00e9 Le Phare Centre chor\u00e9graphique National du Havre Normandie de 2012 \u00e0 2021, <span style=\\\"color: #1500f6;\\\">Emmanuelle Vo-Dinh<\/span> m\u00e8ne aujourd'hui le projet Pavillon-s, implant\u00e9 \u00e0\u00a0Rouen\u00a0et \u00e0\u00a0And\u00e9, qui porte son travail de cr\u00e9ation\/diffusion et s'attache \u00e0 d\u00e9ployer des projets d'invitations \u00e0 d'autres artistes, dans le champ de l'exp\u00e9rimentation, et dans le partage avec les publics. Depuis la cr\u00e9ation de sa compagnie elle a chor\u00e9graphi\u00e9 plus d\u2019une vingtaine de pi\u00e8ces, qui ont \u00e9t\u00e9 jou\u00e9es notamment au Th\u00e9\u00e2tre de la Ville \u00e0 Paris, au festival d\u2019Avignon (69\u00e8me \u00e9dition) et au Th\u00e9\u00e2tre national de Chaillot, ainsi que dans diff\u00e9rents pays et continents, en Europe, en Afrique, en Am\u00e9rique du Nord, en Asie,\u2026<\/p><p class=\\\"_texte_page\\\"><span style=\\\"color: #1500f6;\\\"><a style=\\\"color: #1500f6;\\\" href=\\\"http:\/\/pavillon-s.com\/biographie\/\\\">http:\/\/pavillon-s.com\/biographie\/<\/a><\/span><\/p>\",\r\n      \"align\": \"middle\",\r\n      \"row\": 7,\r\n      \"col\": 0,\r\n      \"colspan\": 12,\r\n      \"offsetx\": 0,\r\n      \"offsety\": 0,\r\n      \"spaceabove\": 0,\r\n      \"spacebelow\": 0,\r\n      \"yvel\": 1,\r\n      \"push\": 0,\r\n      \"relid\": 13\r\n    }\r\n  ]\r\n}","_links":{"self":[{"href":"http:\/\/pavillon-s.com\/en\/wp-json\/wp\/v2\/posts\/722","targetHints":{"allow":["GET"]}}],"collection":[{"href":"http:\/\/pavillon-s.com\/en\/wp-json\/wp\/v2\/posts"}],"about":[{"href":"http:\/\/pavillon-s.com\/en\/wp-json\/wp\/v2\/types\/post"}],"author":[{"embeddable":true,"href":"http:\/\/pavillon-s.com\/en\/wp-json\/wp\/v2\/users\/1"}],"replies":[{"embeddable":true,"href":"http:\/\/pavillon-s.com\/en\/wp-json\/wp\/v2\/comments?post=722"}],"version-history":[{"count":0,"href":"http:\/\/pavillon-s.com\/en\/wp-json\/wp\/v2\/posts\/722\/revisions"}],"wp:featuredmedia":[{"embeddable":true,"href":"http:\/\/pavillon-s.com\/en\/wp-json\/wp\/v2\/media\/1017"}],"wp:attachment":[{"href":"http:\/\/pavillon-s.com\/en\/wp-json\/wp\/v2\/media?parent=722"}],"wp:term":[{"taxonomy":"category","embeddable":true,"href":"http:\/\/pavillon-s.com\/en\/wp-json\/wp\/v2\/categories?post=722"},{"taxonomy":"post_tag","embeddable":true,"href":"http:\/\/pavillon-s.com\/en\/wp-json\/wp\/v2\/tags?post=722"}],"curies":[{"name":"wp","href":"https:\/\/api.w.org\/{rel}","templated":true}]}}