{"id":705,"date":"2024-03-18T14:29:43","date_gmt":"2022-07-16T20:14:41","guid":{"rendered":"http:\/\/pavillon-s.com\/cormeilles-2\/"},"modified":"2025-11-07T09:45:59","modified_gmt":"2025-11-07T08:45:59","slug":"ande","status":"publish","type":"post","link":"http:\/\/pavillon-s.com\/en\/ande\/","title":{"rendered":"\u00c9cole, And\u00e9"},"content":{"rendered":"","protected":false},"excerpt":{"rendered":"","protected":false},"author":1,"featured_media":709,"comment_status":"closed","ping_status":"closed","sticky":false,"template":"","format":"standard","meta":[],"categories":[9],"tags":[],"class_list":["post-705","post","type-post","status-publish","has-post-thumbnail","hentry","category-actions-artistiques"],"grid":"{\r\n  \"colCount\": 12,\r\n  \"colGutter\": 1,\r\n  \"rowGutters\": [\r\n    2.5,\r\n    1,\r\n    2\r\n  ],\r\n  \"frameMargin\": 5,\r\n  \"leftFrameMargin\": 2.5,\r\n  \"rightFrameMargin\": 5,\r\n  \"topFrameMargin\": 180,\r\n  \"bottomFrameMargin\": 5,\r\n  \"rowAttrs\": [\r\n    {},\r\n    {},\r\n    {},\r\n    {}\r\n  ],\r\n  \"bgColor\": null,\r\n  \"bgImage\": null,\r\n  \"cont\": [\r\n    {\r\n      \"type\": \"text\",\r\n      \"cont\": \"<h1 class=\\\"_menu_home\\\"><a href=\\\"http:\/\/pavillon-s.com\/emmanuelle-vo-dinh\/\\\" data-type=\\\"page\\\" data-id=\\\"73\\\" data-title=\\\"Emmanuelle Vo-Dinh\\\">Cr\u00e9ations, r\u00e9sidences...<\/a><\/h1>\",\r\n      \"align\": \"top\",\r\n      \"row\": 0,\r\n      \"col\": 0,\r\n      \"colspan\": 8,\r\n      \"offsetx\": 0,\r\n      \"offsety\": 0,\r\n      \"spaceabove\": 0,\r\n      \"spacebelow\": 0,\r\n      \"yvel\": 1,\r\n      \"push\": 0,\r\n      \"relid\": 9\r\n    },\r\n    {\r\n      \"type\": \"text\",\r\n      \"cont\": \"<h1 class=\\\"_Titre_spectacle\\\"><strong><span style=\\\"color: #1500f6;\\\">Autour de Belles et bo\u00eetes<\/span><\/strong><\/h1>\",\r\n      \"align\": \"top\",\r\n      \"row\": 1,\r\n      \"col\": 0,\r\n      \"colspan\": 7,\r\n      \"offsetx\": 0,\r\n      \"offsety\": 0,\r\n      \"spaceabove\": 0,\r\n      \"spacebelow\": 0,\r\n      \"yvel\": 1,\r\n      \"push\": 0,\r\n      \"relid\": 4\r\n    },\r\n    {\r\n      \"type\": \"text\",\r\n      \"cont\": \"<p class=\\\"_texte_page\\\"><span style=\\\"color: #1500f6;\\\"><a style=\\\"color: #1500f6;\\\" href=\\\"http:\/\/pavillon-s.com\/belles-et-boites\/\\\" data-type=\\\"project\\\" data-id=\\\"144\\\" data-title=\\\"ARCANES paysage\\\" data-catid=\\\"[3]\\\">Belles et bo\u00eetes<\/a><\/span> \u2013 <em>est une variation \u00e0 la table, pens\u00e9e notamment pour les salles de classe, de la pi\u00e8ce <span><a href=\\\"http:\/\/pavillon-s.com\/belles-et-bois\/\\\" data-type=\\\"project\\\" data-id=\\\"279\\\" data-title=\\\"Belles et bois\\\" data-catid=\\\"[3]\\\"><span style=\\\"color: #1500f6;\\\">Belles et bois<\/span><\/a><\/span> cr\u00e9\u00e9e en 2016.<\/em><\/p><div class=\\\"page\\\" title=\\\"Page 1\\\"><div class=\\\"layoutArea\\\"><div class=\\\"column\\\"><p class=\\\"_texte_page\\\"><span style=\\\"font-size: 20px;\\\"><span>Dans le cadre d'une r\u00e9sidence jumelage de la DRAC Normandie et avec le soutien de la DSDEN 27, l<\/span>\u2019\u00e9quipe de Belles et bo\u00eetes, compos\u00e9e des interpr\u00e8tes Alexia Bigot et Cyril Geeroms, a pr\u00e9sent\u00e9 dans un premier temps, la semaine du 20 au 24 novembre 2023, le spectacle dans chacune des classes de l'\u00e9cole. <\/span><span style=\\\"font-size: 20px;\\\">A\u0300 la suite de la performance les e\u0301le\u0300ves de CM1et CM2 ont imagine\u0301 et e\u0301crit un conte.<br \/>A\u0300 partir de ce re\u0301cit, Alexia Bigot et Cyril Geeroms ont men\u00e9 des ateliers avec les e\u0301le\u0300ves, donnant lieu a\u0300 une restitution qui a \u00e9t\u00e9 partage\u0301e le vendredi 15 mars avec les autres e\u0301le\u0300ves de l'e\u0301cole et avec leurs familles.<\/span><\/p><\/div><\/div><\/div>\",\r\n      \"align\": \"top\",\r\n      \"row\": 2,\r\n      \"col\": 0,\r\n      \"colspan\": 8,\r\n      \"offsetx\": 0,\r\n      \"offsety\": 0,\r\n      \"spaceabove\": 0,\r\n      \"spacebelow\": 0,\r\n      \"yvel\": 1,\r\n      \"push\": 0,\r\n      \"relid\": 6\r\n    },\r\n    {\r\n      \"type\": \"text\",\r\n      \"cont\": \"<p class=\\\"_texte_page\\\"><span style=\\\"color: #1500f6;\\\">Calendrier<\/span><br \/>20 au 24 novembre 2023\u00a0<span style=\\\"color: #1500f6;\\\"><span style=\\\"color: #000000;\\\">\u2013 <strong>Repr\u00e9sentations<\/strong> de <span style=\\\"color: #1500f6;\\\"><a style=\\\"color: #1500f6;\\\" href=\\\"https:\/\/pavillon-s.com\/belles-et-boites\/\\\" data-type=\\\"project\\\" data-id=\\\"161\\\" data-title=\\\"Belles et bo\u00eetes\\\" data-catid=\\\"[3]\\\">Belles et bo\u00eetes<\/a><\/span> au sein de l'\u00e9cole d'And\u00e9<br \/><\/span><\/span>11 au 15 mars 2024 <span style=\\\"color: #1500f6;\\\"><span style=\\\"color: #000000;\\\">\u2013<\/span><\/span> <strong>Ateliers<\/strong> autour de Belles et bo\u00eetes pour les \u00e9l\u00e8ves de CE2\/CM1\/CM2, puis <strong>restitution<\/strong> devant les autres \u00e9l\u00e8ves et les familles.<\/p>\",\r\n      \"align\": \"top\",\r\n      \"row\": 3,\r\n      \"col\": 0,\r\n      \"colspan\": 8,\r\n      \"offsetx\": 0,\r\n      \"offsety\": 0,\r\n      \"spaceabove\": 0,\r\n      \"spacebelow\": 0,\r\n      \"yvel\": 1,\r\n      \"push\": 0,\r\n      \"relid\": 8\r\n    }\r\n  ]\r\n}","phonegrid":"{\r\n  \"colCount\": 12,\r\n  \"colGutter\": 1,\r\n  \"rowGutters\": [\r\n    5,\r\n    5,\r\n    5\r\n  ],\r\n  \"frameMargin\": 5,\r\n  \"leftFrameMargin\": 5,\r\n  \"rightFrameMargin\": 5,\r\n  \"topFrameMargin\": \"15\",\r\n  \"bottomFrameMargin\": 5,\r\n  \"rowAttrs\": [\r\n    {},\r\n    {},\r\n    {},\r\n    {}\r\n  ],\r\n  \"bgColor\": null,\r\n  \"bgImage\": null,\r\n  \"cont\": [\r\n    {\r\n      \"type\": \"text\",\r\n      \"cont\": \"<h1 class=\\\"_menu_home\\\"><a href=\\\"http:\/\/pavillon-s.com\/emmanuelle-vo-dinh\/\\\" data-type=\\\"page\\\" data-id=\\\"73\\\" data-title=\\\"Emmanuelle Vo-Dinh\\\">Cr\u00e9ations, r\u00e9sidences...<\/a><\/h1>\",\r\n      \"align\": \"bottom\",\r\n      \"row\": 0,\r\n      \"col\": 0,\r\n      \"colspan\": 12,\r\n      \"offsetx\": 0,\r\n      \"offsety\": 0,\r\n      \"spaceabove\": 0,\r\n      \"spacebelow\": 0,\r\n      \"yvel\": 1,\r\n      \"push\": 0,\r\n      \"relid\": 9\r\n    },\r\n    {\r\n      \"type\": \"text\",\r\n      \"cont\": \"<h1 class=\\\"_Titre_spectacle\\\"><strong><span style=\\\"color: #1500f6;\\\">Autour de Belles et bo\u00eetes<\/span><\/strong><\/h1>\",\r\n      \"align\": \"bottom\",\r\n      \"row\": 1,\r\n      \"col\": 0,\r\n      \"colspan\": 12,\r\n      \"offsetx\": 0,\r\n      \"offsety\": 0,\r\n      \"spaceabove\": 0,\r\n      \"spacebelow\": 0,\r\n      \"yvel\": 1,\r\n      \"push\": 0,\r\n      \"relid\": 4\r\n    },\r\n    {\r\n      \"type\": \"text\",\r\n      \"cont\": \"<p class=\\\"_texte_page\\\"><span style=\\\"color: #1500f6;\\\"><a style=\\\"color: #1500f6;\\\" href=\\\"http:\/\/pavillon-s.com\/belles-et-boites\/\\\" data-type=\\\"project\\\" data-id=\\\"144\\\" data-title=\\\"ARCANES paysage\\\" data-catid=\\\"[3]\\\">Belles et bo\u00eetes<\/a><\/span> \u2013 <em>est une variation \u00e0 la table, pens\u00e9e notamment pour les salles de classe, de la pi\u00e8ce <span><a href=\\\"http:\/\/pavillon-s.com\/belles-et-bois\/\\\" data-type=\\\"project\\\" data-id=\\\"279\\\" data-title=\\\"Belles et bois\\\" data-catid=\\\"[3]\\\"><span style=\\\"color: #1500f6;\\\">Belles et bois<\/span><\/a><\/span> cr\u00e9\u00e9e en 2016.<\/em><\/p><div class=\\\"page\\\" title=\\\"Page 1\\\"><div class=\\\"layoutArea\\\"><div class=\\\"column\\\"><p class=\\\"_texte_page\\\"><span style=\\\"font-size: 20px;\\\"><span>Dans le cadre d'une r\u00e9sidence jumelage de la DRAC Normandie et avec le soutien de la DSDEN 27, l<\/span>\u2019\u00e9quipe de Belles et bo\u00eetes, compos\u00e9e des interpr\u00e8tes Alexia Bigot et Cyril Geeroms, a pr\u00e9sent\u00e9 dans un premier temps, la semaine du 20 au 24 novembre 2023, le spectacle dans chacune des classes de l'\u00e9cole. <\/span><span style=\\\"font-size: 20px;\\\">A\u0300 la suite de la performance les e\u0301le\u0300ves de CM1et CM2 ont imagine\u0301 et e\u0301crit un conte.<br \/>A\u0300 partir de ce re\u0301cit, Alexia Bigot et Cyril Geeroms ont men\u00e9 des ateliers avec les e\u0301le\u0300ves, donnant lieu a\u0300 une restitution qui a \u00e9t\u00e9 partage\u0301e le vendredi 15 mars avec les autres e\u0301le\u0300ves de l'e\u0301cole et avec leurs familles.<\/span><\/p><\/div><\/div><\/div>\",\r\n      \"align\": \"bottom\",\r\n      \"row\": 2,\r\n      \"col\": 0,\r\n      \"colspan\": 12,\r\n      \"offsetx\": 0,\r\n      \"offsety\": 0,\r\n      \"spaceabove\": 0,\r\n      \"spacebelow\": 0,\r\n      \"yvel\": 1,\r\n      \"push\": 0,\r\n      \"relid\": 6\r\n    },\r\n    {\r\n      \"type\": \"text\",\r\n      \"cont\": \"<p class=\\\"_texte_page\\\"><span style=\\\"color: #1500f6;\\\">Calendrier<\/span><br \/>20 au 24 novembre 2023\u00a0<span style=\\\"color: #1500f6;\\\"><span style=\\\"color: #000000;\\\">\u2013 <strong>Repr\u00e9sentations<\/strong> de <span style=\\\"color: #1500f6;\\\"><a style=\\\"color: #1500f6;\\\" href=\\\"https:\/\/pavillon-s.com\/belles-et-boites\/\\\" data-type=\\\"project\\\" data-id=\\\"161\\\" data-title=\\\"Belles et bo\u00eetes\\\" data-catid=\\\"[3]\\\">Belles et bo\u00eetes<\/a><\/span> au sein de l'\u00e9cole d'And\u00e9<br \/><\/span><\/span>11 au 15 mars 2024 <span style=\\\"color: #1500f6;\\\"><span style=\\\"color: #000000;\\\">\u2013<\/span><\/span> <strong>Ateliers<\/strong> autour de Belles et bo\u00eetes pour les \u00e9l\u00e8ves de CE2\/CM1\/CM2, puis <strong>restitution<\/strong> devant les autres \u00e9l\u00e8ves et les familles.<\/p>\",\r\n      \"align\": \"bottom\",\r\n      \"row\": 3,\r\n      \"col\": 0,\r\n      \"colspan\": 12,\r\n      \"offsetx\": 0,\r\n      \"offsety\": 0,\r\n      \"spaceabove\": 0,\r\n      \"spacebelow\": 0,\r\n      \"yvel\": 1,\r\n      \"push\": 0,\r\n      \"relid\": 8\r\n    }\r\n  ]\r\n}","_links":{"self":[{"href":"http:\/\/pavillon-s.com\/en\/wp-json\/wp\/v2\/posts\/705","targetHints":{"allow":["GET"]}}],"collection":[{"href":"http:\/\/pavillon-s.com\/en\/wp-json\/wp\/v2\/posts"}],"about":[{"href":"http:\/\/pavillon-s.com\/en\/wp-json\/wp\/v2\/types\/post"}],"author":[{"embeddable":true,"href":"http:\/\/pavillon-s.com\/en\/wp-json\/wp\/v2\/users\/1"}],"replies":[{"embeddable":true,"href":"http:\/\/pavillon-s.com\/en\/wp-json\/wp\/v2\/comments?post=705"}],"version-history":[{"count":0,"href":"http:\/\/pavillon-s.com\/en\/wp-json\/wp\/v2\/posts\/705\/revisions"}],"wp:featuredmedia":[{"embeddable":true,"href":"http:\/\/pavillon-s.com\/en\/wp-json\/wp\/v2\/media\/709"}],"wp:attachment":[{"href":"http:\/\/pavillon-s.com\/en\/wp-json\/wp\/v2\/media?parent=705"}],"wp:term":[{"taxonomy":"category","embeddable":true,"href":"http:\/\/pavillon-s.com\/en\/wp-json\/wp\/v2\/categories?post=705"},{"taxonomy":"post_tag","embeddable":true,"href":"http:\/\/pavillon-s.com\/en\/wp-json\/wp\/v2\/tags?post=705"}],"curies":[{"name":"wp","href":"https:\/\/api.w.org\/{rel}","templated":true}]}}