{"id":494,"date":"2023-09-01T19:35:13","date_gmt":"2022-08-22T06:59:41","guid":{"rendered":"http:\/\/pavillon-s.com\/marie-laure-lapeyrere-2\/"},"modified":"2024-12-12T15:08:26","modified_gmt":"2024-12-12T14:08:26","slug":"frac-normandie","status":"publish","type":"post","link":"http:\/\/pavillon-s.com\/en\/frac-normandie\/","title":{"rendered":"WEI 2023 FRAC Normandie Jeppe Hein"},"content":{"rendered":"","protected":false},"excerpt":{"rendered":"","protected":false},"author":1,"featured_media":493,"comment_status":"closed","ping_status":"closed","sticky":false,"template":"","format":"standard","meta":[],"categories":[6],"tags":[],"class_list":["post-494","post","type-post","status-publish","has-post-thumbnail","hentry","category-wei-artistes-projects"],"grid":"{\r\n  \"colCount\": 12,\r\n  \"colGutter\": 1,\r\n  \"rowGutters\": [\r\n    2.5,\r\n    2,\r\n    2\r\n  ],\r\n  \"frameMargin\": 5,\r\n  \"leftFrameMargin\": 2.5,\r\n  \"rightFrameMargin\": 5,\r\n  \"topFrameMargin\": 180,\r\n  \"bottomFrameMargin\": 5,\r\n  \"rowAttrs\": [\r\n    {},\r\n    {},\r\n    {},\r\n    {}\r\n  ],\r\n  \"bgColor\": null,\r\n  \"bgImage\": null,\r\n  \"cont\": [\r\n    {\r\n      \"type\": \"text\",\r\n      \"cont\": \"<h1 class=\\\"_menu_home\\\"><a href=\\\"http:\/\/pavillon-s.com\/wei-artistes-projets-2023\/\\\" data-type=\\\"page\\\" data-id=\\\"120\\\" data-title=\\\"wei artistes projects\\\">Wei! \/ artistes projets<\/a><\/h1>\",\r\n      \"align\": \"top\",\r\n      \"row\": 0,\r\n      \"col\": 0,\r\n      \"colspan\": 8,\r\n      \"offsetx\": 0,\r\n      \"offsety\": 0,\r\n      \"spaceabove\": 0,\r\n      \"spacebelow\": 0,\r\n      \"yvel\": 1,\r\n      \"push\": 0,\r\n      \"relid\": 9\r\n    },\r\n    {\r\n      \"type\": \"text\",\r\n      \"cont\": \"<h1 class=\\\"_Titre_spectacle\\\"><span>FRAC Normandie \/ Jeppe Hein<br \/><\/span><\/h1>\",\r\n      \"align\": \"top\",\r\n      \"row\": 1,\r\n      \"col\": 0,\r\n      \"colspan\": 8,\r\n      \"offsetx\": 0,\r\n      \"offsety\": 0,\r\n      \"spaceabove\": 0,\r\n      \"spacebelow\": 0,\r\n      \"yvel\": 1,\r\n      \"push\": 0,\r\n      \"relid\": 4,\r\n      \"frameOverflow\": \"\"\r\n    },\r\n    {\r\n      \"type\": \"img\",\r\n      \"cont\": \"\/wp-content\/uploads\/2023\/09\/HEIN_Jeppe_FBN2009-06\u00a9Marc_Domage-basse_def.jpeg\",\r\n      \"align\": \"top\",\r\n      \"row\": 2,\r\n      \"col\": 0,\r\n      \"colspan\": 8,\r\n      \"offsetx\": 0,\r\n      \"offsety\": 0,\r\n      \"spaceabove\": 0,\r\n      \"spacebelow\": 0,\r\n      \"yvel\": 1,\r\n      \"push\": 0,\r\n      \"relid\": 127,\r\n      \"attid\": 493,\r\n      \"sizes\": {\r\n        \"full\": \"\/wp-content\/uploads\/2023\/09\/HEIN_Jeppe_FBN2009-06\u00a9Marc_Domage-basse_def.jpeg\",\r\n        \"_768\": \"\/wp-content\/uploads\/2023\/09\/HEIN_Jeppe_FBN2009-06\u00a9Marc_Domage-basse_def-768x511.jpeg\",\r\n        \"_512\": \"\/wp-content\/uploads\/2023\/09\/HEIN_Jeppe_FBN2009-06\u00a9Marc_Domage-basse_def-512x340.jpeg\",\r\n        \"_265\": \"\/wp-content\/uploads\/2023\/09\/HEIN_Jeppe_FBN2009-06\u00a9Marc_Domage-basse_def-265x176.jpeg\"\r\n      },\r\n      \"w\": 800,\r\n      \"h\": 532,\r\n      \"ar\": 0.665,\r\n      \"alt\": \"\",\r\n      \"caption\": \"<p class=\\\"_texte_page\\\">\u00a9 Marc Domage<\/p>\"\r\n    },\r\n    {\r\n      \"type\": \"text\",\r\n      \"cont\": \"<p class=\\\"_texte_page\\\"><span style=\\\"color: #1500f6;\\\">FRAC Normandie \/ Jeppe HEIN\u00a0<\/span><br \/><strong>Samedi 16 septembre 14h-18h<br \/><\/strong><strong>Dimanche 17 septembre 11h-18h<br \/><\/strong><strong><\/strong><strong><\/strong><\/p><p class=\\\"_texte_page\\\"><em>Modified Social Bench #7<\/em>, 2005<br \/><em>Modified Social Bench A<\/em>, 2006<br \/><em>Modified Social Bench E<\/em>, 2006<br \/><em>Modified Social Bench H<\/em>, 2006\u00a0<\/p><p class=\\\"_texte_page\\\">Acier galvanis\u00e9 peint par poudrage, collection du FRAC Normandie<\/p><p class=\\\"_texte_page\\\">L\u2019artiste danois bas\u00e9 \u00e0 Berlin, Jeppe Hein r\u00e9invente la forme du banc public en cr\u00e9ant des s\u00e9ries de bancs modifi\u00e9s. Ils sont \u00e9tir\u00e9s, tordus, pench\u00e9s,\u2026et invitent \u00e0 l\u2019interaction et au mouvement. Ces bancs sont aujourd\u2019hui pr\u00e9sents dans de nombreux pays et permettent de cr\u00e9er de nouveaux usages. Quatre d\u2019entre eux, issus de la collection du Frac Normandie sont install\u00e9s dans le parc du Moulin d\u2019And\u00e9. Vous pouvez vous y asseoir, mais aussi vous y allonger, ou y grimper\u00a0!<\/p>\",\r\n      \"align\": \"top\",\r\n      \"row\": 3,\r\n      \"col\": 0,\r\n      \"colspan\": 8,\r\n      \"offsetx\": 0,\r\n      \"offsety\": 0,\r\n      \"spaceabove\": 0,\r\n      \"spacebelow\": 0,\r\n      \"yvel\": 1,\r\n      \"push\": 0,\r\n      \"relid\": 6\r\n    }\r\n  ]\r\n}","phonegrid":"","_links":{"self":[{"href":"http:\/\/pavillon-s.com\/en\/wp-json\/wp\/v2\/posts\/494","targetHints":{"allow":["GET"]}}],"collection":[{"href":"http:\/\/pavillon-s.com\/en\/wp-json\/wp\/v2\/posts"}],"about":[{"href":"http:\/\/pavillon-s.com\/en\/wp-json\/wp\/v2\/types\/post"}],"author":[{"embeddable":true,"href":"http:\/\/pavillon-s.com\/en\/wp-json\/wp\/v2\/users\/1"}],"replies":[{"embeddable":true,"href":"http:\/\/pavillon-s.com\/en\/wp-json\/wp\/v2\/comments?post=494"}],"version-history":[{"count":0,"href":"http:\/\/pavillon-s.com\/en\/wp-json\/wp\/v2\/posts\/494\/revisions"}],"wp:featuredmedia":[{"embeddable":true,"href":"http:\/\/pavillon-s.com\/en\/wp-json\/wp\/v2\/media\/493"}],"wp:attachment":[{"href":"http:\/\/pavillon-s.com\/en\/wp-json\/wp\/v2\/media?parent=494"}],"wp:term":[{"taxonomy":"category","embeddable":true,"href":"http:\/\/pavillon-s.com\/en\/wp-json\/wp\/v2\/categories?post=494"},{"taxonomy":"post_tag","embeddable":true,"href":"http:\/\/pavillon-s.com\/en\/wp-json\/wp\/v2\/tags?post=494"}],"curies":[{"name":"wp","href":"https:\/\/api.w.org\/{rel}","templated":true}]}}