{"id":484,"date":"2023-09-01T19:04:27","date_gmt":"2022-08-22T06:59:41","guid":{"rendered":"http:\/\/pavillon-s.com\/visites-moulin-3\/"},"modified":"2024-12-12T15:07:42","modified_gmt":"2024-12-12T14:07:42","slug":"balade-ethnobotanique","status":"publish","type":"post","link":"http:\/\/pavillon-s.com\/en\/balade-ethnobotanique\/","title":{"rendered":"WEI 2022 Balade ethnobotanique"},"content":{"rendered":"","protected":false},"excerpt":{"rendered":"","protected":false},"author":1,"featured_media":435,"comment_status":"closed","ping_status":"closed","sticky":false,"template":"","format":"standard","meta":[],"categories":[6],"tags":[],"class_list":["post-484","post","type-post","status-publish","has-post-thumbnail","hentry","category-wei-artistes-projects"],"grid":"{\r\n  \"colCount\": 12,\r\n  \"colGutter\": 1,\r\n  \"rowGutters\": [\r\n    2.5,\r\n    2,\r\n    2\r\n  ],\r\n  \"frameMargin\": 5,\r\n  \"leftFrameMargin\": 2.5,\r\n  \"rightFrameMargin\": 5,\r\n  \"topFrameMargin\": 180,\r\n  \"bottomFrameMargin\": 5,\r\n  \"rowAttrs\": [\r\n    {},\r\n    {},\r\n    {},\r\n    {}\r\n  ],\r\n  \"bgColor\": null,\r\n  \"bgImage\": null,\r\n  \"cont\": [\r\n    {\r\n      \"type\": \"text\",\r\n      \"cont\": \"<h1 class=\\\"_menu_home\\\"><a href=\\\"http:\/\/pavillon-s.com\/wei-artistes-projets-2023\/\\\" data-type=\\\"page\\\" data-id=\\\"120\\\" data-title=\\\"wei artistes projects\\\">Wei! \/ artistes projets<\/a><\/h1>\",\r\n      \"align\": \"top\",\r\n      \"row\": 0,\r\n      \"col\": 0,\r\n      \"colspan\": 8,\r\n      \"offsetx\": 0,\r\n      \"offsety\": 0,\r\n      \"spaceabove\": 0,\r\n      \"spacebelow\": 0,\r\n      \"yvel\": 1,\r\n      \"push\": 0,\r\n      \"relid\": 9\r\n    },\r\n    {\r\n      \"type\": \"text\",\r\n      \"cont\": \"<h1 class=\\\"_Titre_spectacle\\\"><span>Balade ethnobotanique<br \/><\/span><\/h1>\",\r\n      \"align\": \"top\",\r\n      \"row\": 1,\r\n      \"col\": 0,\r\n      \"colspan\": 8,\r\n      \"offsetx\": 0,\r\n      \"offsety\": 0,\r\n      \"spaceabove\": 0,\r\n      \"spacebelow\": 0,\r\n      \"yvel\": 1,\r\n      \"push\": 0,\r\n      \"relid\": 4,\r\n      \"frameOverflow\": \"\"\r\n    },\r\n    {\r\n      \"type\": \"img\",\r\n      \"cont\": \"\/wp-content\/uploads\/2023\/08\/DJI_0326.jpg\",\r\n      \"align\": \"top\",\r\n      \"row\": 2,\r\n      \"col\": 0,\r\n      \"colspan\": 8,\r\n      \"offsetx\": 0,\r\n      \"offsety\": 0,\r\n      \"spaceabove\": 0,\r\n      \"spacebelow\": 0,\r\n      \"yvel\": 1,\r\n      \"push\": 0,\r\n      \"relid\": 127,\r\n      \"attid\": 435,\r\n      \"sizes\": {\r\n        \"full\": \"\/wp-content\/uploads\/2023\/08\/DJI_0326.jpg\",\r\n        \"_1024\": \"\/wp-content\/uploads\/2023\/08\/DJI_0326-1024x682.jpg\",\r\n        \"_768\": \"\/wp-content\/uploads\/2023\/08\/DJI_0326-768x512.jpg\",\r\n        \"_512\": \"\/wp-content\/uploads\/2023\/08\/DJI_0326-512x341.jpg\",\r\n        \"_265\": \"\/wp-content\/uploads\/2023\/08\/DJI_0326-265x177.jpg\"\r\n      },\r\n      \"w\": 1228,\r\n      \"h\": 818,\r\n      \"ar\": 0.6661237785016286,\r\n      \"alt\": \"\",\r\n      \"caption\": \"<p class=\\\"_texte_page\\\">\u00a9 DR<\/p>\"\r\n    },\r\n    {\r\n      \"type\": \"text\",\r\n      \"cont\": \"<p class=\\\"_texte_page\\\"><span style=\\\"color: #1500f6;\\\">Balade ethnobotanique<\/span><br \/><strong>Samedi 16 septembre \u00e0 14h30 et 16h30<br \/><\/strong><strong>Dimanche 17 septembre \u00e0 11h, 14h30 et 16h30<br \/><\/strong><span style=\\\"color: #1500f6;\\\">Avec<\/span> Yoanna Mansvelt<br \/><span style=\\\"color: #1500f6;\\\">Dur\u00e9e<\/span> 90 minutes<br \/><strong><\/strong><\/p><p class=\\\"_texte_page\\\">Les plantes sont autour de nous et nous vivons en leur pr\u00e9sence depuis toujours. Comme tout ce qui nous est familier, nous passons \u00e0 c\u00f4t\u00e9 d'elles sans faire attention\u2026 Les visiteurs ont pu renouer, le temps d\u2019une balade avec la vie de ces plantes sauvages, en passant de l'alimentation aux plantes tinctoriales, de l'habitat aux outils, du sacr\u00e9 \u00e0 la sorcellerie, du toucher \u00e0 la botanique.<\/p>\",\r\n      \"align\": \"top\",\r\n      \"row\": 3,\r\n      \"col\": 0,\r\n      \"colspan\": 8,\r\n      \"offsetx\": 0,\r\n      \"offsety\": 0,\r\n      \"spaceabove\": 0,\r\n      \"spacebelow\": 0,\r\n      \"yvel\": 1,\r\n      \"push\": 0,\r\n      \"relid\": 6\r\n    }\r\n  ]\r\n}","phonegrid":"","_links":{"self":[{"href":"http:\/\/pavillon-s.com\/en\/wp-json\/wp\/v2\/posts\/484","targetHints":{"allow":["GET"]}}],"collection":[{"href":"http:\/\/pavillon-s.com\/en\/wp-json\/wp\/v2\/posts"}],"about":[{"href":"http:\/\/pavillon-s.com\/en\/wp-json\/wp\/v2\/types\/post"}],"author":[{"embeddable":true,"href":"http:\/\/pavillon-s.com\/en\/wp-json\/wp\/v2\/users\/1"}],"replies":[{"embeddable":true,"href":"http:\/\/pavillon-s.com\/en\/wp-json\/wp\/v2\/comments?post=484"}],"version-history":[{"count":0,"href":"http:\/\/pavillon-s.com\/en\/wp-json\/wp\/v2\/posts\/484\/revisions"}],"wp:featuredmedia":[{"embeddable":true,"href":"http:\/\/pavillon-s.com\/en\/wp-json\/wp\/v2\/media\/435"}],"wp:attachment":[{"href":"http:\/\/pavillon-s.com\/en\/wp-json\/wp\/v2\/media?parent=484"}],"wp:term":[{"taxonomy":"category","embeddable":true,"href":"http:\/\/pavillon-s.com\/en\/wp-json\/wp\/v2\/categories?post=484"},{"taxonomy":"post_tag","embeddable":true,"href":"http:\/\/pavillon-s.com\/en\/wp-json\/wp\/v2\/tags?post=484"}],"curies":[{"name":"wp","href":"https:\/\/api.w.org\/{rel}","templated":true}]}}