{"id":473,"date":"2023-09-01T18:29:34","date_gmt":"2022-08-22T06:59:41","guid":{"rendered":"http:\/\/pavillon-s.com\/la-danse-2\/"},"modified":"2024-12-12T14:58:08","modified_gmt":"2024-12-12T13:58:08","slug":"petite-soeur","status":"publish","type":"post","link":"http:\/\/pavillon-s.com\/en\/petite-soeur\/","title":{"rendered":"WEI 2023 Marie Nimier Petite soeur"},"content":{"rendered":"","protected":false},"excerpt":{"rendered":"","protected":false},"author":1,"featured_media":567,"comment_status":"closed","ping_status":"closed","sticky":false,"template":"","format":"standard","meta":[],"categories":[6],"tags":[],"class_list":["post-473","post","type-post","status-publish","has-post-thumbnail","hentry","category-wei-artistes-projects"],"grid":"{\r\n  \"colCount\": 12,\r\n  \"colGutter\": 1,\r\n  \"rowGutters\": [\r\n    2.5,\r\n    2,\r\n    2\r\n  ],\r\n  \"frameMargin\": 5,\r\n  \"leftFrameMargin\": 2.5,\r\n  \"rightFrameMargin\": 5,\r\n  \"topFrameMargin\": 180,\r\n  \"bottomFrameMargin\": 5,\r\n  \"rowAttrs\": [\r\n    {},\r\n    {},\r\n    {},\r\n    {}\r\n  ],\r\n  \"bgColor\": null,\r\n  \"bgImage\": null,\r\n  \"cont\": [\r\n    {\r\n      \"type\": \"text\",\r\n      \"cont\": \"<h1 class=\\\"_menu_home\\\"><a href=\\\"http:\/\/pavillon-s.com\/wei-artistes-projets-2023\/\\\" data-type=\\\"page\\\" data-id=\\\"120\\\" data-title=\\\"wei artistes projects\\\">Wei! \/ artistes projets<\/a><\/h1>\",\r\n      \"align\": \"top\",\r\n      \"row\": 0,\r\n      \"col\": 0,\r\n      \"colspan\": 8,\r\n      \"offsetx\": 0,\r\n      \"offsety\": 0,\r\n      \"spaceabove\": 0,\r\n      \"spacebelow\": 0,\r\n      \"yvel\": 1,\r\n      \"push\": 0,\r\n      \"relid\": 9\r\n    },\r\n    {\r\n      \"type\": \"text\",\r\n      \"cont\": \"<h1 class=\\\"_Titre_spectacle\\\"><span>Marie Nimier et Olivier Bonnet<br \/><\/span><\/h1>\",\r\n      \"align\": \"top\",\r\n      \"row\": 1,\r\n      \"col\": 0,\r\n      \"colspan\": 8,\r\n      \"offsetx\": 0,\r\n      \"offsety\": 0,\r\n      \"spaceabove\": 0,\r\n      \"spacebelow\": 0,\r\n      \"yvel\": 1,\r\n      \"push\": 0,\r\n      \"relid\": 4,\r\n      \"frameOverflow\": \"\"\r\n    },\r\n    {\r\n      \"type\": \"carousel\",\r\n      \"cont\": \"\",\r\n      \"align\": \"top\",\r\n      \"row\": 2,\r\n      \"col\": 0,\r\n      \"colspan\": 7,\r\n      \"offsetx\": 0,\r\n      \"offsety\": 0,\r\n      \"spaceabove\": 0,\r\n      \"spacebelow\": 0,\r\n      \"yvel\": 1,\r\n      \"push\": 0,\r\n      \"relid\": 411,\r\n      \"carousel_options\": {\r\n        \"random\": false,\r\n        \"autoplay\": true,\r\n        \"showMultipleSlides\": false,\r\n        \"freeScroll\": false,\r\n        \"mousewheelScroll\": false,\r\n        \"size\": \"aspectRatioOfFirstElement\",\r\n        \"slidesWidth\": \"null\",\r\n        \"transition\": \"sliding\",\r\n        \"loop\": \"1\",\r\n        \"spaceBetween\": 0,\r\n        \"captionsUnderSlides\": false,\r\n        \"disableClick\": false\r\n      },\r\n      \"carousel\": [\r\n        {\r\n          \"type\": \"img\",\r\n          \"attid\": 567,\r\n          \"cont\": \"\/wp-content\/uploads\/2023\/08\/Lisa-Sahores-WEi-Petite-Soeur-17.9-2.jpg\",\r\n          \"sizes\": {\r\n            \"full\": \"\/wp-content\/uploads\/2023\/08\/Lisa-Sahores-WEi-Petite-Soeur-17.9-2.jpg\",\r\n            \"_2560\": \"\/wp-content\/uploads\/2023\/08\/Lisa-Sahores-WEi-Petite-Soeur-17.9-2-2560x1438.jpg\",\r\n            \"_1920\": \"\/wp-content\/uploads\/2023\/08\/Lisa-Sahores-WEi-Petite-Soeur-17.9-2-1920x1078.jpg\",\r\n            \"_1280\": \"\/wp-content\/uploads\/2023\/08\/Lisa-Sahores-WEi-Petite-Soeur-17.9-2-1280x719.jpg\",\r\n            \"_1024\": \"\/wp-content\/uploads\/2023\/08\/Lisa-Sahores-WEi-Petite-Soeur-17.9-2-1024x575.jpg\",\r\n            \"_768\": \"\/wp-content\/uploads\/2023\/08\/Lisa-Sahores-WEi-Petite-Soeur-17.9-2-768x431.jpg\",\r\n            \"_512\": \"\/wp-content\/uploads\/2023\/08\/Lisa-Sahores-WEi-Petite-Soeur-17.9-2-512x288.jpg\",\r\n            \"_265\": \"\/wp-content\/uploads\/2023\/08\/Lisa-Sahores-WEi-Petite-Soeur-17.9-2-265x149.jpg\"\r\n          },\r\n          \"w\": 2835,\r\n          \"h\": 1592,\r\n          \"ar\": 0.5615520282186949,\r\n          \"alt\": \"\",\r\n          \"caption\": \"<p><span style=\\\"font-size: 20px;\\\">\u00a9 Lisa Sahores<\/span><\/p>\"\r\n        }\r\n      ]\r\n    },\r\n    {\r\n      \"type\": \"text\",\r\n      \"cont\": \"<p class=\\\"_texte_page\\\"><span style=\\\"color: #1500f6;\\\">Petite soeur<br \/><\/span><\/p><p class=\\\"_texte_page\\\"><em>Elle a perdu son fr\u00e8re ch\u00e9ri, mais n\u2019est pas all\u00e9e \u00e0 son enterrement. Ils ne s\u2019\u00e9taient pas vus depuis sept ans. Ce qui les a s\u00e9par\u00e9s\u00a0? Elle ne veut pas le dire. Elle va prendre l\u2019air. S\u2019\u00e9loigner pour \u00e9crire. Un inconnu lui pr\u00eate un appartement avec vue sur un fleuve en \u00e9change de deux services\u00a0: nourrir le chat et les plantes carnivores. Sauf que le chat n\u2019appara\u00eet jamais et que le r\u00e9cit de l\u2019histoire fraternelle prend peu \u00e0 peu une tonalit\u00e9 tr\u00e8s d\u00e9rangeante\u2026<br \/><\/em>Marie Nimier lit une adaptation de <em>Petite s\u0153ur<\/em> sur des images d\u2019Olivier Bonnet.<br \/>Il s\u2019agit d\u2019une travers\u00e9e du roman, de la premi\u00e8re \u00e0 la derni\u00e8re page, mais en plus court. C\u2019est comme s\u2019ils avaient mis le texte dans une passoire, disent-ils, et qu\u2019ils avaient touill\u00e9. Certains personnages n\u2019ont pas surv\u00e9cu au traitement. D\u2019autres au contraire ont pris une dimension bouleversante, gr\u00e2ce aux images originales d\u2019Olivier Bonnet.<br \/><br \/><strong>Samedi 16 septembre \u00e0 18h30, la Grange (parc du Moulin)<br \/>Dimanche 17 septembre \u00e0 14h30, la Grange (parc du Moulin)<br \/><\/strong><\/p><p class=\\\"_texte_page\\\"><span style=\\\"color: #1500f6;\\\">Conception <\/span>Marie Nimier et Olivier Bonnet<br \/><span style=\\\"color: #1500f6;\\\">\u00c9criture, adaptation et lecture<\/span> Marie Nimier d\u2019apr\u00e8s son livre Petite s\u0153ur (\u00e9ditions Gallimard, 2022)<br \/><span style=\\\"color: #1500f6;\\\">Images <\/span>Olivier Bonnet<br \/><span style=\\\"color: #1500f6;\\\">Dur\u00e9e<\/span> 45 minutes<\/p><p class=\\\"_texte_page\\\"><span style=\\\"color: #1500f6;\\\">Marie Nimier<\/span> est une autrice s\u00e9dentaire qui bouge beaucoup. Auteure de 15 romans publi\u00e9s chez Gallimard, dont <em>La Reine du Silence<\/em> (Prix M\u00e9dicis), de chansons (pour Juliette Gr\u00e9co, Artmengo, Maurane, Eddy Mitchell, Enzo Enzo), d\u2019albums jeunesse et de pi\u00e8ces de th\u00e9\u00e2tre publi\u00e9es chez Actes Sud Papiers.<br \/><br \/><span style=\\\"color: #1500f6;\\\">Olivier Bonnet<\/span> commence sa vie professionnelle en tant que webdesigner ind\u00e9pendant. Tr\u00e8s jeune, adepte<br \/>des nouvelles technologies, il se voit confier de gros contrats. Il r\u00e9alise notamment le site internet\u00a0de la construction de la fondation Louis Vuitton ou encore du Jardin d\u2019acclimatation de Paris.<br \/>Pour ces r\u00e9alisations il ach\u00e8te son premier reflex, et l\u00e0\u2026 c\u2019est la r\u00e9v\u00e9lation.<br \/>Il photographie d\u2019abord pour enrichir le contenu des sites pour lesquels il travaille puis, de fil en\u00a0aiguille, il se prend d\u2019amour pour l\u2019art de capter le mouvement et l\u2019\u00e9motion.<br \/>Son travail se veut au d\u00e9but volontairement instinctif pour essayer de saisir l\u2019indicible. Il se\u00a0sp\u00e9cialise un temps dans la photographie de concerts, de danseurs et d\u2019artistes.<br \/>Petit \u00e0 petit, il pr\u00e9pare davantage ses shootings pour y amener une autre dimension. Il collabore\u00a0notamment avec Dominique Boivin de la compagnie Beau Geste, Geish Patty et de nombreux\u00a0artistes, mannequins et marques de v\u00eatement de renom. Ses travaux sont expos\u00e9s \u00e0 Rouen, Paris,\u00a0Barcelone, Amsterdam et Zurich.<br \/>Il cr\u00e9e \u00e9galement avec Dominique Boivin et le groupe de musique \u00ab Christine \u00bb ainsi que 30\u00a0danseurs un spectacle associant danse et photographie au th\u00e9\u00e2tre de l\u2019Arsenal.<br \/>Depuis quelques ann\u00e9es, il fait le pont avec la vid\u00e9o qu\u2019il pratique avec son oeil de photographe.<br \/>Avec sa patte r\u00e9solument \u00e9pur\u00e9e, moderne et contemporaine il r\u00e9alise des dizaines de clips, de\u00a0courts-m\u00e9trages s\u00e9lectionn\u00e9s dans plusieurs festivals internationaux, r\u00e9unissant danseurs\/euses,\u00a0artistes venant du monde entier.<\/p>\",\r\n      \"align\": \"top\",\r\n      \"row\": 3,\r\n      \"col\": 0,\r\n      \"colspan\": 8,\r\n      \"offsetx\": 0,\r\n      \"offsety\": 0,\r\n      \"spaceabove\": 0,\r\n      \"spacebelow\": 0,\r\n      \"yvel\": 1,\r\n      \"push\": 0,\r\n      \"relid\": 6\r\n    }\r\n  ]\r\n}","phonegrid":"","_links":{"self":[{"href":"http:\/\/pavillon-s.com\/en\/wp-json\/wp\/v2\/posts\/473","targetHints":{"allow":["GET"]}}],"collection":[{"href":"http:\/\/pavillon-s.com\/en\/wp-json\/wp\/v2\/posts"}],"about":[{"href":"http:\/\/pavillon-s.com\/en\/wp-json\/wp\/v2\/types\/post"}],"author":[{"embeddable":true,"href":"http:\/\/pavillon-s.com\/en\/wp-json\/wp\/v2\/users\/1"}],"replies":[{"embeddable":true,"href":"http:\/\/pavillon-s.com\/en\/wp-json\/wp\/v2\/comments?post=473"}],"version-history":[{"count":0,"href":"http:\/\/pavillon-s.com\/en\/wp-json\/wp\/v2\/posts\/473\/revisions"}],"wp:featuredmedia":[{"embeddable":true,"href":"http:\/\/pavillon-s.com\/en\/wp-json\/wp\/v2\/media\/567"}],"wp:attachment":[{"href":"http:\/\/pavillon-s.com\/en\/wp-json\/wp\/v2\/media?parent=473"}],"wp:term":[{"taxonomy":"category","embeddable":true,"href":"http:\/\/pavillon-s.com\/en\/wp-json\/wp\/v2\/categories?post=473"},{"taxonomy":"post_tag","embeddable":true,"href":"http:\/\/pavillon-s.com\/en\/wp-json\/wp\/v2\/tags?post=473"}],"curies":[{"name":"wp","href":"https:\/\/api.w.org\/{rel}","templated":true}]}}