{"id":469,"date":"2023-09-01T18:21:09","date_gmt":"2022-08-22T06:59:41","guid":{"rendered":"http:\/\/pavillon-s.com\/frames-2\/"},"modified":"2024-12-12T14:58:28","modified_gmt":"2024-12-12T13:58:28","slug":"la-danse","status":"publish","type":"post","link":"http:\/\/pavillon-s.com\/en\/la-danse\/","title":{"rendered":"WEI 2023 Thomas Dupal LA DANSE"},"content":{"rendered":"","protected":false},"excerpt":{"rendered":"","protected":false},"author":1,"featured_media":565,"comment_status":"closed","ping_status":"closed","sticky":false,"template":"","format":"standard","meta":[],"categories":[6],"tags":[],"class_list":["post-469","post","type-post","status-publish","has-post-thumbnail","hentry","category-wei-artistes-projects"],"grid":"{\r\n  \"colCount\": 12,\r\n  \"colGutter\": 1,\r\n  \"rowGutters\": [\r\n    2.5,\r\n    2,\r\n    2\r\n  ],\r\n  \"frameMargin\": 5,\r\n  \"leftFrameMargin\": 2.5,\r\n  \"rightFrameMargin\": 5,\r\n  \"topFrameMargin\": 180,\r\n  \"bottomFrameMargin\": 5,\r\n  \"rowAttrs\": [\r\n    {},\r\n    {},\r\n    {},\r\n    {}\r\n  ],\r\n  \"bgColor\": null,\r\n  \"bgImage\": null,\r\n  \"cont\": [\r\n    {\r\n      \"type\": \"text\",\r\n      \"cont\": \"<h1 class=\\\"_menu_home\\\"><a href=\\\"http:\/\/pavillon-s.com\/wei-artistes-projets-2023\/\\\" data-type=\\\"page\\\" data-id=\\\"120\\\" data-title=\\\"wei artistes projects\\\">Wei! \/ artistes projets<\/a><\/h1>\",\r\n      \"align\": \"top\",\r\n      \"row\": 0,\r\n      \"col\": 0,\r\n      \"colspan\": 8,\r\n      \"offsetx\": 0,\r\n      \"offsety\": 0,\r\n      \"spaceabove\": 0,\r\n      \"spacebelow\": 0,\r\n      \"yvel\": 1,\r\n      \"push\": 0,\r\n      \"relid\": 9\r\n    },\r\n    {\r\n      \"type\": \"text\",\r\n      \"cont\": \"<h1 class=\\\"_Titre_spectacle\\\"><span>Thomas Dupal<br \/><\/span><\/h1>\",\r\n      \"align\": \"top\",\r\n      \"row\": 1,\r\n      \"col\": 0,\r\n      \"colspan\": 8,\r\n      \"offsetx\": 0,\r\n      \"offsety\": 0,\r\n      \"spaceabove\": 0,\r\n      \"spacebelow\": 0,\r\n      \"yvel\": 1,\r\n      \"push\": 0,\r\n      \"relid\": 4,\r\n      \"frameOverflow\": \"\"\r\n    },\r\n    {\r\n      \"type\": \"carousel\",\r\n      \"cont\": \"\",\r\n      \"align\": \"top\",\r\n      \"row\": 2,\r\n      \"col\": 0,\r\n      \"colspan\": 7,\r\n      \"offsetx\": 0,\r\n      \"offsety\": 0,\r\n      \"spaceabove\": 0,\r\n      \"spacebelow\": 0,\r\n      \"yvel\": 1,\r\n      \"push\": 0,\r\n      \"relid\": 411,\r\n      \"carousel_options\": {\r\n        \"random\": false,\r\n        \"autoplay\": true,\r\n        \"showMultipleSlides\": false,\r\n        \"freeScroll\": false,\r\n        \"mousewheelScroll\": false,\r\n        \"size\": \"aspectRatioOfFirstElement\",\r\n        \"slidesWidth\": \"null\",\r\n        \"transition\": \"sliding\",\r\n        \"loop\": \"1\",\r\n        \"spaceBetween\": 0,\r\n        \"captionsUnderSlides\": false,\r\n        \"disableClick\": false\r\n      },\r\n      \"carousel\": [\r\n        {\r\n          \"type\": \"img\",\r\n          \"attid\": 564,\r\n          \"cont\": \"\/wp-content\/uploads\/2023\/08\/Lisa-Sahores-WEi-La-Danse-17.9-Lisa-Sahores2.jpg\",\r\n          \"sizes\": {\r\n            \"full\": \"\/wp-content\/uploads\/2023\/08\/Lisa-Sahores-WEi-La-Danse-17.9-Lisa-Sahores2.jpg\",\r\n            \"_1920\": \"\/wp-content\/uploads\/2023\/08\/Lisa-Sahores-WEi-La-Danse-17.9-Lisa-Sahores2-1920x1079.jpg\",\r\n            \"_1280\": \"\/wp-content\/uploads\/2023\/08\/Lisa-Sahores-WEi-La-Danse-17.9-Lisa-Sahores2-1280x719.jpg\",\r\n            \"_1024\": \"\/wp-content\/uploads\/2023\/08\/Lisa-Sahores-WEi-La-Danse-17.9-Lisa-Sahores2-1024x575.jpg\",\r\n            \"_768\": \"\/wp-content\/uploads\/2023\/08\/Lisa-Sahores-WEi-La-Danse-17.9-Lisa-Sahores2-768x431.jpg\",\r\n            \"_512\": \"\/wp-content\/uploads\/2023\/08\/Lisa-Sahores-WEi-La-Danse-17.9-Lisa-Sahores2-512x288.jpg\",\r\n            \"_265\": \"\/wp-content\/uploads\/2023\/08\/Lisa-Sahores-WEi-La-Danse-17.9-Lisa-Sahores2-265x149.jpg\"\r\n          },\r\n          \"w\": 2268,\r\n          \"h\": 1274,\r\n          \"ar\": 0.5617283950617284,\r\n          \"alt\": \"\",\r\n          \"caption\": \"<p><span style=\\\"font-size: 20px;\\\">\u00a9 Lisa Sahores<\/span><\/p>\"\r\n        },\r\n        {\r\n          \"type\": \"img\",\r\n          \"attid\": 565,\r\n          \"cont\": \"\/wp-content\/uploads\/2023\/08\/Lisa-Sahores-WEi-La-Danse-17.9-Lisa-Sahores4.jpg\",\r\n          \"sizes\": {\r\n            \"full\": \"\/wp-content\/uploads\/2023\/08\/Lisa-Sahores-WEi-La-Danse-17.9-Lisa-Sahores4.jpg\",\r\n            \"_1920\": \"\/wp-content\/uploads\/2023\/08\/Lisa-Sahores-WEi-La-Danse-17.9-Lisa-Sahores4-1920x1079.jpg\",\r\n            \"_1280\": \"\/wp-content\/uploads\/2023\/08\/Lisa-Sahores-WEi-La-Danse-17.9-Lisa-Sahores4-1280x719.jpg\",\r\n            \"_1024\": \"\/wp-content\/uploads\/2023\/08\/Lisa-Sahores-WEi-La-Danse-17.9-Lisa-Sahores4-1024x575.jpg\",\r\n            \"_768\": \"\/wp-content\/uploads\/2023\/08\/Lisa-Sahores-WEi-La-Danse-17.9-Lisa-Sahores4-768x431.jpg\",\r\n            \"_512\": \"\/wp-content\/uploads\/2023\/08\/Lisa-Sahores-WEi-La-Danse-17.9-Lisa-Sahores4-512x288.jpg\",\r\n            \"_265\": \"\/wp-content\/uploads\/2023\/08\/Lisa-Sahores-WEi-La-Danse-17.9-Lisa-Sahores4-265x149.jpg\"\r\n          },\r\n          \"w\": 2268,\r\n          \"h\": 1274,\r\n          \"ar\": 0.5617283950617284,\r\n          \"alt\": \"\",\r\n          \"caption\": \"<p><span style=\\\"font-size: 20px;\\\">\u00a9 Lisa Sahores<\/span><\/p>\"\r\n        }\r\n      ],\r\n      \"frameOverflow\": \"\"\r\n    },\r\n    {\r\n      \"type\": \"text\",\r\n      \"cont\": \"<p class=\\\"_texte_page\\\"><span style=\\\"color: #1500f6;\\\">LA DANSE<br \/><\/span><\/p><p class=\\\"_texte_page\\\">LA DANSE, c'est 1 heure 15 d\u2019improvisation encadr\u00e9e a minima, un espace de libert\u00e9 pour danser exactement comme vous le voulez - loin des mots, loin des images\u2026 une pratique de danse libre ludique, parfois cathartique, un temps pour danser comme on en a envie, tr\u00e8s pr\u00e9cis\u00e9ment. Unique mot d\u2019ordre : le plaisir et le plaisir seulement.<br \/>Musique ? RnB, hiphop, trap, pop, reggaeton, musique \u00e9lectronique, exp\u00e9rimentale...<br \/>\u00c0 partir de 15 ans<br \/><br \/><strong>Samedi 16 septembre \u00e0 18h30, studio du Fruit int\u00e9gral<br \/>Dimanche 17 septembre \u00e0 15h30, studio du Fruit int\u00e9gral<br \/><\/strong><\/p><p class=\\\"_texte_page\\\"><span style=\\\"color: #1500f6;\\\">Conception et encadrement <\/span>Thomas Dupal<br \/><span style=\\\"color: #1500f6;\\\">Dur\u00e9e<\/span> 75 minutes<br \/><br \/><\/p><div id=\\\"block-4fc6ce2d18f8c7d7994c\\\" class=\\\"sqs-block html-block sqs-block-html\\\" data-block-type=\\\"2\\\"><div class=\\\"sqs-block-content\\\"><div class=\\\"sqs-html-content\\\"><p class=\\\"_texte_page\\\">Bonjour, je m'appelle <span style=\\\"color: #1500f6;\\\">Thomas Dupal<\/span>.\u00a0\u00a0<br \/>Je suis artiste, un ing\u00e9nieur devenu po\u00e8te et performeur.<br \/>N\u00e9 de parents fran\u00e7ais \u00e0 Singapour, j'ai grandi loin de la France (Texas, Norv\u00e8ge, Egypte, Venezuela). Je vis actuellement \u00e0 Paris.<br \/>Inspir\u00e9 de mon exp\u00e9rience de consultant dans le monde de l\u2019entreprise, nourri des tragiques, troubadours et mystiques de diverses traditions, mes performances et installations explorent la mutation \u00e0 l'oeuvre chez l\u2019\u00eatre humain \u00e0 l'\u00e8re du smartphone, dans un contexte technologique qui tend a\u0300 encoder, amplifier et assigner une valeur marchande a\u0300 chaque aspect de l\u2019existence.<br \/>Titre possible de ma d\u00e9marche : \\\"Ceci n'est pas une fiction\\\".<br \/>Photographe autodidacte \u00e0 mes d\u00e9buts, profond\u00e9ment impr\u00e9gn\u00e9 de la d\u00e9marche de Nan Goldin aux c\u00f4t\u00e9s de laquelle j\u2019ai travaill\u00e9 pendant 3 ans, ma pratique artistique se construit \u00e0 l'intersection des arts visuels, de la danse et du th\u00e9\u00e2tre depuis qu\u2019en 2013 j\u2019ai d\u00e9couvert la danse libre, une pratique d\u2019improvisation vou\u00e9e \u00e0 la transe - loin des mots, loin des images - que je propose depuis sous forme d'ateliers (LA DANSE) et qui constitue avec l\u2019\u00e9criture le c\u0153ur battant de ma pratique.<br \/>J'anime actuellement <a href=\\\"https:\/\/www.thomasdupal.com\/la-danse\\\"><span style=\\\"color: #1500f6;\\\">LA DANSE<\/span><\/a> deux fois par mois dans le centre de Paris.<br \/>Dipl\u00f4m\u00e9 en 2016 de l\u2019option Photographie de La Cambre - o\u00f9 ma pratique de la performance a vu le jour, m\u00ealant images, textes et danse pour interroger le statut de la photographie \u00e0 l\u2019\u00e8re du smartphone - je collabore depuis \u00e0 nombre de projets comme performeur (Lili Reynaud-Dewar, Cie Mossoux-Bont\u00e9, Doris Uhlich...) tout en d\u00e9veloppant un travail personnel montr\u00e9 \u00e0 Bruxelles au KaaiStudio\u2019s, \u00e0 l\u2019ISELP ou \u00e0 La Centrale, \u00e0 la Float Gallery d\u2019Ath\u00e8nes (Gr\u00e8ce), \u00e0 la Biennale de S\u00e3o Paulo 2018 (Br\u00e9sil) ou plus r\u00e9cemment \u00e0 l\u2019\u00e9dition 2021 du festival Jeune Cr\u00e9ation (France).<br \/>J'\u00e9cris actuellement un recueil de po\u00e8mes et de nouvelles en parall\u00e8le de projets de r\u00e9daction pour des maisons de couture telles que Balenciaga, Bonastre et Schiaparelli.<\/p><\/div><\/div><\/div>\",\r\n      \"align\": \"top\",\r\n      \"row\": 3,\r\n      \"col\": 0,\r\n      \"colspan\": 8,\r\n      \"offsetx\": 0,\r\n      \"offsety\": 0,\r\n      \"spaceabove\": 0,\r\n      \"spacebelow\": 0,\r\n      \"yvel\": 1,\r\n      \"push\": 0,\r\n      \"relid\": 6\r\n    }\r\n  ]\r\n}","phonegrid":"","_links":{"self":[{"href":"http:\/\/pavillon-s.com\/en\/wp-json\/wp\/v2\/posts\/469","targetHints":{"allow":["GET"]}}],"collection":[{"href":"http:\/\/pavillon-s.com\/en\/wp-json\/wp\/v2\/posts"}],"about":[{"href":"http:\/\/pavillon-s.com\/en\/wp-json\/wp\/v2\/types\/post"}],"author":[{"embeddable":true,"href":"http:\/\/pavillon-s.com\/en\/wp-json\/wp\/v2\/users\/1"}],"replies":[{"embeddable":true,"href":"http:\/\/pavillon-s.com\/en\/wp-json\/wp\/v2\/comments?post=469"}],"version-history":[{"count":0,"href":"http:\/\/pavillon-s.com\/en\/wp-json\/wp\/v2\/posts\/469\/revisions"}],"wp:featuredmedia":[{"embeddable":true,"href":"http:\/\/pavillon-s.com\/en\/wp-json\/wp\/v2\/media\/565"}],"wp:attachment":[{"href":"http:\/\/pavillon-s.com\/en\/wp-json\/wp\/v2\/media?parent=469"}],"wp:term":[{"taxonomy":"category","embeddable":true,"href":"http:\/\/pavillon-s.com\/en\/wp-json\/wp\/v2\/categories?post=469"},{"taxonomy":"post_tag","embeddable":true,"href":"http:\/\/pavillon-s.com\/en\/wp-json\/wp\/v2\/tags?post=469"}],"curies":[{"name":"wp","href":"https:\/\/api.w.org\/{rel}","templated":true}]}}