{"id":463,"date":"2023-09-01T18:01:06","date_gmt":"2022-08-22T06:59:41","guid":{"rendered":"http:\/\/pavillon-s.com\/poems-only-2\/"},"modified":"2024-12-12T15:00:53","modified_gmt":"2024-12-12T14:00:53","slug":"linsepare-e","status":"publish","type":"post","link":"http:\/\/pavillon-s.com\/en\/linsepare-e\/","title":{"rendered":"WEI 2023 Vincent Dieutre L&#8217;ins\u00e9par\u00e9.e"},"content":{"rendered":"","protected":false},"excerpt":{"rendered":"","protected":false},"author":1,"featured_media":465,"comment_status":"closed","ping_status":"closed","sticky":false,"template":"","format":"standard","meta":[],"categories":[6],"tags":[],"class_list":["post-463","post","type-post","status-publish","has-post-thumbnail","hentry","category-wei-artistes-projects"],"grid":"{\r\n  \"colCount\": 12,\r\n  \"colGutter\": 1,\r\n  \"rowGutters\": [\r\n    2.5,\r\n    2,\r\n    2\r\n  ],\r\n  \"frameMargin\": 5,\r\n  \"leftFrameMargin\": 2.5,\r\n  \"rightFrameMargin\": 5,\r\n  \"topFrameMargin\": 180,\r\n  \"bottomFrameMargin\": 5,\r\n  \"rowAttrs\": [\r\n    {},\r\n    {},\r\n    {},\r\n    {}\r\n  ],\r\n  \"bgColor\": null,\r\n  \"bgImage\": null,\r\n  \"cont\": [\r\n    {\r\n      \"type\": \"text\",\r\n      \"cont\": \"<h1 class=\\\"_menu_home\\\"><a href=\\\"http:\/\/pavillon-s.com\/wei-artistes-projets-2023\/\\\" data-type=\\\"page\\\" data-id=\\\"120\\\" data-title=\\\"wei artistes projects\\\">Wei! \/ artistes projets<\/a><\/h1>\",\r\n      \"align\": \"top\",\r\n      \"row\": 0,\r\n      \"col\": 0,\r\n      \"colspan\": 8,\r\n      \"offsetx\": 0,\r\n      \"offsety\": 0,\r\n      \"spaceabove\": 0,\r\n      \"spacebelow\": 0,\r\n      \"yvel\": 1,\r\n      \"push\": 0,\r\n      \"relid\": 9\r\n    },\r\n    {\r\n      \"type\": \"text\",\r\n      \"cont\": \"<h1 class=\\\"_Titre_spectacle\\\"><span>Vincent Dieutre<br \/>L'ins\u00e9par\u00e9.e<br \/><\/span><\/h1>\",\r\n      \"align\": \"top\",\r\n      \"row\": 1,\r\n      \"col\": 0,\r\n      \"colspan\": 8,\r\n      \"offsetx\": 0,\r\n      \"offsety\": 0,\r\n      \"spaceabove\": 0,\r\n      \"spacebelow\": 0,\r\n      \"yvel\": 1,\r\n      \"push\": 0,\r\n      \"relid\": 4,\r\n      \"frameOverflow\": \"\"\r\n    },\r\n    {\r\n      \"type\": \"carousel\",\r\n      \"cont\": \"\",\r\n      \"align\": \"top\",\r\n      \"row\": 2,\r\n      \"col\": 0,\r\n      \"colspan\": 7,\r\n      \"offsetx\": 0,\r\n      \"offsety\": 0,\r\n      \"spaceabove\": 0,\r\n      \"spacebelow\": 0,\r\n      \"yvel\": 1,\r\n      \"push\": 0,\r\n      \"relid\": 411,\r\n      \"carousel_options\": {\r\n        \"random\": false,\r\n        \"autoplay\": true,\r\n        \"showMultipleSlides\": false,\r\n        \"freeScroll\": false,\r\n        \"mousewheelScroll\": false,\r\n        \"size\": \"aspectRatioOfFirstElement\",\r\n        \"slidesWidth\": \"null\",\r\n        \"transition\": \"sliding\",\r\n        \"loop\": \"1\",\r\n        \"spaceBetween\": 0,\r\n        \"captionsUnderSlides\": false,\r\n        \"disableClick\": false\r\n      },\r\n      \"carousel\": [\r\n        {\r\n          \"type\": \"img\",\r\n          \"attid\": 465,\r\n          \"cont\": \"\/wp-content\/uploads\/2023\/09\/insep-YNG.png\",\r\n          \"sizes\": {\r\n            \"full\": \"\/wp-content\/uploads\/2023\/09\/insep-YNG.png\",\r\n            \"_512\": \"\/wp-content\/uploads\/2023\/09\/insep-YNG-512x303.png\",\r\n            \"_265\": \"\/wp-content\/uploads\/2023\/09\/insep-YNG-265x157.png\"\r\n          },\r\n          \"w\": 693,\r\n          \"h\": 410,\r\n          \"ar\": 0.5916305916305916,\r\n          \"alt\": \"\",\r\n          \"caption\": \"<p class=\\\"_texte_page\\\">\u00a9 DR<\/p>\"\r\n        },\r\n        {\r\n          \"type\": \"img\",\r\n          \"attid\": 466,\r\n          \"cont\": \"\/wp-content\/uploads\/2023\/09\/Linsep.-Discussion.png\",\r\n          \"sizes\": {\r\n            \"full\": \"\/wp-content\/uploads\/2023\/09\/Linsep.-Discussion.png\",\r\n            \"_512\": \"\/wp-content\/uploads\/2023\/09\/Linsep.-Discussion-512x298.png\",\r\n            \"_265\": \"\/wp-content\/uploads\/2023\/09\/Linsep.-Discussion-265x154.png\"\r\n          },\r\n          \"w\": 708,\r\n          \"h\": 412,\r\n          \"ar\": 0.5819209039548022,\r\n          \"alt\": \"\",\r\n          \"caption\": \"<p class=\\\"_texte_page\\\">\u00a9 DR<\/p>\"\r\n        }\r\n      ],\r\n      \"frameOverflow\": \"\"\r\n    },\r\n    {\r\n      \"type\": \"text\",\r\n      \"cont\": \"<p class=\\\"_texte_page\\\"><span style=\\\"color: #1500f6;\\\">L'ins\u00e9par\u00e9.e<br \/><span style=\\\"color: #000000;\\\">Une programmation du Centre des \u00e9critures cin\u00e9matographiques<\/span><br \/><\/span><\/p><p class=\\\"_texte_page\\\">Avant ou apr\u00e8s la lecture\/performance d\u2019Yves-No\u00ebl Genod, le film de Vincent Dieutre<em> L\u2019Ins\u00e9par\u00e9.e<\/em> a \u00e9t\u00e9 diffus\u00e9 dans le salon de t\u00e9l\u00e9vision. Alors que deux philosophes tentent de lui expliquer la notion d\u2019Ins\u00e9paration, une star (Marylin\u00a0? Dalida\u00a0? Yves-No\u00ebl Genod\u00a0?) met fin \u00e0 ces jours\u00a0: un court-m\u00e9trage\/essai en forme de chant du cygne, ou de danse de mort queer\u2026 \u00c0 vous de voir\u2026<br \/><br \/><strong>Samedi 16 septembre \u00e0 19h30\/20h\/20h30\/21h, salon de cin\u00e9ma du Moulin<br \/><\/strong><\/p><p class=\\\"_texte_page\\\"><span style=\\\"color: #1500f6;\\\">R\u00e9alisation<\/span> Vincent Dieutre, 2016<br \/>D\u2019apr\u00e8s l'essai de Dominique Quessada (L'ins\u00e9par\u00e9, \u00e9ditions Verticales)<br \/>Sedna films<br \/><span style=\\\"color: #1500f6;\\\">Dur\u00e9e<\/span> 29 minutes<br \/><br \/>Apr\u00e8s un dipl\u00f4me en histoire de l\u2019Art, <span style=\\\"color: #1500f6;\\\">Vincent Dieutre<\/span> entre \u00e0 l\u2019IDHEC avant de s\u00e9journer \u00e0 Rome et New York (Bourse \u00abhors les murs\u00bb Villa M\u00e9dicis 1989). Il y tourne son premier film Rome D\u00e9sol\u00e9e, en 1994 tout en continuant d\u2019\u00e9crire et enseigner \u00e0 l\u2019universit\u00e9, \u00e0 la Femis et dans des \u00e9coles d\u2019art. Ses films, qui ont remport\u00e9 de nombreux prix, sont des documentaires autobiographiques. Tiss\u00e9 par la musique, la peinture et sa vie personnelle, ils explorent les fronti\u00e8res entre cin\u00e9ma et art contemporain. Son dernier film documentaire, Berlin Based a \u00e9t\u00e9 pr\u00e9sent\u00e9 en avant premi\u00e8re au festival Cin\u00e9ma du R\u00e9el\u2026<\/p>\",\r\n      \"align\": \"top\",\r\n      \"row\": 3,\r\n      \"col\": 0,\r\n      \"colspan\": 8,\r\n      \"offsetx\": 0,\r\n      \"offsety\": 0,\r\n      \"spaceabove\": 0,\r\n      \"spacebelow\": 0,\r\n      \"yvel\": 1,\r\n      \"push\": 0,\r\n      \"relid\": 6\r\n    }\r\n  ]\r\n}","phonegrid":"","_links":{"self":[{"href":"http:\/\/pavillon-s.com\/en\/wp-json\/wp\/v2\/posts\/463","targetHints":{"allow":["GET"]}}],"collection":[{"href":"http:\/\/pavillon-s.com\/en\/wp-json\/wp\/v2\/posts"}],"about":[{"href":"http:\/\/pavillon-s.com\/en\/wp-json\/wp\/v2\/types\/post"}],"author":[{"embeddable":true,"href":"http:\/\/pavillon-s.com\/en\/wp-json\/wp\/v2\/users\/1"}],"replies":[{"embeddable":true,"href":"http:\/\/pavillon-s.com\/en\/wp-json\/wp\/v2\/comments?post=463"}],"version-history":[{"count":0,"href":"http:\/\/pavillon-s.com\/en\/wp-json\/wp\/v2\/posts\/463\/revisions"}],"wp:featuredmedia":[{"embeddable":true,"href":"http:\/\/pavillon-s.com\/en\/wp-json\/wp\/v2\/media\/465"}],"wp:attachment":[{"href":"http:\/\/pavillon-s.com\/en\/wp-json\/wp\/v2\/media?parent=463"}],"wp:term":[{"taxonomy":"category","embeddable":true,"href":"http:\/\/pavillon-s.com\/en\/wp-json\/wp\/v2\/categories?post=463"},{"taxonomy":"post_tag","embeddable":true,"href":"http:\/\/pavillon-s.com\/en\/wp-json\/wp\/v2\/tags?post=463"}],"curies":[{"name":"wp","href":"https:\/\/api.w.org\/{rel}","templated":true}]}}