{"id":433,"date":"2023-08-30T12:17:20","date_gmt":"2022-08-22T06:59:41","guid":{"rendered":"http:\/\/pavillon-s.com\/atelier-sylvestre-2\/"},"modified":"2024-12-12T15:08:36","modified_gmt":"2024-12-12T14:08:36","slug":"visites-moulin","status":"publish","type":"post","link":"http:\/\/pavillon-s.com\/en\/visites-moulin\/","title":{"rendered":"WEI 2023 Visites d\u00e9couvertes du Moulin d&#8217;And\u00e9"},"content":{"rendered":"","protected":false},"excerpt":{"rendered":"","protected":false},"author":1,"featured_media":435,"comment_status":"closed","ping_status":"closed","sticky":false,"template":"","format":"standard","meta":[],"categories":[6],"tags":[],"class_list":["post-433","post","type-post","status-publish","has-post-thumbnail","hentry","category-wei-artistes-projects"],"grid":"{\r\n  \"colCount\": 12,\r\n  \"colGutter\": 1,\r\n  \"rowGutters\": [\r\n    2.5,\r\n    2,\r\n    2\r\n  ],\r\n  \"frameMargin\": 5,\r\n  \"leftFrameMargin\": 2.5,\r\n  \"rightFrameMargin\": 5,\r\n  \"topFrameMargin\": 180,\r\n  \"bottomFrameMargin\": 5,\r\n  \"rowAttrs\": [\r\n    {},\r\n    {},\r\n    {},\r\n    {}\r\n  ],\r\n  \"bgColor\": null,\r\n  \"bgImage\": null,\r\n  \"cont\": [\r\n    {\r\n      \"type\": \"text\",\r\n      \"cont\": \"<h1 class=\\\"_menu_home\\\"><a href=\\\"http:\/\/pavillon-s.com\/wei-artistes-projets-2023\/\\\" data-type=\\\"page\\\" data-id=\\\"120\\\" data-title=\\\"wei artistes projects\\\">Wei! \/ artistes projets<\/a><\/h1>\",\r\n      \"align\": \"top\",\r\n      \"row\": 0,\r\n      \"col\": 0,\r\n      \"colspan\": 8,\r\n      \"offsetx\": 0,\r\n      \"offsety\": 0,\r\n      \"spaceabove\": 0,\r\n      \"spacebelow\": 0,\r\n      \"yvel\": 1,\r\n      \"push\": 0,\r\n      \"relid\": 9\r\n    },\r\n    {\r\n      \"type\": \"text\",\r\n      \"cont\": \"<h1 class=\\\"_Titre_spectacle\\\"><span>Visites d\u00e9couvertes du Moulin d'And\u00e9<br \/><\/span><\/h1>\",\r\n      \"align\": \"top\",\r\n      \"row\": 1,\r\n      \"col\": 0,\r\n      \"colspan\": 8,\r\n      \"offsetx\": 0,\r\n      \"offsety\": 0,\r\n      \"spaceabove\": 0,\r\n      \"spacebelow\": 0,\r\n      \"yvel\": 1,\r\n      \"push\": 0,\r\n      \"relid\": 4,\r\n      \"frameOverflow\": \"\"\r\n    },\r\n    {\r\n      \"type\": \"img\",\r\n      \"cont\": \"\/wp-content\/uploads\/2023\/08\/DJI_0326.jpg\",\r\n      \"align\": \"top\",\r\n      \"row\": 2,\r\n      \"col\": 0,\r\n      \"colspan\": 8,\r\n      \"offsetx\": 0,\r\n      \"offsety\": 0,\r\n      \"spaceabove\": 0,\r\n      \"spacebelow\": 0,\r\n      \"yvel\": 1,\r\n      \"push\": 0,\r\n      \"relid\": 127,\r\n      \"attid\": 435,\r\n      \"sizes\": {\r\n        \"full\": \"\/wp-content\/uploads\/2023\/08\/DJI_0326.jpg\",\r\n        \"_1024\": \"\/wp-content\/uploads\/2023\/08\/DJI_0326-1024x682.jpg\",\r\n        \"_768\": \"\/wp-content\/uploads\/2023\/08\/DJI_0326-768x512.jpg\",\r\n        \"_512\": \"\/wp-content\/uploads\/2023\/08\/DJI_0326-512x341.jpg\",\r\n        \"_265\": \"\/wp-content\/uploads\/2023\/08\/DJI_0326-265x177.jpg\"\r\n      },\r\n      \"w\": 1228,\r\n      \"h\": 818,\r\n      \"ar\": 0.6661237785016286,\r\n      \"alt\": \"\",\r\n      \"caption\": \"<p class=\\\"_texte_page\\\">\u00a9 DR<\/p>\"\r\n    },\r\n    {\r\n      \"type\": \"text\",\r\n      \"cont\": \"<p class=\\\"_texte_page\\\"><span style=\\\"color: #1500f6;\\\">Visites d\u00e9couvertes du Moulin d'And\u00e9<\/span><br \/><strong>Samedi 16 septembre 14h-18h<br \/><\/strong><strong>Dimanche 17 septembre 11h-18h<br \/><\/strong>Avec les amis de l'association culturelle du Moulin d'And\u00e9<strong><br \/><\/strong><\/p><p class=\\\"_texte_page\\\">Class\u00e9 Monument historique, Le Moulin d\u2019And\u00e9 est le dernier sp\u00e9cimen de moulin \u00e0 roue pendante encore en place sur la Seine, ayant conserv\u00e9 l\u2019ensemble de ses m\u00e9canismes int\u00e9rieurs. Apr\u00e8s avoir produit de la farine jusqu\u2019\u00e0 la fin du XIX\u00e8me si\u00e8cle, Le Moulin est devenu depuis la fin des ann\u00e9es cinquante, sous l\u2019impulsion de Suzanne Lipinska, un centre culturel et artistique o\u00f9 des milliers d\u2019artistes dont des \u00e9crivains, peintres, musiciens et surtout cin\u00e9astes ont marqu\u00e9 ici leur empreinte et ont \u00e9t\u00e9 des figures majeures de la cr\u00e9ation litt\u00e9raire, artistique et cin\u00e9matographique fran\u00e7aise : Fran\u00e7ois Truffaut, Maurice Pons, Georges P\u00e9rec, Jean-Paul Rappeneau, Alain Cavalier, Simone Signoret, Eug\u00e8ne Ionesco, Clara Malraux, \u2026 Le Moulin est notamment connu pour avoir accueilli les tournages des films <em>Le Combat dans l\u2019\u00eele <\/em>avec Romy Schneider et Jean-Louis Trintignant ou encore <em>Jules et Jim<\/em> avec Jeanne Moreau ce qui lui a valu d\u2019\u00eatre labellis\u00e9 <em>Tr\u00e9sor de la culture cin\u00e9matographique europ\u00e9enne<\/em>. C\u2019est dans ce contexte que s\u2019y est implant\u00e9, en 1998,<span>\u00a0<\/span>le Centre des \u00c9critures Cin\u00e9matographiques (C\u00c9CI),\u00a0accueillant notamment\u00a0sc\u00e9naristes et r\u00e9alisateurs en r\u00e9sidence, et dont\u00a0Catherine Bizern\u00a0assure\u00a0la direction artistique.<br \/>L\u2019association est aujourd\u2019hui pr\u00e9sid\u00e9e par Stanislas Lipinski.<\/p><p>\u00a0<\/p>\",\r\n      \"align\": \"top\",\r\n      \"row\": 3,\r\n      \"col\": 0,\r\n      \"colspan\": 8,\r\n      \"offsetx\": 0,\r\n      \"offsety\": 0,\r\n      \"spaceabove\": 0,\r\n      \"spacebelow\": 0,\r\n      \"yvel\": 1,\r\n      \"push\": 0,\r\n      \"relid\": 6\r\n    }\r\n  ]\r\n}","phonegrid":"","_links":{"self":[{"href":"http:\/\/pavillon-s.com\/en\/wp-json\/wp\/v2\/posts\/433","targetHints":{"allow":["GET"]}}],"collection":[{"href":"http:\/\/pavillon-s.com\/en\/wp-json\/wp\/v2\/posts"}],"about":[{"href":"http:\/\/pavillon-s.com\/en\/wp-json\/wp\/v2\/types\/post"}],"author":[{"embeddable":true,"href":"http:\/\/pavillon-s.com\/en\/wp-json\/wp\/v2\/users\/1"}],"replies":[{"embeddable":true,"href":"http:\/\/pavillon-s.com\/en\/wp-json\/wp\/v2\/comments?post=433"}],"version-history":[{"count":0,"href":"http:\/\/pavillon-s.com\/en\/wp-json\/wp\/v2\/posts\/433\/revisions"}],"wp:featuredmedia":[{"embeddable":true,"href":"http:\/\/pavillon-s.com\/en\/wp-json\/wp\/v2\/media\/435"}],"wp:attachment":[{"href":"http:\/\/pavillon-s.com\/en\/wp-json\/wp\/v2\/media?parent=433"}],"wp:term":[{"taxonomy":"category","embeddable":true,"href":"http:\/\/pavillon-s.com\/en\/wp-json\/wp\/v2\/categories?post=433"},{"taxonomy":"post_tag","embeddable":true,"href":"http:\/\/pavillon-s.com\/en\/wp-json\/wp\/v2\/tags?post=433"}],"curies":[{"name":"wp","href":"https:\/\/api.w.org\/{rel}","templated":true}]}}