{"id":430,"date":"2023-08-30T12:11:19","date_gmt":"2022-08-22T06:59:41","guid":{"rendered":"http:\/\/pavillon-s.com\/poems-only-2\/"},"modified":"2024-12-12T15:01:48","modified_gmt":"2024-12-12T14:01:48","slug":"this-is-the-end","status":"publish","type":"post","link":"http:\/\/pavillon-s.com\/en\/this-is-the-end\/","title":{"rendered":"WEI 2023 Vincent Dieutre This is the end"},"content":{"rendered":"","protected":false},"excerpt":{"rendered":"","protected":false},"author":1,"featured_media":431,"comment_status":"closed","ping_status":"closed","sticky":false,"template":"","format":"standard","meta":[],"categories":[6],"tags":[],"class_list":["post-430","post","type-post","status-publish","has-post-thumbnail","hentry","category-wei-artistes-projects"],"grid":"{\r\n  \"colCount\": 12,\r\n  \"colGutter\": 1,\r\n  \"rowGutters\": [\r\n    2.5,\r\n    2,\r\n    2\r\n  ],\r\n  \"frameMargin\": 5,\r\n  \"leftFrameMargin\": 2.5,\r\n  \"rightFrameMargin\": 5,\r\n  \"topFrameMargin\": 180,\r\n  \"bottomFrameMargin\": 5,\r\n  \"rowAttrs\": [\r\n    {},\r\n    {},\r\n    {},\r\n    {}\r\n  ],\r\n  \"bgColor\": null,\r\n  \"bgImage\": null,\r\n  \"cont\": [\r\n    {\r\n      \"type\": \"text\",\r\n      \"cont\": \"<h1 class=\\\"_menu_home\\\"><a href=\\\"http:\/\/pavillon-s.com\/wei-artistes-projets-2023\/\\\" data-type=\\\"page\\\" data-id=\\\"120\\\" data-title=\\\"wei artistes projects\\\">Wei! \/ artistes projets<\/a><\/h1>\",\r\n      \"align\": \"top\",\r\n      \"row\": 0,\r\n      \"col\": 0,\r\n      \"colspan\": 8,\r\n      \"offsetx\": 0,\r\n      \"offsety\": 0,\r\n      \"spaceabove\": 0,\r\n      \"spacebelow\": 0,\r\n      \"yvel\": 1,\r\n      \"push\": 0,\r\n      \"relid\": 9\r\n    },\r\n    {\r\n      \"type\": \"text\",\r\n      \"cont\": \"<h1 class=\\\"_Titre_spectacle\\\"><span>Vincent Dieutre<br \/>This is the end<br \/><\/span><\/h1>\",\r\n      \"align\": \"top\",\r\n      \"row\": 1,\r\n      \"col\": 0,\r\n      \"colspan\": 8,\r\n      \"offsetx\": 0,\r\n      \"offsety\": 0,\r\n      \"spaceabove\": 0,\r\n      \"spacebelow\": 0,\r\n      \"yvel\": 1,\r\n      \"push\": 0,\r\n      \"relid\": 4,\r\n      \"frameOverflow\": \"\"\r\n    },\r\n    {\r\n      \"type\": \"carousel\",\r\n      \"cont\": \"\",\r\n      \"align\": \"top\",\r\n      \"row\": 2,\r\n      \"col\": 0,\r\n      \"colspan\": 7,\r\n      \"offsetx\": 0,\r\n      \"offsety\": 0,\r\n      \"spaceabove\": 0,\r\n      \"spacebelow\": 0,\r\n      \"yvel\": 1,\r\n      \"push\": 0,\r\n      \"relid\": 411,\r\n      \"carousel_options\": {\r\n        \"random\": false,\r\n        \"autoplay\": true,\r\n        \"showMultipleSlides\": false,\r\n        \"freeScroll\": false,\r\n        \"mousewheelScroll\": false,\r\n        \"size\": \"aspectRatioOfFirstElement\",\r\n        \"slidesWidth\": \"null\",\r\n        \"transition\": \"sliding\",\r\n        \"loop\": \"1\",\r\n        \"spaceBetween\": 0,\r\n        \"captionsUnderSlides\": false,\r\n        \"disableClick\": false\r\n      },\r\n      \"carousel\": [\r\n        {\r\n          \"type\": \"img\",\r\n          \"attid\": 431,\r\n          \"cont\": \"\/wp-content\/uploads\/2023\/08\/this-is-the-end.jpg\",\r\n          \"sizes\": {\r\n            \"full\": \"\/wp-content\/uploads\/2023\/08\/this-is-the-end.jpg\",\r\n            \"_1280\": \"\/wp-content\/uploads\/2023\/08\/this-is-the-end-1280x536.jpg\",\r\n            \"_1024\": \"\/wp-content\/uploads\/2023\/08\/this-is-the-end-1024x429.jpg\",\r\n            \"_768\": \"\/wp-content\/uploads\/2023\/08\/this-is-the-end-768x322.jpg\",\r\n            \"_512\": \"\/wp-content\/uploads\/2023\/08\/this-is-the-end-512x215.jpg\",\r\n            \"_265\": \"\/wp-content\/uploads\/2023\/08\/this-is-the-end-265x111.jpg\"\r\n          },\r\n          \"w\": 1780,\r\n          \"h\": 746,\r\n          \"ar\": 0.4191011235955056,\r\n          \"alt\": \"\",\r\n          \"caption\": \"<p class=\\\"_texte_page\\\">\u00a9 DR<\/p>\"\r\n        }\r\n      ],\r\n      \"frameOverflow\": \"\"\r\n    },\r\n    {\r\n      \"type\": \"text\",\r\n      \"cont\": \"<p class=\\\"_texte_page\\\"><span style=\\\"color: #1500f6;\\\">This is the end<br \/><span style=\\\"color: #000000;\\\">Une programmation du Centre des \u00e9critures cin\u00e9matographiques<\/span><br \/><\/span><\/p><p class=\\\"_texte_page\\\">Cin\u00e9aste des voyages po\u00e9tiques, Vincent Dieutre entame un road movie \u00e0 Los Angeles pour retrouver un ami, renouer des sentiments tout en questionnant les paysages, les serpents dans la ville, les th\u00e9\u00e2tres de stand up... <em>This is the end<\/em> est une qu\u00eate entre violence politique, affection mutuelle et douceur avant l\u00b4apocalypse.<br \/><br \/><strong>Vendredi 15 septembre \u00e0 22h30, Th\u00e9\u00e2tre du Moulin<br \/><\/strong><\/p><p class=\\\"_texte_page\\\"><span style=\\\"color: #1500f6;\\\">R\u00e9alisation <\/span>Vincent Dieutre, 2023<br \/><span style=\\\"color: #1500f6;\\\">Assistante \u00e0 la r\u00e9alisation<\/span> Joanna Grudzinska<br \/><span style=\\\"color: #1500f6;\\\">Ing\u00e9nieurs du son<\/span> Jean-Marc Schick, Romain Cadilhac<br \/><span style=\\\"color: #1500f6;\\\">Sc\u00e9nariste<\/span> Vincent Dieutre<br \/><span style=\\\"color: #1500f6;\\\">Directeur de la photo <\/span>Arnold Pasquier<br \/><span style=\\\"color: #1500f6;\\\">Montage <\/span>Mathias Bouffier<br \/><span style=\\\"color: #1500f6;\\\">Mixage<\/span> Nathalie Vidal<br \/><span style=\\\"color: #1500f6;\\\">Participants<\/span> Dino Koutsolioutsos, Vincent Dieutre, \u00c9va Truffaut, Jean-Marc Barr, Nelson Bourrec Carter, Geoffrey Carey, Keja Ho Kramer, Elina L\u00f6wensohn, Kate Moran<br \/><span style=\\\"color: #1500f6;\\\">Dur\u00e9e <span style=\\\"color: #000000;\\\">108 minutes<\/span><br \/><br \/>Producteur d\u00e9l\u00e9gu\u00e9<\/span> St\u00e9phane Jourdain<br \/><span style=\\\"color: #1500f6;\\\">Production d\u00e9l\u00e9gu\u00e9e<\/span> La Huit<br \/><span style=\\\"color: #1500f6;\\\">Coproduction<\/span> Fotogram, Arte France \u2013 La Lucarne<br \/><br \/>Apr\u00e8s un dipl\u00f4me en histoire de l\u2019Art, <span style=\\\"color: #1500f6;\\\">Vincent Dieutre<\/span> entre \u00e0 l\u2019IDHEC avant de s\u00e9journer \u00e0 Rome et New York (Bourse \u00abhors les murs\u00bb Villa M\u00e9dicis 1989). Il y tourne son premier film Rome D\u00e9sol\u00e9e, en 1994 tout en continuant d\u2019\u00e9crire et enseigner \u00e0 l\u2019universit\u00e9, \u00e0 la Femis et dans des \u00e9coles d\u2019art. Ses films, qui ont remport\u00e9 de nombreux prix, sont des documentaires autobiographiques. Tiss\u00e9 par la musique, la peinture et sa vie personnelle, ils explorent les fronti\u00e8res entre cin\u00e9ma et art contemporain. Son dernier film documentaire, Berlin Based a \u00e9t\u00e9 pr\u00e9sent\u00e9 en avant premi\u00e8re au festival Cin\u00e9ma du R\u00e9el\u2026<\/p>\",\r\n      \"align\": \"top\",\r\n      \"row\": 3,\r\n      \"col\": 0,\r\n      \"colspan\": 8,\r\n      \"offsetx\": 0,\r\n      \"offsety\": 0,\r\n      \"spaceabove\": 0,\r\n      \"spacebelow\": 0,\r\n      \"yvel\": 1,\r\n      \"push\": 0,\r\n      \"relid\": 6\r\n    }\r\n  ]\r\n}","phonegrid":"","_links":{"self":[{"href":"http:\/\/pavillon-s.com\/en\/wp-json\/wp\/v2\/posts\/430","targetHints":{"allow":["GET"]}}],"collection":[{"href":"http:\/\/pavillon-s.com\/en\/wp-json\/wp\/v2\/posts"}],"about":[{"href":"http:\/\/pavillon-s.com\/en\/wp-json\/wp\/v2\/types\/post"}],"author":[{"embeddable":true,"href":"http:\/\/pavillon-s.com\/en\/wp-json\/wp\/v2\/users\/1"}],"replies":[{"embeddable":true,"href":"http:\/\/pavillon-s.com\/en\/wp-json\/wp\/v2\/comments?post=430"}],"version-history":[{"count":0,"href":"http:\/\/pavillon-s.com\/en\/wp-json\/wp\/v2\/posts\/430\/revisions"}],"wp:featuredmedia":[{"embeddable":true,"href":"http:\/\/pavillon-s.com\/en\/wp-json\/wp\/v2\/media\/431"}],"wp:attachment":[{"href":"http:\/\/pavillon-s.com\/en\/wp-json\/wp\/v2\/media?parent=430"}],"wp:term":[{"taxonomy":"category","embeddable":true,"href":"http:\/\/pavillon-s.com\/en\/wp-json\/wp\/v2\/categories?post=430"},{"taxonomy":"post_tag","embeddable":true,"href":"http:\/\/pavillon-s.com\/en\/wp-json\/wp\/v2\/tags?post=430"}],"curies":[{"name":"wp","href":"https:\/\/api.w.org\/{rel}","templated":true}]}}