{"id":426,"date":"2023-08-30T11:32:13","date_gmt":"2022-08-22T06:59:41","guid":{"rendered":"http:\/\/pavillon-s.com\/emmanuel_eggermont-2\/"},"modified":"2024-12-12T15:01:06","modified_gmt":"2024-12-12T14:01:06","slug":"poems-only","status":"publish","type":"post","link":"http:\/\/pavillon-s.com\/en\/poems-only\/","title":{"rendered":"WEI 2023 Vincent Dieutre Poems only"},"content":{"rendered":"","protected":false},"excerpt":{"rendered":"","protected":false},"author":1,"featured_media":570,"comment_status":"closed","ping_status":"closed","sticky":false,"template":"","format":"standard","meta":[],"categories":[6],"tags":[],"class_list":["post-426","post","type-post","status-publish","has-post-thumbnail","hentry","category-wei-artistes-projects"],"grid":"{\r\n  \"colCount\": 12,\r\n  \"colGutter\": 1,\r\n  \"rowGutters\": [\r\n    2.5,\r\n    2,\r\n    2\r\n  ],\r\n  \"frameMargin\": 5,\r\n  \"leftFrameMargin\": 2.5,\r\n  \"rightFrameMargin\": 5,\r\n  \"topFrameMargin\": 180,\r\n  \"bottomFrameMargin\": 5,\r\n  \"rowAttrs\": [\r\n    {},\r\n    {},\r\n    {},\r\n    {}\r\n  ],\r\n  \"bgColor\": null,\r\n  \"bgImage\": null,\r\n  \"cont\": [\r\n    {\r\n      \"type\": \"text\",\r\n      \"cont\": \"<h1 class=\\\"_menu_home\\\"><a href=\\\"http:\/\/pavillon-s.com\/wei-artistes-projets-2023\/\\\" data-type=\\\"page\\\" data-id=\\\"120\\\" data-title=\\\"wei artistes projects\\\">Wei! \/ artistes projets<\/a><\/h1>\",\r\n      \"align\": \"top\",\r\n      \"row\": 0,\r\n      \"col\": 0,\r\n      \"colspan\": 8,\r\n      \"offsetx\": 0,\r\n      \"offsety\": 0,\r\n      \"spaceabove\": 0,\r\n      \"spacebelow\": 0,\r\n      \"yvel\": 1,\r\n      \"push\": 0,\r\n      \"relid\": 9\r\n    },\r\n    {\r\n      \"type\": \"text\",\r\n      \"cont\": \"<h1 class=\\\"_Titre_spectacle\\\"><span>Vincent Dieutre<br \/>Poems only<br \/><\/span><\/h1>\",\r\n      \"align\": \"top\",\r\n      \"row\": 1,\r\n      \"col\": 0,\r\n      \"colspan\": 8,\r\n      \"offsetx\": 0,\r\n      \"offsety\": 0,\r\n      \"spaceabove\": 0,\r\n      \"spacebelow\": 0,\r\n      \"yvel\": 1,\r\n      \"push\": 0,\r\n      \"relid\": 4,\r\n      \"frameOverflow\": \"\"\r\n    },\r\n    {\r\n      \"type\": \"carousel\",\r\n      \"cont\": \"\",\r\n      \"align\": \"top\",\r\n      \"row\": 2,\r\n      \"col\": 0,\r\n      \"colspan\": 7,\r\n      \"offsetx\": 0,\r\n      \"offsety\": 0,\r\n      \"spaceabove\": 0,\r\n      \"spacebelow\": 0,\r\n      \"yvel\": 1,\r\n      \"push\": 0,\r\n      \"relid\": 411,\r\n      \"carousel_options\": {\r\n        \"random\": false,\r\n        \"autoplay\": true,\r\n        \"showMultipleSlides\": false,\r\n        \"freeScroll\": false,\r\n        \"mousewheelScroll\": false,\r\n        \"size\": \"aspectRatioOfFirstElement\",\r\n        \"slidesWidth\": \"null\",\r\n        \"transition\": \"sliding\",\r\n        \"loop\": \"1\",\r\n        \"spaceBetween\": 0,\r\n        \"captionsUnderSlides\": false,\r\n        \"disableClick\": false\r\n      },\r\n      \"carousel\": [\r\n        {\r\n          \"type\": \"img\",\r\n          \"attid\": 570,\r\n          \"cont\": \"\/wp-content\/uploads\/2023\/08\/Lisa-Sahores-WEi-Poems-Only-15.9-9.jpg\",\r\n          \"sizes\": {\r\n            \"full\": \"\/wp-content\/uploads\/2023\/08\/Lisa-Sahores-WEi-Poems-Only-15.9-9.jpg\",\r\n            \"_2560\": \"\/wp-content\/uploads\/2023\/08\/Lisa-Sahores-WEi-Poems-Only-15.9-9-2560x1438.jpg\",\r\n            \"_1920\": \"\/wp-content\/uploads\/2023\/08\/Lisa-Sahores-WEi-Poems-Only-15.9-9-1920x1078.jpg\",\r\n            \"_1280\": \"\/wp-content\/uploads\/2023\/08\/Lisa-Sahores-WEi-Poems-Only-15.9-9-1280x719.jpg\",\r\n            \"_1024\": \"\/wp-content\/uploads\/2023\/08\/Lisa-Sahores-WEi-Poems-Only-15.9-9-1024x575.jpg\",\r\n            \"_768\": \"\/wp-content\/uploads\/2023\/08\/Lisa-Sahores-WEi-Poems-Only-15.9-9-768x431.jpg\",\r\n            \"_512\": \"\/wp-content\/uploads\/2023\/08\/Lisa-Sahores-WEi-Poems-Only-15.9-9-512x288.jpg\",\r\n            \"_265\": \"\/wp-content\/uploads\/2023\/08\/Lisa-Sahores-WEi-Poems-Only-15.9-9-265x149.jpg\"\r\n          },\r\n          \"w\": 2835,\r\n          \"h\": 1592,\r\n          \"ar\": 0.5615520282186949,\r\n          \"alt\": \"\",\r\n          \"caption\": \"<p><span style=\\\"font-size: 20px;\\\">\u00a9 Lisa Sahores<\/span><\/p>\"\r\n        },\r\n        {\r\n          \"type\": \"img\",\r\n          \"attid\": 579,\r\n          \"cont\": \"\/wp-content\/uploads\/2023\/08\/EVD_WEI_Poemsonly-2.jpg\",\r\n          \"sizes\": {\r\n            \"full\": \"\/wp-content\/uploads\/2023\/08\/EVD_WEI_Poemsonly-2.jpg\",\r\n            \"_2560\": \"\/wp-content\/uploads\/2023\/08\/EVD_WEI_Poemsonly-2-2560x1920.jpg\",\r\n            \"_1920\": \"\/wp-content\/uploads\/2023\/08\/EVD_WEI_Poemsonly-2-1920x1440.jpg\",\r\n            \"_1280\": \"\/wp-content\/uploads\/2023\/08\/EVD_WEI_Poemsonly-2-1280x960.jpg\",\r\n            \"_1024\": \"\/wp-content\/uploads\/2023\/08\/EVD_WEI_Poemsonly-2-1024x768.jpg\",\r\n            \"_768\": \"\/wp-content\/uploads\/2023\/08\/EVD_WEI_Poemsonly-2-768x576.jpg\",\r\n            \"_512\": \"\/wp-content\/uploads\/2023\/08\/EVD_WEI_Poemsonly-2-512x384.jpg\",\r\n            \"_265\": \"\/wp-content\/uploads\/2023\/08\/EVD_WEI_Poemsonly-2-265x199.jpg\"\r\n          },\r\n          \"w\": 2835,\r\n          \"h\": 2126,\r\n          \"ar\": 0.7499118165784833,\r\n          \"alt\": \"\",\r\n          \"caption\": \"<p><span style=\\\"font-size: 20px;\\\">\u00a9 Emmanuelle Vo-Dinh<\/span><\/p>\"\r\n        }\r\n      ]\r\n    },\r\n    {\r\n      \"type\": \"text\",\r\n      \"cont\": \"<p class=\\\"_texte_page\\\"><span style=\\\"color: #1500f6;\\\">Poems only<br \/><span style=\\\"color: #000000;\\\">Une programmation du Centre des \u00e9critures cin\u00e9matographiques<\/span><br \/><\/span><\/p><p class=\\\"_texte_page\\\">Pour mon dernier film <em>This is the End<\/em> (\u00e9crit au C\u00c9CI-Moulin d\u2019And\u00e9) j\u2019ai imagin\u00e9 une sorte de cabaret po\u00e9tique, un <em>Poetry Lounge, <\/em>comme il en existe un peu partout aux USA, une parole po\u00e9tique libre qui se m\u00ealerait \u00e0 mon errance californienne. En plein confinement, nous avons pu rassembler une poign\u00e9e d\u2019acteurs am\u00e9ricains et tourner \u00e0 Paris ce happening po\u00e9tique arrach\u00e9 au couvre-feu. Au montage, j\u2019ai \u00e9t\u00e9 amen\u00e9 \u00e0 choisir les po\u00e8mes qui trouveraient leur place dans le film d\u00e9finitif mais l\u2019id\u00e9e de donner une forme sc\u00e9nique \u00e0 ceux qui restaient en plan m\u2019a tout de suite travaill\u00e9. Yves-Noel Genod et Joana Preiss ont donc donn\u00e9 vie, en Fran\u00e7ais, \u00e0 ces po\u00e8mes d\u2019Hollywood naufrag\u00e9s qui d\u00e9filent sur l\u2019\u00e9cran entre palmiers et piscines. Amour, mondialisation, deuil, nostalgie et r\u00e9bellion, les po\u00e8mes, et les po\u00e8mes seulement, tissent un nouveau r\u00e9cit amoureux pour le dit \u00ab\u00a0monde d\u2019apr\u00e8s\u00a0\u00bb\u2026<br \/>- Vincent Dieutre<br \/><a style=\\\"color: #1500f6;\\\" rel=\\\"noopener\\\" href=\\\"https:\/\/vimeo.com\/514209991\\\" target=\\\"_blank\\\"><\/a><br \/><strong>Vendredi 15 septembre \u00e0 21h30, Th\u00e9\u00e2tre du Moulin<br \/><\/strong><\/p><p class=\\\"_texte_page\\\"><span style=\\\"color: #1500f6;\\\">Conception <\/span>Vincent Dieutre<br \/><span style=\\\"color: #1500f6;\\\">Avec<\/span> Yves-No\u00ebl-Genod et Joana Preiss<br \/><span style=\\\"color: #1500f6;\\\">Dur\u00e9e<\/span> 45 minutes<br \/><br \/>Apr\u00e8s un dipl\u00f4me en histoire de l\u2019Art, <span style=\\\"color: #1500f6;\\\">Vincent Dieutre<\/span> entre \u00e0 l\u2019IDHEC avant de s\u00e9journer \u00e0 Rome et New York (Bourse \u00abhors les murs\u00bb Villa M\u00e9dicis 1989). Il y tourne son premier film Rome D\u00e9sol\u00e9e, en 1994 tout en continuant d\u2019\u00e9crire et enseigner \u00e0 l\u2019universit\u00e9, \u00e0 la Femis et dans des \u00e9coles d\u2019art. Ses films, qui ont remport\u00e9 de nombreux prix, sont des documentaires autobiographiques. Tiss\u00e9 par la musique, la peinture et sa vie personnelle, ils explorent les fronti\u00e8res entre cin\u00e9ma et art contemporain. Son dernier film documentaire, Berlin Based a \u00e9t\u00e9 pr\u00e9sent\u00e9 en avant premi\u00e8re au festival Cin\u00e9ma du R\u00e9el\u2026<\/p>\",\r\n      \"align\": \"top\",\r\n      \"row\": 3,\r\n      \"col\": 0,\r\n      \"colspan\": 8,\r\n      \"offsetx\": 0,\r\n      \"offsety\": 0,\r\n      \"spaceabove\": 0,\r\n      \"spacebelow\": 0,\r\n      \"yvel\": 1,\r\n      \"push\": 0,\r\n      \"relid\": 6\r\n    }\r\n  ]\r\n}","phonegrid":"","_links":{"self":[{"href":"http:\/\/pavillon-s.com\/en\/wp-json\/wp\/v2\/posts\/426","targetHints":{"allow":["GET"]}}],"collection":[{"href":"http:\/\/pavillon-s.com\/en\/wp-json\/wp\/v2\/posts"}],"about":[{"href":"http:\/\/pavillon-s.com\/en\/wp-json\/wp\/v2\/types\/post"}],"author":[{"embeddable":true,"href":"http:\/\/pavillon-s.com\/en\/wp-json\/wp\/v2\/users\/1"}],"replies":[{"embeddable":true,"href":"http:\/\/pavillon-s.com\/en\/wp-json\/wp\/v2\/comments?post=426"}],"version-history":[{"count":0,"href":"http:\/\/pavillon-s.com\/en\/wp-json\/wp\/v2\/posts\/426\/revisions"}],"wp:featuredmedia":[{"embeddable":true,"href":"http:\/\/pavillon-s.com\/en\/wp-json\/wp\/v2\/media\/570"}],"wp:attachment":[{"href":"http:\/\/pavillon-s.com\/en\/wp-json\/wp\/v2\/media?parent=426"}],"wp:term":[{"taxonomy":"category","embeddable":true,"href":"http:\/\/pavillon-s.com\/en\/wp-json\/wp\/v2\/categories?post=426"},{"taxonomy":"post_tag","embeddable":true,"href":"http:\/\/pavillon-s.com\/en\/wp-json\/wp\/v2\/tags?post=426"}],"curies":[{"name":"wp","href":"https:\/\/api.w.org\/{rel}","templated":true}]}}