{"id":409,"date":"2023-08-24T12:10:12","date_gmt":"2022-08-22T06:59:41","guid":{"rendered":"http:\/\/pavillon-s.com\/ateliers-2\/"},"modified":"2024-12-12T15:09:19","modified_gmt":"2024-12-12T14:09:19","slug":"atelier-sylvestre","status":"publish","type":"post","link":"http:\/\/pavillon-s.com\/en\/atelier-sylvestre\/","title":{"rendered":"WEI 2023 Atelier sylvestre"},"content":{"rendered":"","protected":false},"excerpt":{"rendered":"","protected":false},"author":1,"featured_media":551,"comment_status":"closed","ping_status":"closed","sticky":false,"template":"","format":"standard","meta":[],"categories":[6],"tags":[],"class_list":["post-409","post","type-post","status-publish","has-post-thumbnail","hentry","category-wei-artistes-projects"],"grid":"{\r\n  \"colCount\": 12,\r\n  \"colGutter\": 1,\r\n  \"rowGutters\": [\r\n    2.5,\r\n    2,\r\n    2\r\n  ],\r\n  \"frameMargin\": 5,\r\n  \"leftFrameMargin\": 2.5,\r\n  \"rightFrameMargin\": 5,\r\n  \"topFrameMargin\": 180,\r\n  \"bottomFrameMargin\": 5,\r\n  \"rowAttrs\": [\r\n    {},\r\n    {},\r\n    {},\r\n    {}\r\n  ],\r\n  \"bgColor\": null,\r\n  \"bgImage\": null,\r\n  \"cont\": [\r\n    {\r\n      \"type\": \"text\",\r\n      \"cont\": \"<h1 class=\\\"_menu_home\\\"><a href=\\\"http:\/\/pavillon-s.com\/wei-artistes-projets-2023\/\\\" data-type=\\\"page\\\" data-id=\\\"120\\\" data-title=\\\"wei artistes projects\\\">Wei! \/ artistes projets<\/a><\/h1>\",\r\n      \"align\": \"top\",\r\n      \"row\": 0,\r\n      \"col\": 0,\r\n      \"colspan\": 8,\r\n      \"offsetx\": 0,\r\n      \"offsety\": 0,\r\n      \"spaceabove\": 0,\r\n      \"spacebelow\": 0,\r\n      \"yvel\": 1,\r\n      \"push\": 0,\r\n      \"relid\": 9\r\n    },\r\n    {\r\n      \"type\": \"text\",\r\n      \"cont\": \"<h1 class=\\\"_Titre_spectacle\\\"><span>Atelier sylvestre 7\/12 ans<br \/><\/span><\/h1>\",\r\n      \"align\": \"top\",\r\n      \"row\": 1,\r\n      \"col\": 0,\r\n      \"colspan\": 8,\r\n      \"offsetx\": 0,\r\n      \"offsety\": 0,\r\n      \"spaceabove\": 0,\r\n      \"spacebelow\": 0,\r\n      \"yvel\": 1,\r\n      \"push\": 0,\r\n      \"relid\": 4,\r\n      \"frameOverflow\": \"\"\r\n    },\r\n    {\r\n      \"type\": \"carousel\",\r\n      \"cont\": \"\",\r\n      \"align\": \"top\",\r\n      \"row\": 2,\r\n      \"col\": 0,\r\n      \"colspan\": 7,\r\n      \"offsetx\": 0,\r\n      \"offsety\": 0,\r\n      \"spaceabove\": 0,\r\n      \"spacebelow\": 0,\r\n      \"yvel\": 1,\r\n      \"push\": 0,\r\n      \"relid\": 845,\r\n      \"carousel_options\": {\r\n        \"random\": false,\r\n        \"autoplay\": false,\r\n        \"showMultipleSlides\": false,\r\n        \"freeScroll\": false,\r\n        \"mousewheelScroll\": false,\r\n        \"size\": \"aspectRatioOfFirstElement\",\r\n        \"slidesWidth\": \"null\",\r\n        \"transition\": \"sliding\",\r\n        \"loop\": \"1\",\r\n        \"spaceBetween\": 0,\r\n        \"captionsUnderSlides\": false\r\n      },\r\n      \"carousel\": [\r\n        {\r\n          \"type\": \"img\",\r\n          \"attid\": 551,\r\n          \"cont\": \"\/wp-content\/uploads\/2023\/08\/DR-sylvestre.jpg\",\r\n          \"sizes\": {\r\n            \"full\": \"\/wp-content\/uploads\/2023\/08\/DR-sylvestre.jpg\",\r\n            \"_1280\": \"\/wp-content\/uploads\/2023\/08\/DR-sylvestre-1280x960.jpg\",\r\n            \"_1024\": \"\/wp-content\/uploads\/2023\/08\/DR-sylvestre-1024x768.jpg\",\r\n            \"_768\": \"\/wp-content\/uploads\/2023\/08\/DR-sylvestre-768x576.jpg\",\r\n            \"_512\": \"\/wp-content\/uploads\/2023\/08\/DR-sylvestre-512x384.jpg\",\r\n            \"_265\": \"\/wp-content\/uploads\/2023\/08\/DR-sylvestre-265x199.jpg\"\r\n          },\r\n          \"w\": 1417,\r\n          \"h\": 1063,\r\n          \"ar\": 0.7501764290755116,\r\n          \"alt\": \"\",\r\n          \"caption\": \"<p><span style=\\\"font-size: 20px;\\\">\u00a9 Alexia Bigot<\/span><\/p>\"\r\n        },\r\n        {\r\n          \"type\": \"img\",\r\n          \"attid\": 674,\r\n          \"cont\": \"\/wp-content\/uploads\/2023\/08\/IMG-20230914-WA0002-1.jpg\",\r\n          \"sizes\": {\r\n            \"full\": \"\/wp-content\/uploads\/2023\/08\/IMG-20230914-WA0002-1.jpg\",\r\n            \"_1024\": \"\/wp-content\/uploads\/2023\/08\/IMG-20230914-WA0002-1-1024x748.jpg\",\r\n            \"_768\": \"\/wp-content\/uploads\/2023\/08\/IMG-20230914-WA0002-1-768x561.jpg\",\r\n            \"_512\": \"\/wp-content\/uploads\/2023\/08\/IMG-20230914-WA0002-1-512x374.jpg\",\r\n            \"_265\": \"\/wp-content\/uploads\/2023\/08\/IMG-20230914-WA0002-1-265x194.jpg\"\r\n          },\r\n          \"w\": 1033,\r\n          \"h\": 755,\r\n          \"ar\": 0.7308809293320426,\r\n          \"alt\": \"\",\r\n          \"caption\": \"<p><span style=\\\"font-size: 20px;\\\">\u00a9 Cyril Geeroms<\/span><\/p>\"\r\n        }\r\n      ]\r\n    },\r\n    {\r\n      \"type\": \"text\",\r\n      \"cont\": \"<p class=\\\"_texte_page\\\"><span style=\\\"color: #1500f6;\\\">Atelier sylvestre<\/span><br \/>pour les enfants de 7 \u00e0 12 ans<br \/><span style=\\\"color: #1500f6;\\\">avec<\/span> Violette Ang\u00e9 et Alexia Bigot<br \/><strong>Samedi 15h-16h et Dimanche 14h30-15h30 (bois du parc du Moulin)<\/strong><\/p><p class=\\\"_texte_page\\\">Inspir\u00e9 de la performance d\u2019Emmanuelle Vo-Dinh <em>ARCANES paysage, Moulin d\u2019And\u00e9<\/em> (2022), cet atelier a propos\u00e9 aux enfants de jouer avec le mouvement et l\u2019immobilit\u00e9 dans un jeu chor\u00e9graphique de cache-cache et d'apparitions dans la for\u00eat.<br \/>Rev\u00eatu-e-s d\u2019une cape argent\u00e9e aluminis\u00e9e, ils ont jou\u00e9 avec la lumi\u00e8re, la nature et les souvenirs des contes de l\u2019enfance.<\/p><p class=\\\"_texte_page\\\" style=\\\"text-indent: 0cm; tab-stops: 1.0pt 2.0pt 3.0pt 4.0pt 5.0pt 6.0pt 7.0pt 8.0pt 9.0pt 10.0pt 11.0pt 12.0pt 13.0pt 14.0pt 15.0pt 16.0pt 17.0pt 18.0pt 19.0pt 20.0pt 21.0pt 22.0pt 23.0pt 24.0pt 25.0pt 26.0pt 27.0pt 28.0pt 29.0pt 30.0pt 31.0pt 32.0pt 33.0pt 34.0pt 35.0pt 36.0pt 37.0pt 38.0pt 39.0pt 40.0pt 41.0pt 42.0pt 43.0pt 44.0pt 45.0pt 46.0pt 47.0pt 48.0pt 49.0pt 50.0pt 51.0pt 52.0pt 53.0pt 54.0pt 55.0pt 56.0pt 57.0pt 58.0pt 59.0pt 60.0pt 61.0pt 62.0pt 63.0pt 64.0pt; margin: 0cm -.05pt .0001pt 0cm;\\\">Artiste chor\u00e9graphique et musicienne, <span style=\\\"color: #1500f6;\\\">Violette Ang\u00e9<\/span> d\u00e9bute sa formation au Conservatoire du Blanc-Mesnil (chant, alto et danse). Apr\u00e8s des \u00e9tudes de Philosophie - facult\u00e9 Paris VIII Saint-Denis - et de danse aux Rencontres Internationales de Danse Contemporaine \u00e0 Paris, elle int\u00e8gre en 2010 la formation Coline \u00e0 Istres. Elle y interpr\u00e8te des pi\u00e8ces de Mathilde Monnier, Georges Appaix, Nacera Belaza, Bernard Glandier ou encore Edmond Russo et Shlomi Tuizer. Diversifiant ses champs d\u2019exploration, elle collabore par la suite avec des chor\u00e9graphes tels que Micheline Leli\u00e8vre (Collectif Pignonsurrue) ou Olivia Lioret (Association Borabora), avec des compagnies de th\u00e9\u00e2tre (le Th\u00e9\u00e2tre Sans Toit, Liba Th\u00e9\u00e2tre) et des ensembles musicaux (baroque, fanfare, chorales, rumba congolaise). En 2017, elle est soutenue par Mains d\u2019Oeuvres et le Fond de soutien Europ\u00e9en, dans le cadre des Chantiers de Cr\u00e9ation. Elle entame alors son propre travail chor\u00e9graphique, associant danse et costumes qu\u2019elle cr\u00e9\u00e9e. Stagiaire en 2012 pour <span class=\\\"Aucun\\\"><i>Revolve<\/i><\/span>, cr\u00e9ation d\u2019Emmanuelle Vo-Dinh au CCN du Havre Normandie, elle y m\u00e8ne par la suite des interventions artistiques et l\u2019assiste pour<span class=\\\"Aucun\\\"><i> Belles et Bois, Simon Says <\/i><\/span>et<span class=\\\"Aucun\\\"><i> La for\u00eat de glace.<\/i><\/span> Elle est interpr\u00e8te pour les cr\u00e9ations d\u2019Emmanuelle Vo-Dinh<span class=\\\"Aucun\\\"><i> Cocagne,<\/i><\/span><span class=\\\"Aucun\\\"><i> Waveparty, Attractions, ARCANES paysages <\/i>et <i>Routine.s.<\/i><\/span><\/p><p class=\\\"_texte_page\\\" style=\\\"text-indent: 0cm; tab-stops: 1.0pt 2.0pt 3.0pt 4.0pt 5.0pt 6.0pt 7.0pt 8.0pt 9.0pt 10.0pt 11.0pt 12.0pt 13.0pt 14.0pt 15.0pt 16.0pt 17.0pt 18.0pt 19.0pt 20.0pt 21.0pt 22.0pt 23.0pt 24.0pt 25.0pt 26.0pt 27.0pt 28.0pt 29.0pt 30.0pt 31.0pt 32.0pt 33.0pt 34.0pt 35.0pt 36.0pt 37.0pt 38.0pt 39.0pt 40.0pt 41.0pt 42.0pt 43.0pt 44.0pt 45.0pt 46.0pt 47.0pt 48.0pt 49.0pt 50.0pt 51.0pt 52.0pt 53.0pt 54.0pt 55.0pt 56.0pt 57.0pt 58.0pt 59.0pt 60.0pt 61.0pt 62.0pt 63.0pt 64.0pt; margin: 0cm -.05pt .0001pt 0cm;\\\"><span class=\\\"Aucun\\\">\u00a0<\/span><\/p><p class=\\\"_texte_page\\\" style=\\\"text-indent: 0cm; tab-stops: 1.0pt 2.0pt 3.0pt 4.0pt 5.0pt 6.0pt 7.0pt 8.0pt 9.0pt 10.0pt 11.0pt 12.0pt 13.0pt 14.0pt 15.0pt 16.0pt 17.0pt 18.0pt 19.0pt 20.0pt 21.0pt 22.0pt 23.0pt 24.0pt 25.0pt 26.0pt 27.0pt 28.0pt 29.0pt 30.0pt 31.0pt 32.0pt 33.0pt 34.0pt 35.0pt 36.0pt 37.0pt 38.0pt 39.0pt 40.0pt 41.0pt 42.0pt 43.0pt 44.0pt 45.0pt 46.0pt 47.0pt 48.0pt 49.0pt 50.0pt 51.0pt 52.0pt 53.0pt 54.0pt 55.0pt 56.0pt 57.0pt 58.0pt 59.0pt 60.0pt 61.0pt 62.0pt 63.0pt 64.0pt; margin: 0cm -.05pt .0001pt 0cm;\\\">Dipl\u00f4m\u00e9e du Conservatoire National Sup\u00e9rieur de Paris en 2001, <span style=\\\"color: #1500f6;\\\">Alexia Bigot<\/span> travaille ensuite avec Herv\u00e9 Robbe pour de nombreuses cr\u00e9ations et projets p\u00e9dagogiques. En parall\u00e8le, elle participe \u00e0 divers projets avec d\u2019autres chor\u00e9graphes comme Karry Kamal Karry, Sarah Cr\u00e9pin, David Drouard, Edmond Russo et Shlomi Tuiser. En 2008, elle cr\u00e9e un duo<span class=\\\"Aucun\\\"><i> Eco <\/i><\/span>\u00e0 Lisbonne pour le Couvent des Carmes avec Pedro Mend\u00e8s et le compositeur Romain Kronenberg. La m\u00eame ann\u00e9e, elle rejoint le collectif Larsen qui regroupe un ensemble d\u2019artistes aux talents multiples, et cr\u00e9e notamment avec eux en 2011 un spectacle jeune public Les animaux du bois Malmen\u00e9 qui m\u00eale vid\u00e9o, art plastique et danse contemporaine. Avec Emmanuelle Vo-Dinh, elle participe \u00e0 la cr\u00e9ation de <span class=\\\"Aucun\\\"><i>Ad astra, Fractale, revolve, -transire- &amp; -insight-, Tombouctou d\u00e9j\u00e0-vu, Belles et bois, Cocagne, Waveparty,La for\u00eat de glace,<\/i><\/span> <span class=\\\"Aucun\\\"><i>Attractions, ARCANES paysages <\/i>et <i>Routine.s<\/i><\/span>.<\/p>\",\r\n      \"align\": \"top\",\r\n      \"row\": 3,\r\n      \"col\": 0,\r\n      \"colspan\": 8,\r\n      \"offsetx\": 0,\r\n      \"offsety\": 0,\r\n      \"spaceabove\": 0,\r\n      \"spacebelow\": 0,\r\n      \"yvel\": 1,\r\n      \"push\": 0,\r\n      \"relid\": 6\r\n    }\r\n  ]\r\n}","phonegrid":"","_links":{"self":[{"href":"http:\/\/pavillon-s.com\/en\/wp-json\/wp\/v2\/posts\/409","targetHints":{"allow":["GET"]}}],"collection":[{"href":"http:\/\/pavillon-s.com\/en\/wp-json\/wp\/v2\/posts"}],"about":[{"href":"http:\/\/pavillon-s.com\/en\/wp-json\/wp\/v2\/types\/post"}],"author":[{"embeddable":true,"href":"http:\/\/pavillon-s.com\/en\/wp-json\/wp\/v2\/users\/1"}],"replies":[{"embeddable":true,"href":"http:\/\/pavillon-s.com\/en\/wp-json\/wp\/v2\/comments?post=409"}],"version-history":[{"count":0,"href":"http:\/\/pavillon-s.com\/en\/wp-json\/wp\/v2\/posts\/409\/revisions"}],"wp:featuredmedia":[{"embeddable":true,"href":"http:\/\/pavillon-s.com\/en\/wp-json\/wp\/v2\/media\/551"}],"wp:attachment":[{"href":"http:\/\/pavillon-s.com\/en\/wp-json\/wp\/v2\/media?parent=409"}],"wp:term":[{"taxonomy":"category","embeddable":true,"href":"http:\/\/pavillon-s.com\/en\/wp-json\/wp\/v2\/categories?post=409"},{"taxonomy":"post_tag","embeddable":true,"href":"http:\/\/pavillon-s.com\/en\/wp-json\/wp\/v2\/tags?post=409"}],"curies":[{"name":"wp","href":"https:\/\/api.w.org\/{rel}","templated":true}]}}