{"id":346,"date":"2023-06-20T12:14:32","date_gmt":"2022-08-22T06:59:41","guid":{"rendered":"http:\/\/pavillon-s.com\/le-pole-2\/"},"modified":"2023-12-06T13:01:09","modified_gmt":"2023-12-06T12:01:09","slug":"thesuperheros-thesupereros","status":"publish","type":"post","link":"http:\/\/pavillon-s.com\/en\/thesuperheros-thesupereros\/","title":{"rendered":"The Super H\u00e9ros \/ The Super \u00c9ros"},"content":{"rendered":"","protected":false},"excerpt":{"rendered":"","protected":false},"author":1,"featured_media":628,"comment_status":"closed","ping_status":"closed","sticky":false,"template":"","format":"standard","meta":[],"categories":[10],"tags":[],"class_list":["post-346","post","type-post","status-publish","has-post-thumbnail","hentry","category-pavillon-s-temoins"],"grid":"{\r\n  \"colCount\": 12,\r\n  \"colGutter\": 1,\r\n  \"rowGutters\": [\r\n    2.5,\r\n    2,\r\n    2\r\n  ],\r\n  \"frameMargin\": 5,\r\n  \"leftFrameMargin\": 2.5,\r\n  \"rightFrameMargin\": 5,\r\n  \"topFrameMargin\": 180,\r\n  \"bottomFrameMargin\": 5,\r\n  \"rowAttrs\": [\r\n    {},\r\n    {},\r\n    {},\r\n    {}\r\n  ],\r\n  \"bgColor\": null,\r\n  \"bgImage\": null,\r\n  \"cont\": [\r\n    {\r\n      \"type\": \"text\",\r\n      \"cont\": \"<h1 class=\\\"_menu_home\\\"><a href=\\\"http:\/\/pavillon-s.com\/grandmare-artistes-projets\/\\\" data-type=\\\"page\\\" data-id=\\\"342\\\" data-title=\\\"Pavillon-s t\u00e9moins Grand'Mare artistes projets\\\">Pavillon-s t\u00e9moins, Grand'Mare<\/a><\/h1>\",\r\n      \"align\": \"top\",\r\n      \"row\": 0,\r\n      \"col\": 0,\r\n      \"colspan\": 10,\r\n      \"offsetx\": 0,\r\n      \"offsety\": 0,\r\n      \"spaceabove\": 0,\r\n      \"spacebelow\": 0,\r\n      \"yvel\": 1,\r\n      \"push\": 0,\r\n      \"relid\": 9,\r\n      \"frameOverflow\": \"\"\r\n    },\r\n    {\r\n      \"type\": \"text\",\r\n      \"cont\": \"<h1 class=\\\"_Titre_spectacle\\\"><span>The Super H\u00e9ros \/ The Super \u00c9ros<br \/><\/span><\/h1>\",\r\n      \"align\": \"top\",\r\n      \"row\": 1,\r\n      \"col\": 0,\r\n      \"colspan\": 8,\r\n      \"offsetx\": 0,\r\n      \"offsety\": 0,\r\n      \"spaceabove\": 0,\r\n      \"spacebelow\": 0,\r\n      \"yvel\": 1,\r\n      \"push\": 0,\r\n      \"relid\": 4,\r\n      \"frameOverflow\": \"\"\r\n    },\r\n    {\r\n      \"type\": \"carousel\",\r\n      \"cont\": \"\",\r\n      \"align\": \"top\",\r\n      \"row\": 2,\r\n      \"col\": 0,\r\n      \"colspan\": 6,\r\n      \"offsetx\": 0,\r\n      \"offsety\": 0,\r\n      \"spaceabove\": 0,\r\n      \"spacebelow\": 0,\r\n      \"yvel\": 1,\r\n      \"push\": 0,\r\n      \"relid\": 1980,\r\n      \"carousel_options\": {\r\n        \"random\": false,\r\n        \"autoplay\": false,\r\n        \"showMultipleSlides\": false,\r\n        \"freeScroll\": false,\r\n        \"mousewheelScroll\": false,\r\n        \"size\": \"aspectRatioOfFirstElement\",\r\n        \"slidesWidth\": \"null\",\r\n        \"transition\": \"sliding\",\r\n        \"loop\": \"1\",\r\n        \"spaceBetween\": 0,\r\n        \"captionsUnderSlides\": false\r\n      },\r\n      \"carousel\": [\r\n        {\r\n          \"type\": \"img\",\r\n          \"attid\": 635,\r\n          \"cont\": \"\/wp-content\/uploads\/2023\/06\/Solenne-Racape-Le-pole-Grandmare-7.jpg\",\r\n          \"sizes\": {\r\n            \"full\": \"\/wp-content\/uploads\/2023\/06\/Solenne-Racape-Le-pole-Grandmare-7.jpg\",\r\n            \"_1280\": \"\/wp-content\/uploads\/2023\/06\/Solenne-Racape-Le-pole-Grandmare-7-1280x960.jpg\",\r\n            \"_1024\": \"\/wp-content\/uploads\/2023\/06\/Solenne-Racape-Le-pole-Grandmare-7-1024x768.jpg\",\r\n            \"_768\": \"\/wp-content\/uploads\/2023\/06\/Solenne-Racape-Le-pole-Grandmare-7-768x576.jpg\",\r\n            \"_512\": \"\/wp-content\/uploads\/2023\/06\/Solenne-Racape-Le-pole-Grandmare-7-512x384.jpg\",\r\n            \"_265\": \"\/wp-content\/uploads\/2023\/06\/Solenne-Racape-Le-pole-Grandmare-7-265x199.jpg\"\r\n          },\r\n          \"w\": 1559,\r\n          \"h\": 1169,\r\n          \"ar\": 0.7498396407953817,\r\n          \"alt\": \"\",\r\n          \"caption\": \"<p><span style=\\\"font-size: 20px;\\\">\u00a9 Solenne Racap\u00e9<\/span><\/p>\"\r\n        },\r\n        {\r\n          \"type\": \"img\",\r\n          \"attid\": 625,\r\n          \"cont\": \"\/wp-content\/uploads\/2023\/06\/EVD-le-pole-11.jpg\",\r\n          \"sizes\": {\r\n            \"full\": \"\/wp-content\/uploads\/2023\/06\/EVD-le-pole-11.jpg\",\r\n            \"_1280\": \"\/wp-content\/uploads\/2023\/06\/EVD-le-pole-11-1280x960.jpg\",\r\n            \"_1024\": \"\/wp-content\/uploads\/2023\/06\/EVD-le-pole-11-1024x768.jpg\",\r\n            \"_768\": \"\/wp-content\/uploads\/2023\/06\/EVD-le-pole-11-768x576.jpg\",\r\n            \"_512\": \"\/wp-content\/uploads\/2023\/06\/EVD-le-pole-11-512x384.jpg\",\r\n            \"_265\": \"\/wp-content\/uploads\/2023\/06\/EVD-le-pole-11-265x199.jpg\"\r\n          },\r\n          \"w\": 1417,\r\n          \"h\": 1063,\r\n          \"ar\": 0.7501764290755116,\r\n          \"alt\": \"\",\r\n          \"caption\": \"<p><span style=\\\"font-size: 20px;\\\">\u00a9 Emmanuelle Vo-Dinh<\/span><\/p>\"\r\n        },\r\n        {\r\n          \"type\": \"img\",\r\n          \"attid\": 629,\r\n          \"cont\": \"\/wp-content\/uploads\/2023\/06\/Lisa-Sahores-Le-pole-69.jpg\",\r\n          \"sizes\": {\r\n            \"full\": \"\/wp-content\/uploads\/2023\/06\/Lisa-Sahores-Le-pole-69.jpg\",\r\n            \"_1920\": \"\/wp-content\/uploads\/2023\/06\/Lisa-Sahores-Le-pole-69-1920x1440.jpg\",\r\n            \"_1280\": \"\/wp-content\/uploads\/2023\/06\/Lisa-Sahores-Le-pole-69-1280x960.jpg\",\r\n            \"_1024\": \"\/wp-content\/uploads\/2023\/06\/Lisa-Sahores-Le-pole-69-1024x768.jpg\",\r\n            \"_768\": \"\/wp-content\/uploads\/2023\/06\/Lisa-Sahores-Le-pole-69-768x576.jpg\",\r\n            \"_512\": \"\/wp-content\/uploads\/2023\/06\/Lisa-Sahores-Le-pole-69-512x384.jpg\",\r\n            \"_265\": \"\/wp-content\/uploads\/2023\/06\/Lisa-Sahores-Le-pole-69-265x199.jpg\"\r\n          },\r\n          \"w\": 1984,\r\n          \"h\": 1488,\r\n          \"ar\": 0.75,\r\n          \"alt\": \"\",\r\n          \"caption\": \"<p><span style=\\\"font-size: 20px;\\\">\u00a9 Lisa Sahores<\/span><\/p>\"\r\n        }\r\n      ]\r\n    },\r\n    {\r\n      \"type\": \"text\",\r\n      \"cont\": \"<p class=\\\"_texte_page\\\"><span style=\\\"color: #1500f6;\\\">The Super H\u00e9ros \/ The Super \u00c9ros<br \/><strong><span style=\\\"color: #000000;\\\">le p\u00f4le, L\u00e9onard Rainis et Katell Hartereau<\/span><\/strong><br \/><\/span><\/p><p style=\\\"line-height: 1;\\\"><span style=\\\"font-size: 20px;\\\">Bien qu\u2019ultra puissant, un super he\u0301ros a aussi des doutes, des questionnements et des failles. Il sublime tout cela gra\u0302ce a\u0300 ses super pouvoirs.<br \/>Ce sont des supers artistes en mouvement, des he\u0301ros qui ont tente\u0301 a\u0300 travers leurs pre\u0301sences et leurs danses de questionner nos habitudes et possibilite\u0301s de de\u0301passer le quotidien et de questionner le de\u0301sir. <br \/><\/span><span style=\\\"font-size: 20px;\\\">Accompagne\u0301s la premie\u0300re semaine du dessinateur Loup Ballais, Le\u0301onard Rainis et Katelle Hartereau ont transforme\u0301 la dalle de la Grand\u2019Mare en un grand studio a\u0300 ciel ouvert et sont alle\u0301s tester diffe\u0301rents espaces de la dalle pour diffe\u0301rentes performances et interre\u0301actions avec les habitants. Pendant cette premie\u0300re semaine la fresque collaborative <i>Et si je pouvais danser ? <\/i>a e\u0301te\u0301 re\u0301alise\u0301e avec tous ceux qui le souhaitaient. <br \/><\/span><span style=\\\"font-size: 20px;\\\">Pendant la seconde semaine, accompagne\u0301s de Marc Planceon, Le\u0301onard et Katell ont tente\u0301 de transformer les Super He\u0301ros en Super E\u0301ros provoquant parfois de vives re\u0301actions de la part de certains habitants. <\/span><\/p><p class=\\\"_texte_page\\\"><strong>Du 10 au 22 juillet 2023<br \/><span style=\\\"color: #1500f6;\\\"><a style=\\\"color: #1500f6;\\\" rel=\\\"noopener\\\" href=\\\"http:\/\/pavillon-s.com\/wp-content\/uploads\/2023\/06\/PAV_GRANDMARE_230616_A4_RVB.pdf\\\" target=\\\"_blank\\\">Lieux et horaires<\/a><\/span><br \/><\/strong><\/p><p class=\\\"_texte_page\\\"><span style=\\\"color: #1500f6;\\\">Conception<\/span> L\u00e9onard Rainis &amp; Katell Hartereau<br \/><span style=\\\"color: #1500f6;\\\">Avec<\/span> Loup Ballais, <span>Ma\u00eblle Desclaux, Katell Hartereau, Marc Planceon et <\/span>L\u00e9onard Rainis<br \/>LE P\u00d4LE est soutenu par l\u2019Etat \u2013 Pr\u00e9fet de la r\u00e9gion Bretagne \u2013 DRAC Bretagne au titre de l\u2019aide \u00e0 la structuration, le Conseil R\u00e9gional de Bretagne, le D\u00e9partement du Morbihan, la Ville de Lorient.<\/p><p class=\\\"_texte_page\\\"><strong>le p\u00f4le<\/strong>, structure associative cr\u00e9\u00e9e \u00e0 Lorient en 2007, est n\u00e9 de la rencontre entre deux artistes. Pour L\u00e9onard Rainis et Katell Hartereau, le p\u00f4le est envisag\u00e9 pour ce qu\u2019il repr\u00e9sente comme image gravitationnelle et structurante, portant \u00e0 la fois les notions d\u2019attractions et d\u2019oppositions. En parall\u00e8le des cr\u00e9ations pour la sc\u00e8ne, ils explorent les possibilit\u00e9s de l\u2019espace public,<br \/>de l\u2019espace intime, notamment avec les performances in situ ainsi que des actions de territoire.<\/p><p class=\\\"_texte_page\\\">Form\u00e9 \u00e0 l\u2019\u00e9cole nationale de danse de L\u2019op\u00e9ra de Paris, et apr\u00e8s avoir travaill\u00e9 aux ballets de Monte-Carlo puis \u00e0 l\u2019op\u00e9ra national du Rhin (William Forsythe, Lucinda Child, Georges Balanchines, Bertrand D\u2019At, Jean-Christophe Maillot, Jo Stromgren, John Neumeier, Jos\u00e9 Limon, Uwe Scholz, Davide Bombana, Hans Van Manen, Maurice B\u00e9jart) <strong>L\u00e9onard Rainis<\/strong> devient artiste ind\u00e9pendant et travaille en Europe avec des chor\u00e9graphes contemporains : Marco Santi, Rui Horta, Hans Neuenfels, Felix Ruckert, Mikael d\u2019Auzon, Vidal Bini, Toufik OI, Suzanne Frey, Gabriella Riccio, Laura Frigato, Morgan Bellanger. Ce travail de cr\u00e9ation en free lance l\u2019oriente vers un d\u00e9sir de vivre d\u2019autres exp\u00e9riences et l\u2019incite \u00e0 cr\u00e9er son propre langage chor\u00e9graphique. Il cr\u00e9e le p\u00f4le en 2007 \u00e0 Lorient avec Katell Hartereau,\u00a0 projets autour de la danse, du corps et du mouvement, de l\u2019individu et du groupe.<br \/><br \/>Form\u00e9e \u00e0 la Folkwanghochschule sous la direction de Pina Bausch, <strong>Katell Hartereau<\/strong> m\u00e8ne une carri\u00e8re d\u2019interpr\u00e8te en Su\u00e8de avec la compagnie NorrDans:\u00a0 Rui Horta, Tedd Stoffer, Stefen Petronio, Uri Ivgi, Jeanne Yasko, Roberto Zappala. Tr\u00e8s vite, elle s\u2019aper\u00e7oit que son engagement dans la danse se situe au del\u00e0 de la pure interpr\u00e9tation. <span class=\\\"ContentPasted2\\\">C\u2019est en Allemagne qu\u2019elle m\u00e8nera ses premi\u00e8res exp\u00e9riences en tant que porteuse et accompagnatrice de proje<\/span>ts avant de rencontrer L\u00e9onard Rainis. Cette longue collaboration au sein du p\u00f4le r\u00e9v\u00e8le la richesse d'un art en mouvement permanent. L'enjeu pour eux n'est pas de se repr\u00e9senter mais de laisser exister la relation comme source de cr\u00e9ation.\u00a0<\/p>\",\r\n      \"align\": \"top\",\r\n      \"row\": 3,\r\n      \"col\": 0,\r\n      \"colspan\": 8,\r\n      \"offsetx\": 0,\r\n      \"offsety\": 0,\r\n      \"spaceabove\": 0,\r\n      \"spacebelow\": 0,\r\n      \"yvel\": 1,\r\n      \"push\": 0,\r\n      \"relid\": 6\r\n    }\r\n  ]\r\n}","phonegrid":"","_links":{"self":[{"href":"http:\/\/pavillon-s.com\/en\/wp-json\/wp\/v2\/posts\/346","targetHints":{"allow":["GET"]}}],"collection":[{"href":"http:\/\/pavillon-s.com\/en\/wp-json\/wp\/v2\/posts"}],"about":[{"href":"http:\/\/pavillon-s.com\/en\/wp-json\/wp\/v2\/types\/post"}],"author":[{"embeddable":true,"href":"http:\/\/pavillon-s.com\/en\/wp-json\/wp\/v2\/users\/1"}],"replies":[{"embeddable":true,"href":"http:\/\/pavillon-s.com\/en\/wp-json\/wp\/v2\/comments?post=346"}],"version-history":[{"count":0,"href":"http:\/\/pavillon-s.com\/en\/wp-json\/wp\/v2\/posts\/346\/revisions"}],"wp:featuredmedia":[{"embeddable":true,"href":"http:\/\/pavillon-s.com\/en\/wp-json\/wp\/v2\/media\/628"}],"wp:attachment":[{"href":"http:\/\/pavillon-s.com\/en\/wp-json\/wp\/v2\/media?parent=346"}],"wp:term":[{"taxonomy":"category","embeddable":true,"href":"http:\/\/pavillon-s.com\/en\/wp-json\/wp\/v2\/categories?post=346"},{"taxonomy":"post_tag","embeddable":true,"href":"http:\/\/pavillon-s.com\/en\/wp-json\/wp\/v2\/tags?post=346"}],"curies":[{"name":"wp","href":"https:\/\/api.w.org\/{rel}","templated":true}]}}