{"id":253,"date":"2022-08-19T15:05:03","date_gmt":"2022-08-22T06:59:41","guid":{"rendered":"http:\/\/pavillon-s.com\/?p=253"},"modified":"2024-12-12T15:06:29","modified_gmt":"2024-12-12T14:06:29","slug":"fil-rouge","status":"publish","type":"post","link":"http:\/\/pavillon-s.com\/en\/fil-rouge\/","title":{"rendered":"WEI 2022 Visite accompagn\u00e9e Fil rouge"},"content":{"rendered":"","protected":false},"excerpt":{"rendered":"","protected":false},"author":1,"featured_media":542,"comment_status":"closed","ping_status":"closed","sticky":false,"template":"","format":"standard","meta":[],"categories":[6],"tags":[],"class_list":["post-253","post","type-post","status-publish","has-post-thumbnail","hentry","category-wei-artistes-projects"],"grid":"{\r\n  \"colCount\": 12,\r\n  \"colGutter\": 1,\r\n  \"rowGutters\": [\r\n    2.5,\r\n    2,\r\n    2\r\n  ],\r\n  \"frameMargin\": 5,\r\n  \"leftFrameMargin\": 2.5,\r\n  \"rightFrameMargin\": 5,\r\n  \"topFrameMargin\": 180,\r\n  \"bottomFrameMargin\": 5,\r\n  \"rowAttrs\": [\r\n    {},\r\n    {},\r\n    {},\r\n    {}\r\n  ],\r\n  \"bgColor\": null,\r\n  \"bgImage\": null,\r\n  \"cont\": [\r\n    {\r\n      \"type\": \"text\",\r\n      \"cont\": \"<h1 class=\\\"_menu_home\\\"><a href=\\\"http:\/\/pavillon-s.com\/wei-artistes-projets\/\\\" data-type=\\\"page\\\" data-id=\\\"120\\\" data-title=\\\"wei artistes projects\\\">Wei! \/ artistes projets<\/a><\/h1>\",\r\n      \"align\": \"top\",\r\n      \"row\": 0,\r\n      \"col\": 0,\r\n      \"colspan\": 8,\r\n      \"offsetx\": 0,\r\n      \"offsety\": 0,\r\n      \"spaceabove\": 0,\r\n      \"spacebelow\": 0,\r\n      \"yvel\": 1,\r\n      \"push\": 0,\r\n      \"relid\": 9\r\n    },\r\n    {\r\n      \"type\": \"text\",\r\n      \"cont\": \"<h1 class=\\\"_Titre_spectacle\\\"><span>Visite accompagn\u00e9e Fil rouge<br \/><\/span><\/h1>\",\r\n      \"align\": \"top\",\r\n      \"row\": 1,\r\n      \"col\": 0,\r\n      \"colspan\": 7,\r\n      \"offsetx\": 0,\r\n      \"offsety\": 0,\r\n      \"spaceabove\": 0,\r\n      \"spacebelow\": 0,\r\n      \"yvel\": 1,\r\n      \"push\": 0,\r\n      \"relid\": 4\r\n    },\r\n    {\r\n      \"type\": \"img\",\r\n      \"cont\": \"\/wp-content\/uploads\/2022\/08\/fil-rouge-1.jpg\",\r\n      \"align\": \"top\",\r\n      \"row\": 2,\r\n      \"col\": 0,\r\n      \"colspan\": 8,\r\n      \"offsetx\": 0,\r\n      \"offsety\": 0,\r\n      \"spaceabove\": 0,\r\n      \"spacebelow\": 0,\r\n      \"yvel\": 1,\r\n      \"push\": 0,\r\n      \"relid\": 127,\r\n      \"attid\": 542,\r\n      \"sizes\": {\r\n        \"full\": \"\/wp-content\/uploads\/2022\/08\/fil-rouge-1.jpg\",\r\n        \"_1280\": \"\/wp-content\/uploads\/2022\/08\/fil-rouge-1-1280x720.jpg\",\r\n        \"_1024\": \"\/wp-content\/uploads\/2022\/08\/fil-rouge-1-1024x576.jpg\",\r\n        \"_768\": \"\/wp-content\/uploads\/2022\/08\/fil-rouge-1-768x432.jpg\",\r\n        \"_512\": \"\/wp-content\/uploads\/2022\/08\/fil-rouge-1-512x288.jpg\",\r\n        \"_265\": \"\/wp-content\/uploads\/2022\/08\/fil-rouge-1-265x149.jpg\"\r\n      },\r\n      \"w\": 1772,\r\n      \"h\": 997,\r\n      \"ar\": 0.5626410835214447,\r\n      \"alt\": \"\",\r\n      \"frameOverflow\": \"\",\r\n      \"caption\": \"<p class=\\\"_texte_page\\\">\u00a9 St\u00e9phane Vo-Dinh<\/p>\"\r\n    },\r\n    {\r\n      \"type\": \"text\",\r\n      \"cont\": \"<p class=\\\"_texte_page\\\"><span style=\\\"color: #1500f6;\\\">Visite accompagn\u00e9e Fil rouge<\/span><\/p><p class=\\\"_texte_page\\\"><br \/>La collection\u00a0priv\u00e9e\u00a0d\u2019art contemporain du parc du Fruit int\u00e9gral s\u2019est constitu\u00e9e au fil des ann\u00e9es depuis 2011.<br \/>Si la maison du Fruit int\u00e9gral et son parc ont \u00e9t\u00e9 l\u2019objet de plusieurs tournages\u00a0cin\u00e9matographiques\u00a0(<em>Les 400 coups<\/em>\u00a0de Fran\u00e7ois Truffaut en 1959 et\u00a0<em>La joie de vivre<\/em>\u00a0de Jean-Pierre Am\u00e9ris en 2011), ce dernier a \u00e9galement connu les premiers essais de la 4CV de Renault dans l\u2019all\u00e9e des 200 tilleuls qui bordent la propri\u00e9t\u00e9.<br \/>Aujourd\u2019hui le parc abrite une collection d\u2019\u0153uvres contemporaines et \/ou d\u2019objets insolites dont la majeure partie\u00a0participe\u00a0\u00e0 une r\u00e9flexion autour de la guerre et de la fascination des hommes pour celle-ci.<br \/>Des plaques en inox \u00ab\u00a0impact\u00e9es\u00a0\u00bb (<em>Ressac<\/em>) de Florian Pugnaire et David Raffini en passant par\u00a0<em>La loi du March\u00e9<\/em>\u00a0de Robuste Odin, ou bien\u00a0<em>Sousvivre<\/em>\u00a0de Maurice Slotine, jusqu\u2019\u00e0 la maquette d\u2019un <em>X Wing<\/em> de <em>Lucasfilm<\/em>, abrit\u00e9e par la structure gonflable de Hans-Walter M\u00fcller, les \u0153uvres dialoguent autour de l\u2019h\u00e9g\u00e9monisme et l\u2019imp\u00e9rialisme masculin.\u00a0<br \/>L\u2019ensemble\u00a0trouve une r\u00e9sonance science-fictionnel \/ futuriste dans\u00a0le mobilier d\u2019assises pr\u00e9sent dans le parc. Appartenant au mouvement utopique <em>space-age<\/em>\u00a0cr\u00e9\u00e9 dans les ann\u00e9es 1960\/1970,\u00a0il t\u00e9moigne de la\u00a0fascination de ses architectes ou designers pour la conqu\u00eate spatiale.<\/p><p class=\\\"_texte_page\\\"><strong>Samedi 14h-19h, jardin du Fruit int\u00e9gral<\/strong> (visite toutes les 30 minutes)<br \/><strong>Dimanche 11h-13h, 14h-18h, jardin du Fruit int\u00e9gral<\/strong> (visite toutes les 30 minutes)<\/p><p class=\\\"_texte_page\\\"><span style=\\\"color: #1500f6;\\\">Avec les oeuvres<\/span> de Marti Folio, La fratrie, Robuste Odin, Laurent Le Penru, Lucasfilm, Hans-Walter M\u00fcller, Laurent Martin, Vincent Mauger, Nicolas Momein, Florian Pugnaire &amp; David Raffini, Romain Reveilhac, Maurice Slotine, Maylis Turtaut.<\/p><p>\u00a0<\/p><p class=\\\"_texte_page\\\"><strong>Marti Folio<\/strong> (Dieppe)<br \/>Marti Folio est n\u00e9 en 1972 \u00e0 Dieppe. Apr\u00e8s une formation d\u2019\u00e9b\u00e9niste et peintre d\u00e9co, il consacre dix ann\u00e9es \u00e0 la restauration de monuments historiques.<br \/>Aujourd\u2019hui, artiste plasticien, il a toujours scrut\u00e9 avec la plus vive attention les mati\u00e8res. <br \/>Qu\u2019il s\u2019agisse d\u2019une mati\u00e8re noble ou pas, l\u2019aspect, la texture, la mall\u00e9abilit\u00e9, la capacit\u00e9 \u00e0 renvoyer la lumi\u00e8re et \u00e0 contrario \u00e0 l\u2019absorber le passionnent.<br \/>D\u00e8s lors, sa cr\u00e9ation s\u2019exprime avec un maximum de m\u00e9diums\u00a0: peinture, dessin, sculpture, installation, photo et vid\u00e9o.<br \/>\u00a0<br \/><strong>La fratrie<\/strong> (Paris)<br \/>Les deux fr\u00e8res derri\u00e8re La Fratrie, Karim et Luc Berchiche, cr\u00e9ent \u00e0 quatre mains des sculptures fascinantes de pr\u00e9cision et d'\u00e9vocations qui interrogent l'homme dans son rapport \u00e0 l'environnement.<br \/>Iles miniatures suspendues, constructions minutieuses, par leur pr\u00e9cision plastique et formelle, les sculptures compos\u00e9es de multiples mat\u00e9riaux, font de leurs cr\u00e9ateurs les artisans d'un monde utopique au sens propre (\u00ab lieu qui n'est pas \u00bb ). Ces rochers a\u00e9riens constituent autant de mondes en soi, illusions d\u00e9racin\u00e9es de leur espace d'origine. Fictions singuli\u00e8res et complexes, ils introduisent des sc\u00e8nes narratives le plus souvent all\u00e9goriques mais aussi des v\u00e9ritables r\u00e9flexions sur la bri\u00e8vet\u00e9 et la fragilit\u00e9 de la vie.<br \/>\u00a0<br \/><strong>Robuste Odin<\/strong> (Pont-Audemer)<br \/>Robuste Odin,\u00a0sculpteur, performeur,\u00a0primitif occidental,\u00a0docteur en art second, fabricanteur de mondes imaginaires depuis 1989 !<br \/>N\u00e9 le 01\/04\/64 \u00e0 Paris<br \/>L\u2019Ateul, atelier de cr\u00e9ation artistique, chemin de Saint Gilles, 27500 Pont Audemer<br \/>\u00a0<br \/><strong>Laurent Martin<\/strong> (Rouen)<br \/>Laurent Martin est un artiste vivant et travaillant \u00e0 Rouen. A travers son travail, il revisite \u00e0 sa mani\u00e8re les meubles et objets de notre quotidien.<br \/>\u00a0<br \/><strong>Vincent Mauger<\/strong> (Nantes)<br \/>Vincent Mauger, n\u00e9 en 1976 \u00e0 Rennes, est un sculpteur fran\u00e7ais contemporain. Il vit et travaille pr\u00e8s de Nantes.<br \/>Sa d\u00e9marche s\u2019articule autour de la recherche de mat\u00e9rialisation, de concr\u00e9tisation de ce que serait un espace mental. Essentiellement compos\u00e9e d\u2019installations in-situ, de dessin et de sculptures, son \u0153uvre confronte souvent un espace r\u00e9el avec une repr\u00e9sentation de la perception mentale d\u2019un autre espace. Ses propositions interrogent l\u2019id\u00e9e d\u2019architecture, d\u2019urbanisme et d\u2019organisme en utilisant des mat\u00e9riaux de construction pour formuler des fragments de paysage, jouant sur le d\u00e9calage des rapports d\u2019\u00e9chelle et invitant au d\u00e9placement.<br \/>Il est repr\u00e9sent\u00e9 par la Galerie Bertrand Grimont \u00e0 Paris.<br \/>\u00a0<br \/><strong>Nicolas Momein<\/strong> (Paris)<br \/>Nicolas Momein est dipl\u00f4m\u00e9 de l\u2019\u00e9cole sup\u00e9rieure d\u2019art et de design de Saint Etienne puis de la haute \u00e9cole d\u2019art et de design de Gen\u00e8ve. Riche d\u2019une exp\u00e9rience d\u2019artisan tapissier, son travail met en jeu une certaine rivalit\u00e9 entre les dimensions fonctionnelles et sculpturales des objets, sans jamais d\u00e9cider laquelle des deux domine. Donnant une certaine visibilit\u00e9 \u00e0 ses gestes et processus de fabrication, il interroge dans son travail le r\u00f4le de l\u2019artiste comme producteur.<br \/>\u00a0<br \/><strong>Hans-Walter M\u00fcller<\/strong> (La Fert\u00e9-Allais)<br \/>Hans-Walter M\u00fcller est prestidigitateur \u00e0 14 ans et en garde une approche tr\u00e8s personnelle du travail artistique et architectural. Dipl\u00f4m\u00e9 de l\u2019Universit\u00e9 technique de Darmstadt en 1961 comme architecte et ing\u00e9nieur. Hans-Walter M\u00fcller poursuit ses \u00e9tudes \u00e0 Paris et engage sa recherche architecturale avec les mat\u00e9riaux de son temps : la lumi\u00e8re artificielle, l\u2019image projet\u00e9e, la mati\u00e8re plastique, les moteurs \u00e9lectriques, au service de \u00ab l\u2019architecture du mouvement \u00bb (1965). Laur\u00e9at de la Biennale de Paris de 1965. Laur\u00e9at du pavillon allemand \u00e0 l\u2019exposition internationale de Montr\u00e9al en 1967.<br \/>Il appartient au mouvement d'Art cin\u00e9tique et est le cr\u00e9ateur des \u00ab Gonflables \u00bb, constructions \u00e0 structure de plastique et mises en tension par l'air sous pression. Hans-Walter M\u00fcller habite dans une maison gonflable1 depuis 1971.<br \/>Il est enseignant invit\u00e9 et conf\u00e9rencier \u00e0 l'\u00c9cole Nationale Sup\u00e9rieure d'Architecture de Versailles -ENSAV-<br \/>Il a collabor\u00e9 avec des artistes comme Jean Dubuffet, Salvador Dal\u00ed ou Maurice B\u00e9jart.<br \/>\u00a0<br \/><strong>Florian Pugnaire &amp; David Raffini<\/strong> (Nice)<br \/>Les deux artistes se sont rencontr\u00e9s durant leurs \u00e9tudes \u00e0 la Villa Arson, Nice, o\u00f9 ils ont \u00e9t\u00e9 dipl\u00f4m\u00e9s. Ils collaborent ensemble sur diff\u00e9rents projets depuis 2006. Ils produisent simultan\u00e9ment des projets personnels et les projets en duo. Leur duo est marqu\u00e9 par la probl\u00e9matique de la sculpture comme \\\"work event\\\" et \u00e9galement par un penchant pour l'avenir des objets industriels.<br \/>\u00a0<br \/><strong>Maurice Slotine<\/strong> (And\u00e9)<br \/>Maurice Slotine est n\u00e9 au Havre en 1975.<br \/>Form\u00e9 aux beaux-arts, \u00e0 l\u2019art moderne et contemporain d\u00e8s son plus jeune \u00e2ge par sa m\u00e8re galeriste, il a grandi au milieu des artistes et de leurs \u0153uvres.<br \/>Autodidacte, il d\u00e9butera une carri\u00e8re de magicien professionnel avant de se tourner vers le recyclage industriel.<br \/>En parall\u00e8le \u00e0 ses propres cr\u00e9ations, il produit et d\u00e9fend la cr\u00e9ation actuelle singuli\u00e8re.<br \/>Ces sujets traitent essentiellement de l\u2019imp\u00e9rialisme et l\u2019h\u00e9g\u00e9monisme.<br \/>\u00a0<br \/><strong>Maylis Turtaut<\/strong> (Angoul\u00eame)<br \/>Maylis Turtaut hybride son travail de ses comp\u00e9tences naturalistes et plastiques en proposant des \u00e9vocations de la nature, par le biais d'art\u00e9facts, d'am\u00e9nagements paysagers ou d'installations dans lesquels les processus d'\u00e9volution, de transformation, d'entropie, sont toujours pr\u00e9sents et l'importance du geste lisible en filigrane.<\/p>\",\r\n      \"align\": \"top\",\r\n      \"row\": 3,\r\n      \"col\": 0,\r\n      \"colspan\": 8,\r\n      \"offsetx\": 0,\r\n      \"offsety\": 0,\r\n      \"spaceabove\": 0,\r\n      \"spacebelow\": 0,\r\n      \"yvel\": 1,\r\n      \"push\": 0,\r\n      \"relid\": 6\r\n    }\r\n  ]\r\n}","phonegrid":"","_links":{"self":[{"href":"http:\/\/pavillon-s.com\/en\/wp-json\/wp\/v2\/posts\/253","targetHints":{"allow":["GET"]}}],"collection":[{"href":"http:\/\/pavillon-s.com\/en\/wp-json\/wp\/v2\/posts"}],"about":[{"href":"http:\/\/pavillon-s.com\/en\/wp-json\/wp\/v2\/types\/post"}],"author":[{"embeddable":true,"href":"http:\/\/pavillon-s.com\/en\/wp-json\/wp\/v2\/users\/1"}],"replies":[{"embeddable":true,"href":"http:\/\/pavillon-s.com\/en\/wp-json\/wp\/v2\/comments?post=253"}],"version-history":[{"count":0,"href":"http:\/\/pavillon-s.com\/en\/wp-json\/wp\/v2\/posts\/253\/revisions"}],"wp:featuredmedia":[{"embeddable":true,"href":"http:\/\/pavillon-s.com\/en\/wp-json\/wp\/v2\/media\/542"}],"wp:attachment":[{"href":"http:\/\/pavillon-s.com\/en\/wp-json\/wp\/v2\/media?parent=253"}],"wp:term":[{"taxonomy":"category","embeddable":true,"href":"http:\/\/pavillon-s.com\/en\/wp-json\/wp\/v2\/categories?post=253"},{"taxonomy":"post_tag","embeddable":true,"href":"http:\/\/pavillon-s.com\/en\/wp-json\/wp\/v2\/tags?post=253"}],"curies":[{"name":"wp","href":"https:\/\/api.w.org\/{rel}","templated":true}]}}