{"id":241,"date":"2022-08-19T13:39:32","date_gmt":"2022-08-22T06:59:41","guid":{"rendered":"http:\/\/pavillon-s.com\/?p=241"},"modified":"2024-12-12T15:06:53","modified_gmt":"2024-12-12T14:06:53","slug":"selection-fruit-integral","status":"publish","type":"post","link":"http:\/\/pavillon-s.com\/en\/selection-fruit-integral\/","title":{"rendered":"WEI 2022 S\u00e9lection d&#8217;\u0153uvres du Fruit int\u00e9gral"},"content":{"rendered":"","protected":false},"excerpt":{"rendered":"","protected":false},"author":1,"featured_media":528,"comment_status":"closed","ping_status":"closed","sticky":false,"template":"","format":"standard","meta":[],"categories":[6],"tags":[],"class_list":["post-241","post","type-post","status-publish","has-post-thumbnail","hentry","category-wei-artistes-projects"],"grid":"{\r\n  \"colCount\": 12,\r\n  \"colGutter\": 1,\r\n  \"rowGutters\": [\r\n    2.5,\r\n    2,\r\n    5\r\n  ],\r\n  \"frameMargin\": 5,\r\n  \"leftFrameMargin\": 2.5,\r\n  \"rightFrameMargin\": 5,\r\n  \"topFrameMargin\": 180,\r\n  \"bottomFrameMargin\": 5,\r\n  \"rowAttrs\": [\r\n    {},\r\n    {},\r\n    {},\r\n    {}\r\n  ],\r\n  \"bgColor\": null,\r\n  \"bgImage\": null,\r\n  \"cont\": [\r\n    {\r\n      \"type\": \"text\",\r\n      \"cont\": \"<h1 class=\\\"_menu_home\\\"><a href=\\\"http:\/\/pavillon-s.com\/wei-artistes-projets\/\\\" data-type=\\\"page\\\" data-id=\\\"120\\\" data-title=\\\"wei artistes projects\\\">Wei! \/ artistes projets<\/a><\/h1>\",\r\n      \"align\": \"top\",\r\n      \"row\": 0,\r\n      \"col\": 0,\r\n      \"colspan\": 8,\r\n      \"offsetx\": 0,\r\n      \"offsety\": 0,\r\n      \"spaceabove\": 0,\r\n      \"spacebelow\": 0,\r\n      \"yvel\": 1,\r\n      \"push\": 0,\r\n      \"relid\": 9\r\n    },\r\n    {\r\n      \"type\": \"text\",\r\n      \"cont\": \"<h1 class=\\\"_Titre_spectacle\\\"><span>Un choix d\u2019\u0153uvres de V\u00e9ronique Souben\u00a0<br \/><\/span><\/h1>\",\r\n      \"align\": \"top\",\r\n      \"row\": 1,\r\n      \"col\": 0,\r\n      \"colspan\": 7,\r\n      \"offsetx\": 0,\r\n      \"offsety\": 0,\r\n      \"spaceabove\": 0,\r\n      \"spacebelow\": 0,\r\n      \"yvel\": 1,\r\n      \"push\": 0,\r\n      \"relid\": 4\r\n    },\r\n    {\r\n      \"type\": \"carousel\",\r\n      \"cont\": \"\",\r\n      \"align\": \"top\",\r\n      \"row\": 2,\r\n      \"col\": 0,\r\n      \"colspan\": 9,\r\n      \"offsetx\": 0,\r\n      \"offsety\": 0,\r\n      \"spaceabove\": 0,\r\n      \"spacebelow\": 0,\r\n      \"yvel\": 1,\r\n      \"push\": 0,\r\n      \"relid\": 1834,\r\n      \"carousel_options\": {\r\n        \"random\": false,\r\n        \"autoplay\": false,\r\n        \"showMultipleSlides\": false,\r\n        \"freeScroll\": false,\r\n        \"mousewheelScroll\": false,\r\n        \"size\": \"aspectRatioOfFirstElement\",\r\n        \"slidesWidth\": \"null\",\r\n        \"transition\": \"sliding\",\r\n        \"loop\": \"1\",\r\n        \"spaceBetween\": 0,\r\n        \"captionsUnderSlides\": false\r\n      },\r\n      \"carousel\": [\r\n        {\r\n          \"type\": \"img\",\r\n          \"attid\": 528,\r\n          \"cont\": \"\/wp-content\/uploads\/2022\/08\/L1050627-1.jpg\",\r\n          \"sizes\": {\r\n            \"full\": \"\/wp-content\/uploads\/2022\/08\/L1050627-1.jpg\",\r\n            \"_1280\": \"\/wp-content\/uploads\/2022\/08\/L1050627-1-1280x720.jpg\",\r\n            \"_1024\": \"\/wp-content\/uploads\/2022\/08\/L1050627-1-1024x576.jpg\",\r\n            \"_768\": \"\/wp-content\/uploads\/2022\/08\/L1050627-1-768x432.jpg\",\r\n            \"_512\": \"\/wp-content\/uploads\/2022\/08\/L1050627-1-512x288.jpg\",\r\n            \"_265\": \"\/wp-content\/uploads\/2022\/08\/L1050627-1-265x149.jpg\"\r\n          },\r\n          \"w\": 1890,\r\n          \"h\": 1063,\r\n          \"ar\": 0.5624338624338624,\r\n          \"alt\": \"\",\r\n          \"caption\": \"<p><span style=\\\"font-size: 20px;\\\">\u00a9 St\u00e9phane Vo-Dinh<\/span><\/p>\"\r\n        }\r\n      ]\r\n    },\r\n    {\r\n      \"type\": \"text\",\r\n      \"cont\": \"<p class=\\\"_texte_page\\\"><span style=\\\"color: #1500f6;\\\">Un choix d\u2019\u0153uvres de V\u00e9ronique Souben, issues de la collection du Fruit int\u00e9gral<\/span><\/p><p class=\\\"_texte_page\\\">Dans le caf\u00e9 salon du Moulin d\u2019And\u00e9, qui vit passer nombre d\u2019\u00e9crivains, un choix d\u2019\u0153uvres issues de la collection du Fruit int\u00e9gral et s\u00e9lectionn\u00e9es par la commissaire d\u2019exposition V\u00e9ronique Souben, est venu animer cet espace singulier.<br \/>Diss\u00e9min\u00e9es dans l\u2019environnement empli d\u2019objets, d\u2019images et de curiosit\u00e9s de ce lieu charg\u00e9 de souvenirs, elles ont provoqu\u00e9 l\u2019imagination en donnant \u00e0 voir des corps \u00e9tranges, \u00e0 la fois camoufl\u00e9s, distordus et d\u00e9tourn\u00e9s, ou au contraire, des paysages d\u00e9barrass\u00e9s de toute pr\u00e9sence humaine mais qui nous ont invit\u00e9s \u00e0 prolonger ce voyage organique et charnel dans la mati\u00e8re m\u00eame de l\u2019image. Le parcours s'est poursuivi \u00e0 l\u2019entr\u00e9e de la Meule o\u00f9 une horloge \u00e0 la temporalit\u00e9\u00a0distendue c\u00f4toyait une photo de groupe aux visages famili\u00e8rement masqu\u00e9s. Un monde\u00a0d\u2019apr\u00e8s s'est invit\u00e9 dans un monde d\u2019avant.\u00a0<br \/>\u00a0<br \/><span style=\\\"color: #1500f6;\\\">Avec les \u0153uvres<\/span> de Nobuyoshi Araki, Cl\u00e9ment Cogitore, Stephane Joannes, \u00a0Vincent Mauger, Laurent Pariente, Bertrand Planes, Damir Ocko,\u00a0 Man Ray, Val\u00e9rie Vaubourg, Elodie Wysocki<\/p><p class=\\\"_texte_page\\\"><strong>Samedi 14h-19h, caf\u00e9 salon du Moulin<\/strong><br \/><strong>Dimanche 11h-13h, 14h-18h, caf\u00e9 salon du Moulin<\/strong><\/p><p class=\\\"_texte_page\\\"><span>Historienne de l'art et commissaire d'exposition, <strong>V\u00e9ronique Souben<\/strong> a dirig\u00e9 de 2010 \u00e0 2021 le <em>FRAC Normandie Rouen<\/em>. Elle y a con\u00e7u plus d\u2019une centaine d\u2019expositions notamment \u00e0 partir de sa collection et de ses\u00a0 m\u00e9diums phare que sont la photographie, le dessin et le livre d\u2019artiste. Elle y a \u00e9galement initi\u00e9 les premi\u00e8res monographies d\u2019artistes internationaux comme Darren Almond, Michael Sailstorfer, Anne Collier et Diogo Pimentao, mais aussi fran\u00e7ais avec Elodie Lesourd, Isabelle Le Minh, Sophie Dubosc et Simon Nicaise. En lien avec ce programme, elle a dirig\u00e9 de nombreuses publications \u00e0 la fois monographiques et scientifiques.<\/span><\/p>\",\r\n      \"align\": \"top\",\r\n      \"row\": 3,\r\n      \"col\": 0,\r\n      \"colspan\": 8,\r\n      \"offsetx\": 0,\r\n      \"offsety\": 0,\r\n      \"spaceabove\": 0,\r\n      \"spacebelow\": 0,\r\n      \"yvel\": 1,\r\n      \"push\": 0,\r\n      \"relid\": 6\r\n    }\r\n  ]\r\n}","phonegrid":"","_links":{"self":[{"href":"http:\/\/pavillon-s.com\/en\/wp-json\/wp\/v2\/posts\/241","targetHints":{"allow":["GET"]}}],"collection":[{"href":"http:\/\/pavillon-s.com\/en\/wp-json\/wp\/v2\/posts"}],"about":[{"href":"http:\/\/pavillon-s.com\/en\/wp-json\/wp\/v2\/types\/post"}],"author":[{"embeddable":true,"href":"http:\/\/pavillon-s.com\/en\/wp-json\/wp\/v2\/users\/1"}],"replies":[{"embeddable":true,"href":"http:\/\/pavillon-s.com\/en\/wp-json\/wp\/v2\/comments?post=241"}],"version-history":[{"count":0,"href":"http:\/\/pavillon-s.com\/en\/wp-json\/wp\/v2\/posts\/241\/revisions"}],"wp:featuredmedia":[{"embeddable":true,"href":"http:\/\/pavillon-s.com\/en\/wp-json\/wp\/v2\/media\/528"}],"wp:attachment":[{"href":"http:\/\/pavillon-s.com\/en\/wp-json\/wp\/v2\/media?parent=241"}],"wp:term":[{"taxonomy":"category","embeddable":true,"href":"http:\/\/pavillon-s.com\/en\/wp-json\/wp\/v2\/categories?post=241"},{"taxonomy":"post_tag","embeddable":true,"href":"http:\/\/pavillon-s.com\/en\/wp-json\/wp\/v2\/tags?post=241"}],"curies":[{"name":"wp","href":"https:\/\/api.w.org\/{rel}","templated":true}]}}