{"id":231,"date":"2022-08-19T12:15:29","date_gmt":"2022-08-22T06:59:41","guid":{"rendered":"http:\/\/pavillon-s.com\/?p=231"},"modified":"2024-12-12T15:07:15","modified_gmt":"2024-12-12T14:07:15","slug":"ariane-michel","status":"publish","type":"post","link":"http:\/\/pavillon-s.com\/en\/ariane-michel\/","title":{"rendered":"WEI 2022 Ariane Michel La for\u00eat des gestes"},"content":{"rendered":"","protected":false},"excerpt":{"rendered":"","protected":false},"author":1,"featured_media":521,"comment_status":"closed","ping_status":"closed","sticky":false,"template":"","format":"standard","meta":[],"categories":[6],"tags":[],"class_list":["post-231","post","type-post","status-publish","has-post-thumbnail","hentry","category-wei-artistes-projects"],"grid":"{\r\n  \"colCount\": 12,\r\n  \"colGutter\": 1,\r\n  \"rowGutters\": [\r\n    2.5,\r\n    2,\r\n    2\r\n  ],\r\n  \"frameMargin\": 5,\r\n  \"leftFrameMargin\": 2.5,\r\n  \"rightFrameMargin\": 5,\r\n  \"topFrameMargin\": 180,\r\n  \"bottomFrameMargin\": 5,\r\n  \"rowAttrs\": [\r\n    {},\r\n    {},\r\n    {},\r\n    {}\r\n  ],\r\n  \"bgColor\": null,\r\n  \"bgImage\": null,\r\n  \"cont\": [\r\n    {\r\n      \"type\": \"text\",\r\n      \"cont\": \"<h1 class=\\\"_menu_home\\\"><a href=\\\"http:\/\/pavillon-s.com\/wei-artistes-projets\/\\\" data-type=\\\"page\\\" data-id=\\\"120\\\" data-title=\\\"wei artistes projects\\\">Wei! \/ artistes projets<\/a><\/h1>\",\r\n      \"align\": \"top\",\r\n      \"row\": 0,\r\n      \"col\": 0,\r\n      \"colspan\": 8,\r\n      \"offsetx\": 0,\r\n      \"offsety\": 0,\r\n      \"spaceabove\": 0,\r\n      \"spacebelow\": 0,\r\n      \"yvel\": 1,\r\n      \"push\": 0,\r\n      \"relid\": 9\r\n    },\r\n    {\r\n      \"type\": \"text\",\r\n      \"cont\": \"<h1 class=\\\"_Titre_spectacle\\\"><span>Ariane Michel<br \/><\/span><\/h1>\",\r\n      \"align\": \"top\",\r\n      \"row\": 1,\r\n      \"col\": 0,\r\n      \"colspan\": 7,\r\n      \"offsetx\": 0,\r\n      \"offsety\": 0,\r\n      \"spaceabove\": 0,\r\n      \"spacebelow\": 0,\r\n      \"yvel\": 1,\r\n      \"push\": 0,\r\n      \"relid\": 4\r\n    },\r\n    {\r\n      \"type\": \"img\",\r\n      \"cont\": \"\/wp-content\/uploads\/2022\/08\/DR-Ariane-michel.jpg\",\r\n      \"align\": \"top\",\r\n      \"row\": 2,\r\n      \"col\": 0,\r\n      \"colspan\": 6,\r\n      \"offsetx\": 0,\r\n      \"offsety\": 0,\r\n      \"spaceabove\": 0,\r\n      \"spacebelow\": 0,\r\n      \"yvel\": 1,\r\n      \"push\": 0,\r\n      \"relid\": 127,\r\n      \"attid\": 521,\r\n      \"sizes\": {\r\n        \"full\": \"\/wp-content\/uploads\/2022\/08\/DR-Ariane-michel.jpg\",\r\n        \"_1920\": \"\/wp-content\/uploads\/2022\/08\/DR-Ariane-michel-1920x1440.jpg\",\r\n        \"_1280\": \"\/wp-content\/uploads\/2022\/08\/DR-Ariane-michel-1280x960.jpg\",\r\n        \"_1024\": \"\/wp-content\/uploads\/2022\/08\/DR-Ariane-michel-1024x768.jpg\",\r\n        \"_768\": \"\/wp-content\/uploads\/2022\/08\/DR-Ariane-michel-768x576.jpg\",\r\n        \"_512\": \"\/wp-content\/uploads\/2022\/08\/DR-Ariane-michel-512x384.jpg\",\r\n        \"_265\": \"\/wp-content\/uploads\/2022\/08\/DR-Ariane-michel-265x199.jpg\"\r\n      },\r\n      \"w\": 2126,\r\n      \"h\": 1594,\r\n      \"ar\": 0.7497648165569144,\r\n      \"alt\": \"\",\r\n      \"frameOverflow\": \"\",\r\n      \"caption\": \"<p class=\\\"_texte_page\\\">\u00a9DR<\/p>\"\r\n    },\r\n    {\r\n      \"type\": \"text\",\r\n      \"cont\": \"<p class=\\\"_texte_page\\\"><span style=\\\"color: #1500f6;\\\">La for\u00eat des gestes<\/span><br \/>Une programmation du Centre des \u00c9critures Cin\u00e9matographiques<\/p><p class=\\\"_texte_page\\\">D'abord, entendre : un paysage, ancien ou archa\u00efque, familier aussi. Jour chaud, soir orageux, nuit inqui\u00e9tante, matin humide... le temps change et passe dans la for\u00eat grouillante. Un pur pr\u00e9sent se d\u00e9roule dans un imaginaire lointain.<br \/>Voir, ensuite. Des gens, rassembl\u00e9s sous les arbres le temps d'une nuit. Ils semblent s'\u00eatre empar\u00e9s du tas de trucs qui tra\u00eenait au fond du jardin, avec c\u00e9r\u00e9monie. Des mati\u00e8res, des ustensiles, des choses ayant servi. Quelques instruments aussi. Ensemble, ils ont d\u00e9cid\u00e9 d'en faire autre chose.<br \/>La for\u00eat des gestes est un projet \u00e9volutif qui existe selon plusieurs modalit\u00e9s successives, possiblement m\u00eal\u00e9es ou r\u00e9-interpr\u00e9t\u00e9es : une part est perform\u00e9e en public, une autre se cristallise sous des formes enregistr\u00e9es. Partout, des objets sont saisis et des sons se dispersent. Une composition s'\u00e9labore peu \u00e0 peu, et s'enrichit de rencontres et d'interpr\u00e9tations.<\/p><p class=\\\"_texte_page\\\"><strong>Vendredi 16 septembre \u00e0 22h, th\u00e9\u00e2tre du Moulin<br \/><\/strong><\/p><p class=\\\"_texte_page\\\"><span style=\\\"color: #1500f6;\\\">conception<\/span>\u00a0Ariane Michel<br \/><span style=\\\"color: #1500f6;\\\">musiciens<\/span> Dominique Mahut, percussionniste ; Jacques Tellitocci, percussionniste ; Vincent Segal, violoncelliste<\/p><p class=\\\"_texte_page\\\">\u00a0<\/p><p class=\\\"_texte_page\\\">N\u00e9e en 1973 \u00e0 Paris, Ariane Michel vit et travaille entre Paris et le Finist\u00e8re.<br \/>Artiste vid\u00e9aste, elle r\u00e9alise des films et des installations qui mettent en jeu nos mani\u00e8res de percevoir le monde. B\u00eates, plantes, min\u00e9raux...<br \/>Ariane Michel nous propose d\u2019investir des territoires non-humains avec les outils du cin\u00e9ma. Manipulant ainsi la perception, l\u2019\u00e9chelle et la hi\u00e9rarchie des \u00eatres, elle implique le spectateur dans de nouvelles g\u00e9ographies mentales qui brouillent les fronti\u00e8res de \u00ab la Nature \u00bb et d\u00e9cousent patiemment le rapport anthropocentr\u00e9 au monde que nos civilisations europ\u00e9ennes ont construit.<br \/>http:\/\/www.arianemichel.com<\/p>\",\r\n      \"align\": \"top\",\r\n      \"row\": 3,\r\n      \"col\": 0,\r\n      \"colspan\": 8,\r\n      \"offsetx\": 0,\r\n      \"offsety\": 0,\r\n      \"spaceabove\": 0,\r\n      \"spacebelow\": 0,\r\n      \"yvel\": 1,\r\n      \"push\": 0,\r\n      \"relid\": 6\r\n    }\r\n  ]\r\n}","phonegrid":"","_links":{"self":[{"href":"http:\/\/pavillon-s.com\/en\/wp-json\/wp\/v2\/posts\/231","targetHints":{"allow":["GET"]}}],"collection":[{"href":"http:\/\/pavillon-s.com\/en\/wp-json\/wp\/v2\/posts"}],"about":[{"href":"http:\/\/pavillon-s.com\/en\/wp-json\/wp\/v2\/types\/post"}],"author":[{"embeddable":true,"href":"http:\/\/pavillon-s.com\/en\/wp-json\/wp\/v2\/users\/1"}],"replies":[{"embeddable":true,"href":"http:\/\/pavillon-s.com\/en\/wp-json\/wp\/v2\/comments?post=231"}],"version-history":[{"count":0,"href":"http:\/\/pavillon-s.com\/en\/wp-json\/wp\/v2\/posts\/231\/revisions"}],"wp:featuredmedia":[{"embeddable":true,"href":"http:\/\/pavillon-s.com\/en\/wp-json\/wp\/v2\/media\/521"}],"wp:attachment":[{"href":"http:\/\/pavillon-s.com\/en\/wp-json\/wp\/v2\/media?parent=231"}],"wp:term":[{"taxonomy":"category","embeddable":true,"href":"http:\/\/pavillon-s.com\/en\/wp-json\/wp\/v2\/categories?post=231"},{"taxonomy":"post_tag","embeddable":true,"href":"http:\/\/pavillon-s.com\/en\/wp-json\/wp\/v2\/tags?post=231"}],"curies":[{"name":"wp","href":"https:\/\/api.w.org\/{rel}","templated":true}]}}