{"id":227,"date":"2022-08-19T12:03:20","date_gmt":"2022-08-22T06:59:41","guid":{"rendered":"http:\/\/pavillon-s.com\/?p=227"},"modified":"2024-12-12T15:07:28","modified_gmt":"2024-12-12T14:07:28","slug":"sabine-macher","status":"publish","type":"post","link":"http:\/\/pavillon-s.com\/en\/sabine-macher\/","title":{"rendered":"WEI 2022 Sabine Macher La vieille danseuse"},"content":{"rendered":"","protected":false},"excerpt":{"rendered":"","protected":false},"author":1,"featured_media":520,"comment_status":"closed","ping_status":"closed","sticky":false,"template":"","format":"standard","meta":[],"categories":[6],"tags":[],"class_list":["post-227","post","type-post","status-publish","has-post-thumbnail","hentry","category-wei-artistes-projects"],"grid":"{\r\n  \"colCount\": 12,\r\n  \"colGutter\": 1,\r\n  \"rowGutters\": [\r\n    2.5,\r\n    2,\r\n    2\r\n  ],\r\n  \"frameMargin\": 5,\r\n  \"leftFrameMargin\": 2.5,\r\n  \"rightFrameMargin\": 5,\r\n  \"topFrameMargin\": 180,\r\n  \"bottomFrameMargin\": 5,\r\n  \"rowAttrs\": [\r\n    {},\r\n    {},\r\n    {},\r\n    {}\r\n  ],\r\n  \"bgColor\": null,\r\n  \"bgImage\": null,\r\n  \"cont\": [\r\n    {\r\n      \"type\": \"text\",\r\n      \"cont\": \"<h1 class=\\\"_menu_home\\\"><a href=\\\"http:\/\/pavillon-s.com\/wei-artistes-projets\/\\\" data-type=\\\"page\\\" data-id=\\\"120\\\" data-title=\\\"wei artistes projects\\\">Wei! \/ artistes projets<\/a><\/h1>\",\r\n      \"align\": \"top\",\r\n      \"row\": 0,\r\n      \"col\": 0,\r\n      \"colspan\": 8,\r\n      \"offsetx\": 0,\r\n      \"offsety\": 0,\r\n      \"spaceabove\": 0,\r\n      \"spacebelow\": 0,\r\n      \"yvel\": 1,\r\n      \"push\": 0,\r\n      \"relid\": 9\r\n    },\r\n    {\r\n      \"type\": \"text\",\r\n      \"cont\": \"<h1 class=\\\"_Titre_spectacle\\\"><span>Sabine Macher<br \/><\/span><\/h1>\",\r\n      \"align\": \"top\",\r\n      \"row\": 1,\r\n      \"col\": 0,\r\n      \"colspan\": 7,\r\n      \"offsetx\": 0,\r\n      \"offsety\": 0,\r\n      \"spaceabove\": 0,\r\n      \"spacebelow\": 0,\r\n      \"yvel\": 1,\r\n      \"push\": 0,\r\n      \"relid\": 4\r\n    },\r\n    {\r\n      \"type\": \"img\",\r\n      \"cont\": \"\/wp-content\/uploads\/2022\/08\/DR-La-vieille-danseuse.png\",\r\n      \"align\": \"top\",\r\n      \"row\": 2,\r\n      \"col\": 0,\r\n      \"colspan\": 6,\r\n      \"offsetx\": 0,\r\n      \"offsety\": 0,\r\n      \"spaceabove\": 0,\r\n      \"spacebelow\": 0,\r\n      \"yvel\": 1,\r\n      \"push\": 0,\r\n      \"relid\": 127,\r\n      \"attid\": 520,\r\n      \"sizes\": {\r\n        \"full\": \"\/wp-content\/uploads\/2022\/08\/DR-La-vieille-danseuse.png\",\r\n        \"_1024\": \"\/wp-content\/uploads\/2022\/08\/DR-La-vieille-danseuse-1024x767.png\",\r\n        \"_768\": \"\/wp-content\/uploads\/2022\/08\/DR-La-vieille-danseuse-768x575.png\",\r\n        \"_512\": \"\/wp-content\/uploads\/2022\/08\/DR-La-vieille-danseuse-512x383.png\",\r\n        \"_265\": \"\/wp-content\/uploads\/2022\/08\/DR-La-vieille-danseuse-265x198.png\"\r\n      },\r\n      \"w\": 1134,\r\n      \"h\": 849,\r\n      \"ar\": 0.7486772486772487,\r\n      \"alt\": \"\",\r\n      \"caption\": \"<p class=\\\"_texte_page\\\">\u00a9DR<\/p>\",\r\n      \"frameOverflow\": \"\"\r\n    },\r\n    {\r\n      \"type\": \"text\",\r\n      \"cont\": \"<p class=\\\"_texte_page\\\"><span style=\\\"color: #1500f6;\\\">La vieille danseuse<br \/><\/span><\/p><p class=\\\"_texte_page\\\">La vieille danseuse, c\u2019est vous, c\u2019est moi, c\u2019est l\u2019eau qui coule, <br \/>un spectre dans le temps qui remue ses mains,<br \/>on l\u2019a vu au Japon derri\u00e8re une haie aux cypr\u00e8s,<br \/>\u00e0 c\u00f4t\u00e9 d\u2019une barque rouge qui s\u2019enracine, <br \/>elle puise l\u2019eau dans les bras de la Seine. <br \/>Si vous passez par-l\u00e0, demandez-lui son nom.<br \/><em>Sabine Macher<\/em><span style=\\\"color: #1500f6;\\\"><br \/><\/span><\/p><p class=\\\"_texte_page\\\"><strong>Dimanche 18 septembre 11h-13h, 14h-18h<br \/><\/strong><\/p><p class=\\\"_texte_page\\\"><span style=\\\"color: #1500f6;\\\">Conception et interpr\u00e9tation<\/span> Sabine Macher<\/p><p class=\\\"_texte_page\\\">\u00a0<\/p><p class=\\\"_texte_page\\\" style=\\\"line-height: 1;\\\">N\u00e9e en Allemagne de l\u2019Ouest, Sabine Macher danse, \u00e9crit, traduit et photographie. Elle alterne des propositions personnelles sous forme de livres, pi\u00e8ces sonores, performances, pi\u00e8ces sc\u00e9niques avec l\u2019inscription dans l\u2019espace d\u2019autres chor\u00e9graphes ou metteurs en sc\u00e8nes, notamment d\u2019Emmanuelle Vo-Dinh. <br \/>Dernier livre paru : Guerre et paix sans je, \u00e9dition les petits matins, 2019. Pi\u00e8ce en cours : La vieille danseuse, h\u00e9t\u00e9rotopie permanente.<\/p>\",\r\n      \"align\": \"top\",\r\n      \"row\": 3,\r\n      \"col\": 0,\r\n      \"colspan\": 8,\r\n      \"offsetx\": 0,\r\n      \"offsety\": 0,\r\n      \"spaceabove\": 0,\r\n      \"spacebelow\": 0,\r\n      \"yvel\": 1,\r\n      \"push\": 0,\r\n      \"relid\": 6\r\n    }\r\n  ]\r\n}","phonegrid":"","_links":{"self":[{"href":"http:\/\/pavillon-s.com\/en\/wp-json\/wp\/v2\/posts\/227","targetHints":{"allow":["GET"]}}],"collection":[{"href":"http:\/\/pavillon-s.com\/en\/wp-json\/wp\/v2\/posts"}],"about":[{"href":"http:\/\/pavillon-s.com\/en\/wp-json\/wp\/v2\/types\/post"}],"author":[{"embeddable":true,"href":"http:\/\/pavillon-s.com\/en\/wp-json\/wp\/v2\/users\/1"}],"replies":[{"embeddable":true,"href":"http:\/\/pavillon-s.com\/en\/wp-json\/wp\/v2\/comments?post=227"}],"version-history":[{"count":0,"href":"http:\/\/pavillon-s.com\/en\/wp-json\/wp\/v2\/posts\/227\/revisions"}],"wp:featuredmedia":[{"embeddable":true,"href":"http:\/\/pavillon-s.com\/en\/wp-json\/wp\/v2\/media\/520"}],"wp:attachment":[{"href":"http:\/\/pavillon-s.com\/en\/wp-json\/wp\/v2\/media?parent=227"}],"wp:term":[{"taxonomy":"category","embeddable":true,"href":"http:\/\/pavillon-s.com\/en\/wp-json\/wp\/v2\/categories?post=227"},{"taxonomy":"post_tag","embeddable":true,"href":"http:\/\/pavillon-s.com\/en\/wp-json\/wp\/v2\/tags?post=227"}],"curies":[{"name":"wp","href":"https:\/\/api.w.org\/{rel}","templated":true}]}}