{"id":224,"date":"2022-08-19T11:50:08","date_gmt":"2022-08-22T06:59:41","guid":{"rendered":"http:\/\/pavillon-s.com\/?p=224"},"modified":"2024-12-12T15:07:37","modified_gmt":"2024-12-12T14:07:37","slug":"kit-guinguette","status":"publish","type":"post","link":"http:\/\/pavillon-s.com\/en\/kit-guinguette\/","title":{"rendered":"WEI 2022 Kit guinguette Normandie Impressionniste"},"content":{"rendered":"","protected":false},"excerpt":{"rendered":"","protected":false},"author":1,"featured_media":537,"comment_status":"closed","ping_status":"closed","sticky":false,"template":"","format":"standard","meta":[],"categories":[6],"tags":[],"class_list":["post-224","post","type-post","status-publish","has-post-thumbnail","hentry","category-wei-artistes-projects"],"grid":"{\r\n  \"colCount\": 12,\r\n  \"colGutter\": 1,\r\n  \"rowGutters\": [\r\n    2.5,\r\n    2,\r\n    2\r\n  ],\r\n  \"frameMargin\": 5,\r\n  \"leftFrameMargin\": 2.5,\r\n  \"rightFrameMargin\": 5,\r\n  \"topFrameMargin\": 180,\r\n  \"bottomFrameMargin\": 5,\r\n  \"rowAttrs\": [\r\n    {},\r\n    {},\r\n    {},\r\n    {}\r\n  ],\r\n  \"bgColor\": null,\r\n  \"bgImage\": null,\r\n  \"cont\": [\r\n    {\r\n      \"type\": \"text\",\r\n      \"cont\": \"<h1 class=\\\"_menu_home\\\"><a href=\\\"http:\/\/pavillon-s.com\/wei-artistes-projets\/\\\" data-type=\\\"page\\\" data-id=\\\"120\\\" data-title=\\\"wei artistes projects\\\">Wei! \/ artistes projets<\/a><\/h1>\",\r\n      \"align\": \"top\",\r\n      \"row\": 0,\r\n      \"col\": 0,\r\n      \"colspan\": 8,\r\n      \"offsetx\": 0,\r\n      \"offsety\": 0,\r\n      \"spaceabove\": 0,\r\n      \"spacebelow\": 0,\r\n      \"yvel\": 1,\r\n      \"push\": 0,\r\n      \"relid\": 9\r\n    },\r\n    {\r\n      \"type\": \"text\",\r\n      \"cont\": \"<h1 class=\\\"_Titre_spectacle\\\"><span>Kit guinguette Normandie Impressionniste<br \/><\/span><\/h1>\",\r\n      \"align\": \"top\",\r\n      \"row\": 1,\r\n      \"col\": 0,\r\n      \"colspan\": 7,\r\n      \"offsetx\": 0,\r\n      \"offsety\": 0,\r\n      \"spaceabove\": 0,\r\n      \"spacebelow\": 0,\r\n      \"yvel\": 1,\r\n      \"push\": 0,\r\n      \"relid\": 4\r\n    },\r\n    {\r\n      \"type\": \"img\",\r\n      \"cont\": \"\/wp-content\/uploads\/2022\/08\/Kit-guinguette-1.jpg\",\r\n      \"align\": \"top\",\r\n      \"row\": 2,\r\n      \"col\": 0,\r\n      \"colspan\": 8,\r\n      \"offsetx\": 0,\r\n      \"offsety\": 0,\r\n      \"spaceabove\": 0,\r\n      \"spacebelow\": 0,\r\n      \"yvel\": 1,\r\n      \"push\": 0,\r\n      \"relid\": 127,\r\n      \"attid\": 537,\r\n      \"sizes\": {\r\n        \"full\": \"\/wp-content\/uploads\/2022\/08\/Kit-guinguette-1.jpg\",\r\n        \"_1280\": \"\/wp-content\/uploads\/2022\/08\/Kit-guinguette-1-1280x720.jpg\",\r\n        \"_1024\": \"\/wp-content\/uploads\/2022\/08\/Kit-guinguette-1-1024x576.jpg\",\r\n        \"_768\": \"\/wp-content\/uploads\/2022\/08\/Kit-guinguette-1-768x432.jpg\",\r\n        \"_512\": \"\/wp-content\/uploads\/2022\/08\/Kit-guinguette-1-512x288.jpg\",\r\n        \"_265\": \"\/wp-content\/uploads\/2022\/08\/Kit-guinguette-1-265x149.jpg\"\r\n      },\r\n      \"w\": 1476,\r\n      \"h\": 830,\r\n      \"ar\": 0.5623306233062331,\r\n      \"alt\": \"\",\r\n      \"caption\": \"<p class=\\\"_texte_page\\\">\u00a9St\u00e9phane Vo-Dinh<\/p>\"\r\n    },\r\n    {\r\n      \"type\": \"text\",\r\n      \"cont\": \"<p class=\\\"_texte_page\\\"><span style=\\\"color: #1500f6;\\\">Kit guinguette Normandie Impressionniste, Charlotte Vitaioli<br \/><\/span><\/p><p class=\\\"_texte_page\\\">N\u00e9\u00a0d\u2019un d\u00e9sir d'attirer les publics les plus larges et de rendre l\u2019art toujours plus accessible, le kit guinguette\u00a0donne au public des envies de f\u00eates populaires et de raviver l\u2019esprit guinguette en y injectant\u00a0de la cr\u00e9ation contemporaine dans des \u00e9v\u00e9nements festifs.\u00a0Cr\u00e9\u00e9 \u00e0 l'initiative de Normandie Impressionniste, ce kit\u00a0se\u00a0compose d\u2019outils permettant de d\u00e9corer une guinguette avec des \u00e9l\u00e9ments imagin\u00e9s par une\u00a0artiste performeuse Charlotte Vitaioli, rep\u00e9r\u00e9e au Salon de Montrouge, inspir\u00e9e par F\u00e9lix Vallotton et Alex Katz. Cette jeune artiste a cr\u00e9\u00e9 un ensemble pop de grands rideaux imprim\u00e9s, de fanions, de parasols et\u00a0de transats\u00a0dont chacun a pu s\u2019emparer pour cr\u00e9er un espace guinguette.<\/p><p class=\\\"_texte_page\\\"><strong>Samedi 14h-19h, esplanade du Moulin<br \/>Dimanche 11h-13h, 14h-18h, esplanade du Moulin<br \/><\/strong><\/p><p class=\\\"_texte_page\\\"><span style=\\\"color: #1500f6;\\\">Conception<\/span> Charlotte Vitaioli<br \/><span style=\\\"color: #1500f6;\\\">Production<\/span> Normandie Impressionniste <br \/>Normandie Impressionniste est un Groupement d\u2019Int\u00e9r\u00eat Public compos\u00e9 de 35 collectivit\u00e9s locales normandes. Ses neuf membres fondateurs sont la R\u00e9gion Normandie, la M\u00e9tropole Rouen Normandie, le D\u00e9partement de l\u2019Eure, le D\u00e9partement de Seine-Maritime, la Ville de Rouen, la Ville de Caen, la Ville du Havre, Le Havre Seine M\u00e9tropole et la Communaut\u00e9 urbaine Caen la Mer.<\/p><p class=\\\"_texte_page\\\">\u00a0<\/p><p class=\\\"_texte_page\\\">Charlotte Vitaioli a fait ses \u00e9tudes \u00e0 l'\u00c9cole des Beaux-Arts de Quimper et vit actuellement \u00e0 Rennes o\u00f9 elle est n\u00e9e en 1986. Depuis son oeuvre a pu se d\u00e9velopper avec une grande diversit\u00e9 de moyens. L'artiste s'y montre aussi \u00e0 l'aise dans la conception de polyptyques aux formats d\u00e9mesur\u00e9s qu'elle peut user de moyens plus l\u00e9gers dans la r\u00e9alisation d'objets ou de peintures aux dimensions plus modestes.<br \/>En restant int\u00e9ress\u00e9e par la performance qu'elle a pratiqu\u00e9e lors de son cursus, comme elle peut avoir recours aujourd'hui \u00e0 des techniques artisanales pour sa d\u00e9marche artistique, Charlotte Vitaioli saisit tous les moyens d'expression \u00e0 sa disposition et bouscule ainsi les hi\u00e9rarchies convenues entre les beaux-arts, les arts d\u00e9coratifs ou les arts appliqu\u00e9s.<br \/>Ses sources iconographiques vont puiser dans de multiples r\u00e9f\u00e9rences aux mythologies et \u00e0 la culture artistique du XIX\u00e8me si\u00e8cle, auxquelles elle m\u00eale souvent des images plus imm\u00e9diatement contemporaines. Elle pratique les savoir-faire traditionnels pour fabriquer des objets, des vitraux, des peintures sur soie, des c\u00e9ramiques comme des broderies et elle peut tout autant s'investir dans une installation v\u00e9g\u00e9tale ou dans des films vid\u00e9o. La singularit\u00e9 de Charlotte Vitaioli r\u00e9side donc bien dans sa grande capacit\u00e9 \u00e0 composer sans heurt avec les circonstances qui se pr\u00e9sentent \u00e0 elle, cela sans renier son imaginaire et son go\u00fbt pour une histoire des arts convoquant le n\u00e9o-gothique anglais, le Bauhaus allemand ou les arts populaires am\u00e9rindiens, entre autres. Paradoxalement, les disparit\u00e9s techniques autant que visuelles de ses productions finissent par \u00e9laborer un univers personnel empreint de m\u00e9lancolie qui r\u00e9v\u00e8le sa coh\u00e9rence lors de ses accrochages.<br \/>Ses recherches picturales l'ont amen\u00e9e \u00e0 r\u00e9aliser des peintures oniriques et distanc\u00e9es, inspir\u00e9es des estampes japonaises comme des espaces paysagers d'Henri Rivi\u00e8re. On y retrouve dans ses oeuvres cette simplification des paysages qui avait permis de rapprocher dans une exposition en Suisse les tableaux de F\u00e9lix Vallotton et ceux d'Alex Katz. Comme des ic\u00f4nes \u00e9l\u00e9mentaires de paysages st\u00e9r\u00e9otyp\u00e9s, ses peintures, faussement paradisiaques, masquent une secr\u00e8te hantise du temps qui fuit, car sa pratique, usant de la gouache pour simplifier les motifs, vise bien \u00e0 \u00e9voquer les apparences fragiles de ces moments sereins pass\u00e9s \u00e0 contempler la nature.<\/p>\",\r\n      \"align\": \"top\",\r\n      \"row\": 3,\r\n      \"col\": 0,\r\n      \"colspan\": 8,\r\n      \"offsetx\": 0,\r\n      \"offsety\": 0,\r\n      \"spaceabove\": 0,\r\n      \"spacebelow\": 0,\r\n      \"yvel\": 1,\r\n      \"push\": 0,\r\n      \"relid\": 6\r\n    }\r\n  ]\r\n}","phonegrid":"","_links":{"self":[{"href":"http:\/\/pavillon-s.com\/en\/wp-json\/wp\/v2\/posts\/224","targetHints":{"allow":["GET"]}}],"collection":[{"href":"http:\/\/pavillon-s.com\/en\/wp-json\/wp\/v2\/posts"}],"about":[{"href":"http:\/\/pavillon-s.com\/en\/wp-json\/wp\/v2\/types\/post"}],"author":[{"embeddable":true,"href":"http:\/\/pavillon-s.com\/en\/wp-json\/wp\/v2\/users\/1"}],"replies":[{"embeddable":true,"href":"http:\/\/pavillon-s.com\/en\/wp-json\/wp\/v2\/comments?post=224"}],"version-history":[{"count":0,"href":"http:\/\/pavillon-s.com\/en\/wp-json\/wp\/v2\/posts\/224\/revisions"}],"wp:featuredmedia":[{"embeddable":true,"href":"http:\/\/pavillon-s.com\/en\/wp-json\/wp\/v2\/media\/537"}],"wp:attachment":[{"href":"http:\/\/pavillon-s.com\/en\/wp-json\/wp\/v2\/media?parent=224"}],"wp:term":[{"taxonomy":"category","embeddable":true,"href":"http:\/\/pavillon-s.com\/en\/wp-json\/wp\/v2\/categories?post=224"},{"taxonomy":"post_tag","embeddable":true,"href":"http:\/\/pavillon-s.com\/en\/wp-json\/wp\/v2\/tags?post=224"}],"curies":[{"name":"wp","href":"https:\/\/api.w.org\/{rel}","templated":true}]}}