{"id":222,"date":"2022-08-18T17:50:45","date_gmt":"2022-08-22T06:59:41","guid":{"rendered":"http:\/\/pavillon-s.com\/?p=222"},"modified":"2024-12-12T15:09:25","modified_gmt":"2024-12-12T14:09:25","slug":"ateliers","status":"publish","type":"post","link":"http:\/\/pavillon-s.com\/en\/ateliers\/","title":{"rendered":"WEI 2022 Ateliers"},"content":{"rendered":"","protected":false},"excerpt":{"rendered":"","protected":false},"author":1,"featured_media":526,"comment_status":"closed","ping_status":"closed","sticky":false,"template":"","format":"standard","meta":[],"categories":[6],"tags":[],"class_list":["post-222","post","type-post","status-publish","has-post-thumbnail","hentry","category-wei-artistes-projects"],"grid":"{\r\n  \"colCount\": 12,\r\n  \"colGutter\": 1,\r\n  \"rowGutters\": [\r\n    2.5,\r\n    2,\r\n    2\r\n  ],\r\n  \"frameMargin\": 5,\r\n  \"leftFrameMargin\": 2.5,\r\n  \"rightFrameMargin\": 5,\r\n  \"topFrameMargin\": 180,\r\n  \"bottomFrameMargin\": 5,\r\n  \"rowAttrs\": [\r\n    {},\r\n    {},\r\n    {},\r\n    {}\r\n  ],\r\n  \"bgColor\": null,\r\n  \"bgImage\": null,\r\n  \"cont\": [\r\n    {\r\n      \"type\": \"text\",\r\n      \"cont\": \"<h1 class=\\\"_menu_home\\\"><a href=\\\"http:\/\/pavillon-s.com\/wei-artistes-projets\/\\\" data-type=\\\"page\\\" data-id=\\\"120\\\" data-title=\\\"wei artistes projects\\\">Wei! \/ artistes projets<\/a><\/h1>\",\r\n      \"align\": \"top\",\r\n      \"row\": 0,\r\n      \"col\": 0,\r\n      \"colspan\": 8,\r\n      \"offsetx\": 0,\r\n      \"offsety\": 0,\r\n      \"spaceabove\": 0,\r\n      \"spacebelow\": 0,\r\n      \"yvel\": 1,\r\n      \"push\": 0,\r\n      \"relid\": 9\r\n    },\r\n    {\r\n      \"type\": \"text\",\r\n      \"cont\": \"<h1 class=\\\"_Titre_spectacle\\\"><span>Ateliers<\/span><\/h1>\",\r\n      \"align\": \"top\",\r\n      \"row\": 1,\r\n      \"col\": 0,\r\n      \"colspan\": 7,\r\n      \"offsetx\": 0,\r\n      \"offsety\": 0,\r\n      \"spaceabove\": 0,\r\n      \"spacebelow\": 0,\r\n      \"yvel\": 1,\r\n      \"push\": 0,\r\n      \"relid\": 4\r\n    },\r\n    {\r\n      \"type\": \"carousel\",\r\n      \"cont\": \"\",\r\n      \"align\": \"top\",\r\n      \"row\": 2,\r\n      \"col\": 0,\r\n      \"colspan\": 8,\r\n      \"offsetx\": 0,\r\n      \"offsety\": 0,\r\n      \"spaceabove\": 0,\r\n      \"spacebelow\": 0,\r\n      \"yvel\": 1,\r\n      \"push\": 0,\r\n      \"relid\": 5218,\r\n      \"carousel_options\": {\r\n        \"random\": false,\r\n        \"autoplay\": false,\r\n        \"showMultipleSlides\": false,\r\n        \"freeScroll\": false,\r\n        \"mousewheelScroll\": false,\r\n        \"size\": \"aspectRatioOfFirstElement\",\r\n        \"slidesWidth\": \"null\",\r\n        \"transition\": \"sliding\",\r\n        \"loop\": \"1\",\r\n        \"spaceBetween\": 0,\r\n        \"captionsUnderSlides\": false,\r\n        \"fillSlides\": false\r\n      },\r\n      \"carousel\": [\r\n        {\r\n          \"type\": \"img\",\r\n          \"attid\": 526,\r\n          \"cont\": \"\/wp-content\/uploads\/2022\/08\/IMG_20220913_110422497_HDR.png\",\r\n          \"sizes\": {\r\n            \"full\": \"\/wp-content\/uploads\/2022\/08\/IMG_20220913_110422497_HDR.png\",\r\n            \"_512\": \"\/wp-content\/uploads\/2022\/08\/IMG_20220913_110422497_HDR-512x383.png\",\r\n            \"_265\": \"\/wp-content\/uploads\/2022\/08\/IMG_20220913_110422497_HDR-265x198.png\"\r\n          },\r\n          \"w\": 709,\r\n          \"h\": 531,\r\n          \"ar\": 0.7489421720733427,\r\n          \"alt\": \"\",\r\n          \"caption\": \"<p><span style=\\\"font-size: 20px;\\\">\u00a9 St\u00e9phane Vo-Dinh<\/span><\/p>\"\r\n        },\r\n        {\r\n          \"type\": \"img\",\r\n          \"attid\": 549,\r\n          \"cont\": \"\/wp-content\/uploads\/2022\/08\/17092022-AS8A5982_17-septembre-2022_\u00a9Hadrien_Lenoir.jpg\",\r\n          \"sizes\": {\r\n            \"full\": \"\/wp-content\/uploads\/2022\/08\/17092022-AS8A5982_17-septembre-2022_\u00a9Hadrien_Lenoir.jpg\",\r\n            \"_1280\": \"\/wp-content\/uploads\/2022\/08\/17092022-AS8A5982_17-septembre-2022_\u00a9Hadrien_Lenoir-1280x854.jpg\",\r\n            \"_1024\": \"\/wp-content\/uploads\/2022\/08\/17092022-AS8A5982_17-septembre-2022_\u00a9Hadrien_Lenoir-1024x683.jpg\",\r\n            \"_768\": \"\/wp-content\/uploads\/2022\/08\/17092022-AS8A5982_17-septembre-2022_\u00a9Hadrien_Lenoir-768x512.jpg\",\r\n            \"_512\": \"\/wp-content\/uploads\/2022\/08\/17092022-AS8A5982_17-septembre-2022_\u00a9Hadrien_Lenoir-512x341.jpg\",\r\n            \"_265\": \"\/wp-content\/uploads\/2022\/08\/17092022-AS8A5982_17-septembre-2022_\u00a9Hadrien_Lenoir-265x177.jpg\"\r\n          },\r\n          \"w\": 1417,\r\n          \"h\": 945,\r\n          \"ar\": 0.6669019054340155,\r\n          \"alt\": \"\",\r\n          \"caption\": \"<p><span style=\\\"font-size: 20px;\\\">\u00a9 Hadrien Lenoir<\/span><\/p>\"\r\n        },\r\n        {\r\n          \"type\": \"img\",\r\n          \"attid\": 550,\r\n          \"cont\": \"\/wp-content\/uploads\/2022\/08\/1.jpg\",\r\n          \"sizes\": {\r\n            \"full\": \"\/wp-content\/uploads\/2022\/08\/1.jpg\",\r\n            \"_1920\": \"\/wp-content\/uploads\/2022\/08\/1-1920x1081.jpg\",\r\n            \"_1280\": \"\/wp-content\/uploads\/2022\/08\/1-1280x720.jpg\",\r\n            \"_1024\": \"\/wp-content\/uploads\/2022\/08\/1-1024x576.jpg\",\r\n            \"_768\": \"\/wp-content\/uploads\/2022\/08\/1-768x432.jpg\",\r\n            \"_512\": \"\/wp-content\/uploads\/2022\/08\/1-512x288.jpg\",\r\n            \"_265\": \"\/wp-content\/uploads\/2022\/08\/1-265x149.jpg\"\r\n          },\r\n          \"w\": 2125,\r\n          \"h\": 1196,\r\n          \"ar\": 0.5628235294117647,\r\n          \"alt\": \"\",\r\n          \"caption\": \"<p><span style=\\\"font-size: 20px;\\\">\u00a9 St\u00e9phane Vo-Dinh<\/span><\/p>\"\r\n        }\r\n      ]\r\n    },\r\n    {\r\n      \"type\": \"text\",\r\n      \"cont\": \"<p class=\\\"_texte_page\\\"><span style=\\\"color: #1500f6;\\\">Wavetimes<\/span><br \/>d\u00e8s 12 ans<br \/><span style=\\\"color: #1500f6;\\\">avec<\/span> Emmanuelle Vo-Dinh, Cyril Geeroms et\/ou Sabine Macher<br \/><strong>Samedi 11h-13h (jardin du Fruit int\u00e9gral) ou 14h-16h (esplanade du Moulin)<br \/><\/strong><\/p><p class=\\\"_texte_page\\\">Pour participer \u00e0 la Waveparty un atelier de deux heures, appel\u00e9 Wavetime, a \u00e9t\u00e9 propos\u00e9 \u00e0 deux horaires diff\u00e9rents, afin d\u2019apprendre les dix danses de cette transe collective que nous avons perform\u00e9 tous ensemble au coucher du soleil.<\/p><p class=\\\"_texte_page\\\"><br \/><span style=\\\"color: #1500f6;\\\">Le Large en partage<\/span><br \/>enfants de 3 \u00e0 5 ans et parent(s)-accompagnant(s)<br \/><span style=\\\"color: #1500f6;\\\">avec<\/span> Malgven Gerbes<br \/><strong>Dimanche 11h-12h, esplanade du Moulin<\/strong><br \/>\u00a0<br \/>Cet atelier est pens\u00e9 comme un \\\"jardin en mouvement\\\" pour petits et grands.\u00a0<br \/>Il invite \u00e0\u00a0la\u00a0d\u00e9couverte du jeu physique des corps pour les\u00a0enfants,\u00a0dans un\u00a0lien soutenant avec les parents-accompagnants, eux-m\u00eames en mouvement.<br \/>Des exercices ludiques,\u00a0souvent\u00a0en lien avec la danse contact et l\u2019imaginaire sont partag\u00e9s et m\u00e8nent \u00e0 des improvisations en duos ou petits groupes.<br \/>Partant de mouvements simples, nous sommes all\u00e9s jusqu\u2019\u00e0 apprendre \u00e0 plonger, nager et voler dans les bras et dans l\u2019espace,\u00a0afin de d\u00e9couvrir,\u00a0\u00e0 travers nos propres corps,\u00a0de nouvelles sensations de confiance mutuelle et de libert\u00e9.<br \/>\u00a0<br \/>\u00a0<br \/><span style=\\\"color: #1500f6;\\\">Atelier gonfl\u00e9!<\/span><br \/>d\u00e8s 6 ans<br \/><span style=\\\"color: #1500f6;\\\">avec<\/span> Emmanuelle Vo-Dinh<br \/><strong>Dimanche 14h-15h, jardin du Fruit int\u00e9gral<\/strong><br \/>\u00a0<br \/>Qui n\u2019a pas d\u00e9j\u00e0 jou\u00e9 avec les petites bulles d\u2019air des plastiques d\u2019emballage\u00a0?<br \/>Pour cet atelier, il s\u2019agit d\u2019exp\u00e9rimenter des sensations \u00ab\u00a0fortes \u00ab\u00a0\u00e0 partir d\u2019une structure gonflable de l\u2019artiste Hans Walter M\u00fcller, soit un immense tapis qui se gonfle et se d\u00e9gonfle en quelques minutes\u2026.<br \/>Les enfants ont ainsi pu s\u2019amuser avec des jeux de poids du corps in\u00e9dits produits par la mati\u00e8re plastique en mouvement, et observer l\u2019interaction de la surface plastique avec l\u2019air qu\u2019elle contient.<\/p>\",\r\n      \"align\": \"top\",\r\n      \"row\": 3,\r\n      \"col\": 0,\r\n      \"colspan\": 8,\r\n      \"offsetx\": 0,\r\n      \"offsety\": 0,\r\n      \"spaceabove\": 0,\r\n      \"spacebelow\": 0,\r\n      \"yvel\": 1,\r\n      \"push\": 0,\r\n      \"relid\": 6\r\n    }\r\n  ]\r\n}","phonegrid":"","_links":{"self":[{"href":"http:\/\/pavillon-s.com\/en\/wp-json\/wp\/v2\/posts\/222","targetHints":{"allow":["GET"]}}],"collection":[{"href":"http:\/\/pavillon-s.com\/en\/wp-json\/wp\/v2\/posts"}],"about":[{"href":"http:\/\/pavillon-s.com\/en\/wp-json\/wp\/v2\/types\/post"}],"author":[{"embeddable":true,"href":"http:\/\/pavillon-s.com\/en\/wp-json\/wp\/v2\/users\/1"}],"replies":[{"embeddable":true,"href":"http:\/\/pavillon-s.com\/en\/wp-json\/wp\/v2\/comments?post=222"}],"version-history":[{"count":0,"href":"http:\/\/pavillon-s.com\/en\/wp-json\/wp\/v2\/posts\/222\/revisions"}],"wp:featuredmedia":[{"embeddable":true,"href":"http:\/\/pavillon-s.com\/en\/wp-json\/wp\/v2\/media\/526"}],"wp:attachment":[{"href":"http:\/\/pavillon-s.com\/en\/wp-json\/wp\/v2\/media?parent=222"}],"wp:term":[{"taxonomy":"category","embeddable":true,"href":"http:\/\/pavillon-s.com\/en\/wp-json\/wp\/v2\/categories?post=222"},{"taxonomy":"post_tag","embeddable":true,"href":"http:\/\/pavillon-s.com\/en\/wp-json\/wp\/v2\/tags?post=222"}],"curies":[{"name":"wp","href":"https:\/\/api.w.org\/{rel}","templated":true}]}}