{"id":213,"date":"2022-08-18T16:20:27","date_gmt":"2022-08-22T06:59:41","guid":{"rendered":"http:\/\/pavillon-s.com\/?p=213"},"modified":"2024-12-12T14:57:28","modified_gmt":"2024-12-12T13:57:28","slug":"juliette-dessert","status":"publish","type":"post","link":"http:\/\/pavillon-s.com\/en\/juliette-dessert\/","title":{"rendered":"WEI 2023 Juliette Dessert Balade ethnobotanique"},"content":{"rendered":"","protected":false},"excerpt":{"rendered":"","protected":false},"author":1,"featured_media":529,"comment_status":"closed","ping_status":"closed","sticky":false,"template":"","format":"standard","meta":[],"categories":[6],"tags":[],"class_list":["post-213","post","type-post","status-publish","has-post-thumbnail","hentry","category-wei-artistes-projects"],"grid":"{\r\n  \"colCount\": 12,\r\n  \"colGutter\": 1,\r\n  \"rowGutters\": [\r\n    2.5,\r\n    2,\r\n    2\r\n  ],\r\n  \"frameMargin\": 5,\r\n  \"leftFrameMargin\": 2.5,\r\n  \"rightFrameMargin\": 5,\r\n  \"topFrameMargin\": 180,\r\n  \"bottomFrameMargin\": 5,\r\n  \"rowAttrs\": [\r\n    {},\r\n    {},\r\n    {},\r\n    {}\r\n  ],\r\n  \"bgColor\": null,\r\n  \"bgImage\": null,\r\n  \"cont\": [\r\n    {\r\n      \"type\": \"text\",\r\n      \"cont\": \"<h1 class=\\\"_menu_home\\\"><a href=\\\"http:\/\/pavillon-s.com\/wei-artistes-projets\/\\\" data-type=\\\"page\\\" data-id=\\\"120\\\" data-title=\\\"wei artistes projects\\\">Wei! \/ artistes projets<\/a><\/h1>\",\r\n      \"align\": \"top\",\r\n      \"row\": 0,\r\n      \"col\": 0,\r\n      \"colspan\": 8,\r\n      \"offsetx\": 0,\r\n      \"offsety\": 0,\r\n      \"spaceabove\": 0,\r\n      \"spacebelow\": 0,\r\n      \"yvel\": 1,\r\n      \"push\": 0,\r\n      \"relid\": 9\r\n    },\r\n    {\r\n      \"type\": \"text\",\r\n      \"cont\": \"<h1 class=\\\"_Titre_spectacle\\\"><span>Juliette Dessert<\/span><\/h1>\",\r\n      \"align\": \"top\",\r\n      \"row\": 1,\r\n      \"col\": 0,\r\n      \"colspan\": 7,\r\n      \"offsetx\": 0,\r\n      \"offsety\": 0,\r\n      \"spaceabove\": 0,\r\n      \"spacebelow\": 0,\r\n      \"yvel\": 1,\r\n      \"push\": 0,\r\n      \"relid\": 4\r\n    },\r\n    {\r\n      \"type\": \"img\",\r\n      \"cont\": \"\/wp-content\/uploads\/2022\/08\/L1050414-1.jpg\",\r\n      \"align\": \"top\",\r\n      \"row\": 2,\r\n      \"col\": 0,\r\n      \"colspan\": 8,\r\n      \"offsetx\": 0,\r\n      \"offsety\": 0,\r\n      \"spaceabove\": 0,\r\n      \"spacebelow\": 0,\r\n      \"yvel\": 1,\r\n      \"push\": 0,\r\n      \"relid\": 127,\r\n      \"attid\": 529,\r\n      \"sizes\": {\r\n        \"full\": \"\/wp-content\/uploads\/2022\/08\/L1050414-1.jpg\",\r\n        \"_1280\": \"\/wp-content\/uploads\/2022\/08\/L1050414-1-1280x719.jpg\",\r\n        \"_1024\": \"\/wp-content\/uploads\/2022\/08\/L1050414-1-1024x575.jpg\",\r\n        \"_768\": \"\/wp-content\/uploads\/2022\/08\/L1050414-1-768x432.jpg\",\r\n        \"_512\": \"\/wp-content\/uploads\/2022\/08\/L1050414-1-512x288.jpg\",\r\n        \"_265\": \"\/wp-content\/uploads\/2022\/08\/L1050414-1-265x149.jpg\"\r\n      },\r\n      \"w\": 1575,\r\n      \"h\": 885,\r\n      \"ar\": 0.5619047619047619,\r\n      \"alt\": \"\",\r\n      \"caption\": \"<p class=\\\"_texte_page\\\">\u00a9 St\u00e9phane Vo-Dinh<\/p>\"\r\n    },\r\n    {\r\n      \"type\": \"text\",\r\n      \"cont\": \"<p class=\\\"_texte_page\\\"><span style=\\\"color: #1500f6;\\\">Balade ethnobotanique<br \/><\/span><\/p><p class=\\\"_texte_page\\\">Les plantes vagabondes des marais et bords de rivi\u00e8re sont nos compagnes depuis la nuit des temps.\u00a0<br \/>Elles font partie de notre patrimoine naturel, elles sont riches de pouvoirs et de bienfaits et pourtant nous les avons oubli\u00e9es !<br \/>Juliette Dessert a propos\u00e9 aux visiteurs de se retrouver le temps d\u2019une balade afin d'explorer le parc du Moulin d'And\u00e9.\u00a0<\/p><p class=\\\"_texte_page\\\">Samedi \u00e0 14h, parc du Moulin<br \/>Dimanche \u00e0 11h et 15h, parc du Moulin<strong><\/strong><\/p><p class=\\\"_texte_page\\\"><span style=\\\"color: #1500f6;\\\">Conception<\/span> Juliette Dessert<br \/><span style=\\\"color: #1500f6;\\\">Dur\u00e9e<\/span> 45 min<\/p><p class=\\\"_texte_page\\\">Dipl\u00f4m\u00e9e de l\u2019\u00c9cole Nationale Sup\u00e9rieure d\u2019Architecture de Saint-\u00c9tienne en 1989 puis apr\u00e8s l\u2019obtention d\u2019un certificat post-dipl\u00f4me en paysage en 1990, Juliette Dessert s\u2019installe en exercice lib\u00e9ral en tant qu\u2019architecte DPLG et paysagiste.<br \/>Apr\u00e8s avoir exerc\u00e9 de nombreuses ann\u00e9es en tant qu\u2019architecte conseil et chef de projet au sein des CAUE de l\u2019Eure, d\u2019Eure et Loir et de l\u2019Orne, elle a particip\u00e9 \u00e0 la cr\u00e9ation de \u00ab fiches architecturales du Pays d\u2019Ouche \u00bb et \u00e0 l\u2019ouvrage \u00ab la brique c\u2019est chic \u00bb pour la sensibilisation au patrimoine d\u2019architecture vernaculaire. Elle a par la suite cr\u00e9\u00e9 l\u2019EURL Double Esquisse en 2019 qui lui permet de s\u2019engager dans la cr\u00e9ation projets de r\u00e9habilitation d\u2019architecture et de paysage, principalement en milieu rural.<br \/>Dans son travail, elle applique et pr\u00f4ne des valeurs environnementales et patrimoniales fortes qui se traduisent aussi dans son engagement associatif important (MAN, ALEC27, ARPE NORMANDIE, MAISONS PAYSANNES, MANIFESTE POUR UNE FRUGALIT\u00c9 HEUREUSE\u2026).<br \/>Elle est elle-m\u00eame co-fondatrice de l\u2019association \u00ab La Reine des Pr\u00e9s Baignants \u00bb, situ\u00e9e au coeur de la vall\u00e9e de la Charentonne \u00e0 Bernay. L\u2019objectif est de valoriser et pr\u00e9server les prairies humides du Val de la Couture. Remarquables pour leur histoire, elles sont aussi class\u00e9es Natura2000 et Espaces Naturels Sensibles pour la qualit\u00e9 de leur biodiversit\u00e9 faunistique et floristique.<br \/>Juliette Dessert a une \u00e9ternelle curiosit\u00e9 qu\u2019elle aime pouvoir transmettre. Elle est intervenue \u00e0 plusieurs reprises en milieux scolaires, enseigne aupr\u00e8s de BTS immobilier et organise des visites pour sensibiliser toutes les g\u00e9n\u00e9rations \u00e0 l\u2019importance de la pr\u00e9servation du patrimoine architectural et paysager.<\/p>\",\r\n      \"align\": \"top\",\r\n      \"row\": 3,\r\n      \"col\": 0,\r\n      \"colspan\": 8,\r\n      \"offsetx\": 0,\r\n      \"offsety\": 0,\r\n      \"spaceabove\": 0,\r\n      \"spacebelow\": 0,\r\n      \"yvel\": 1,\r\n      \"push\": 0,\r\n      \"relid\": 6\r\n    }\r\n  ]\r\n}","phonegrid":"","_links":{"self":[{"href":"http:\/\/pavillon-s.com\/en\/wp-json\/wp\/v2\/posts\/213","targetHints":{"allow":["GET"]}}],"collection":[{"href":"http:\/\/pavillon-s.com\/en\/wp-json\/wp\/v2\/posts"}],"about":[{"href":"http:\/\/pavillon-s.com\/en\/wp-json\/wp\/v2\/types\/post"}],"author":[{"embeddable":true,"href":"http:\/\/pavillon-s.com\/en\/wp-json\/wp\/v2\/users\/1"}],"replies":[{"embeddable":true,"href":"http:\/\/pavillon-s.com\/en\/wp-json\/wp\/v2\/comments?post=213"}],"version-history":[{"count":0,"href":"http:\/\/pavillon-s.com\/en\/wp-json\/wp\/v2\/posts\/213\/revisions"}],"wp:featuredmedia":[{"embeddable":true,"href":"http:\/\/pavillon-s.com\/en\/wp-json\/wp\/v2\/media\/529"}],"wp:attachment":[{"href":"http:\/\/pavillon-s.com\/en\/wp-json\/wp\/v2\/media?parent=213"}],"wp:term":[{"taxonomy":"category","embeddable":true,"href":"http:\/\/pavillon-s.com\/en\/wp-json\/wp\/v2\/categories?post=213"},{"taxonomy":"post_tag","embeddable":true,"href":"http:\/\/pavillon-s.com\/en\/wp-json\/wp\/v2\/tags?post=213"}],"curies":[{"name":"wp","href":"https:\/\/api.w.org\/{rel}","templated":true}]}}