{"id":1290,"date":"2025-06-04T15:36:50","date_gmt":"2022-08-22T06:59:41","guid":{"rendered":"https:\/\/pavillon-s.com\/paysages-sonores-2\/"},"modified":"2025-07-23T15:14:08","modified_gmt":"2025-07-23T13:14:08","slug":"courts-metrage-danse-paysages","status":"publish","type":"post","link":"http:\/\/pavillon-s.com\/en\/courts-metrage-danse-paysages\/","title":{"rendered":"Wei 2025 Courts-m\u00e9trages danse et paysages"},"content":{"rendered":"","protected":false},"excerpt":{"rendered":"","protected":false},"author":1,"featured_media":1307,"comment_status":"closed","ping_status":"closed","sticky":false,"template":"","format":"standard","meta":[],"categories":[6],"tags":[],"class_list":["post-1290","post","type-post","status-publish","has-post-thumbnail","hentry","category-wei-artistes-projects"],"grid":"{\r\n  \"colCount\": 12,\r\n  \"colGutter\": 1,\r\n  \"rowGutters\": [\r\n    2.5,\r\n    2,\r\n    2,\r\n    1\r\n  ],\r\n  \"frameMargin\": 5,\r\n  \"leftFrameMargin\": 2.5,\r\n  \"rightFrameMargin\": 5,\r\n  \"topFrameMargin\": 180,\r\n  \"bottomFrameMargin\": 5,\r\n  \"rowAttrs\": [\r\n    {},\r\n    {},\r\n    {},\r\n    {},\r\n    {}\r\n  ],\r\n  \"bgColor\": null,\r\n  \"bgImage\": null,\r\n  \"cont\": [\r\n    {\r\n      \"type\": \"text\",\r\n      \"cont\": \"<h1 class=\\\"_menu_home\\\"><a href=\\\"https:\/\/pavillon-s.com\/wei-artistes-projets-2025\/\\\">Wei! \/ artistes projets<\/a><\/h1>\",\r\n      \"align\": \"top\",\r\n      \"row\": 0,\r\n      \"col\": 0,\r\n      \"colspan\": 8,\r\n      \"offsetx\": 0,\r\n      \"offsety\": 0,\r\n      \"spaceabove\": 0,\r\n      \"spacebelow\": 0,\r\n      \"yvel\": 1,\r\n      \"push\": 0,\r\n      \"relid\": 9\r\n    },\r\n    {\r\n      \"type\": \"text\",\r\n      \"cont\": \"<h1 class=\\\"_Titre_spectacle\\\"><span>Ashley Chen \/ Emmanuelle Vo-Dinh<br \/><\/span><\/h1>\",\r\n      \"align\": \"top\",\r\n      \"row\": 1,\r\n      \"col\": 0,\r\n      \"colspan\": 7,\r\n      \"offsetx\": 0,\r\n      \"offsety\": 0,\r\n      \"spaceabove\": 0,\r\n      \"spacebelow\": 0,\r\n      \"yvel\": 1,\r\n      \"push\": 0,\r\n      \"relid\": 4\r\n    },\r\n    {\r\n      \"type\": \"carousel\",\r\n      \"cont\": \"\",\r\n      \"align\": \"top\",\r\n      \"row\": 2,\r\n      \"col\": 0,\r\n      \"colspan\": 5,\r\n      \"offsetx\": 0,\r\n      \"offsety\": 0,\r\n      \"spaceabove\": 0,\r\n      \"spacebelow\": 0,\r\n      \"yvel\": 1,\r\n      \"push\": 0,\r\n      \"relid\": 1214,\r\n      \"carousel_options\": {\r\n        \"random\": false,\r\n        \"autoplay\": true,\r\n        \"showMultipleSlides\": false,\r\n        \"freeScroll\": false,\r\n        \"mousewheelScroll\": false,\r\n        \"size\": \"aspectRatioOfFirstElement\",\r\n        \"slidesWidth\": \"null\",\r\n        \"transition\": \"sliding\",\r\n        \"loop\": \"1\",\r\n        \"spaceBetween\": 0,\r\n        \"captionsUnderSlides\": false,\r\n        \"disableClick\": false\r\n      },\r\n      \"carousel\": [\r\n        {\r\n          \"type\": \"img\",\r\n          \"attid\": 1306,\r\n          \"cont\": \"http:\/\/pavillon-s.com\/wp-content\/uploads\/2025\/06\/EmmanuelleVoDinh-Projectiondanse@LaureDelamotte-Legrand-2.jpeg\",\r\n          \"sizes\": {\r\n            \"full\": \"http:\/\/pavillon-s.com\/wp-content\/uploads\/2025\/06\/EmmanuelleVoDinh-Projectiondanse@LaureDelamotte-Legrand-2.jpeg\",\r\n            \"_768\": \"http:\/\/pavillon-s.com\/wp-content\/uploads\/2025\/06\/EmmanuelleVoDinh-Projectiondanse@LaureDelamotte-Legrand-2-768x768.jpeg\",\r\n            \"_512\": \"http:\/\/pavillon-s.com\/wp-content\/uploads\/2025\/06\/EmmanuelleVoDinh-Projectiondanse@LaureDelamotte-Legrand-2-512x512.jpeg\",\r\n            \"_265\": \"http:\/\/pavillon-s.com\/wp-content\/uploads\/2025\/06\/EmmanuelleVoDinh-Projectiondanse@LaureDelamotte-Legrand-2-265x265.jpeg\"\r\n          },\r\n          \"w\": 960,\r\n          \"h\": 960,\r\n          \"ar\": 1,\r\n          \"alt\": \"\",\r\n          \"caption\": \"<p class=\\\"_texte_page\\\">\u00a9 Laure Delamotte-Legrand<\/p>\"\r\n        },\r\n        {\r\n          \"type\": \"img\",\r\n          \"attid\": 1316,\r\n          \"cont\": \"http:\/\/pavillon-s.com\/wp-content\/uploads\/2025\/06\/OutSide-FLow-@PeterSteven.jpg\",\r\n          \"sizes\": {\r\n            \"full\": \"http:\/\/pavillon-s.com\/wp-content\/uploads\/2025\/06\/OutSide-FLow-@PeterSteven.jpg\",\r\n            \"_1920\": \"http:\/\/pavillon-s.com\/wp-content\/uploads\/2025\/06\/OutSide-FLow-@PeterSteven-1920x1200.jpg\",\r\n            \"_1280\": \"http:\/\/pavillon-s.com\/wp-content\/uploads\/2025\/06\/OutSide-FLow-@PeterSteven-1280x800.jpg\",\r\n            \"_1024\": \"http:\/\/pavillon-s.com\/wp-content\/uploads\/2025\/06\/OutSide-FLow-@PeterSteven-1024x640.jpg\",\r\n            \"_768\": \"http:\/\/pavillon-s.com\/wp-content\/uploads\/2025\/06\/OutSide-FLow-@PeterSteven-768x480.jpg\",\r\n            \"_512\": \"http:\/\/pavillon-s.com\/wp-content\/uploads\/2025\/06\/OutSide-FLow-@PeterSteven-512x320.jpg\",\r\n            \"_265\": \"http:\/\/pavillon-s.com\/wp-content\/uploads\/2025\/06\/OutSide-FLow-@PeterSteven-265x166.jpg\"\r\n          },\r\n          \"w\": 2560,\r\n          \"h\": 1600,\r\n          \"ar\": 0.625,\r\n          \"alt\": \"\",\r\n          \"caption\": \"<p class=\\\"_texte_page\\\">\u00a9 Peter Steven<\/p>\"\r\n        },\r\n        {\r\n          \"type\": \"img\",\r\n          \"attid\": 1307,\r\n          \"cont\": \"http:\/\/pavillon-s.com\/wp-content\/uploads\/2025\/06\/EmmanuelleVoDinh-Projectiondanse@LaureDelamotte-Legrand.jpeg\",\r\n          \"sizes\": {\r\n            \"full\": \"http:\/\/pavillon-s.com\/wp-content\/uploads\/2025\/06\/EmmanuelleVoDinh-Projectiondanse@LaureDelamotte-Legrand.jpeg\",\r\n            \"_768\": \"http:\/\/pavillon-s.com\/wp-content\/uploads\/2025\/06\/EmmanuelleVoDinh-Projectiondanse@LaureDelamotte-Legrand-768x768.jpeg\",\r\n            \"_512\": \"http:\/\/pavillon-s.com\/wp-content\/uploads\/2025\/06\/EmmanuelleVoDinh-Projectiondanse@LaureDelamotte-Legrand-512x512.jpeg\",\r\n            \"_265\": \"http:\/\/pavillon-s.com\/wp-content\/uploads\/2025\/06\/EmmanuelleVoDinh-Projectiondanse@LaureDelamotte-Legrand-265x265.jpeg\"\r\n          },\r\n          \"w\": 960,\r\n          \"h\": 960,\r\n          \"ar\": 1,\r\n          \"alt\": \"\",\r\n          \"caption\": \"<p class=\\\"_texte_page\\\">\u00a9 Laure Delamotte-Legrand<\/p>\"\r\n        },\r\n        {\r\n          \"type\": \"img\",\r\n          \"attid\": 1315,\r\n          \"cont\": \"http:\/\/pavillon-s.com\/wp-content\/uploads\/2025\/06\/OutSide-FLow-@PeterSteven-2.jpg\",\r\n          \"sizes\": {\r\n            \"full\": \"http:\/\/pavillon-s.com\/wp-content\/uploads\/2025\/06\/OutSide-FLow-@PeterSteven-2.jpg\",\r\n            \"_768\": \"http:\/\/pavillon-s.com\/wp-content\/uploads\/2025\/06\/OutSide-FLow-@PeterSteven-2-768x355.jpg\",\r\n            \"_512\": \"http:\/\/pavillon-s.com\/wp-content\/uploads\/2025\/06\/OutSide-FLow-@PeterSteven-2-512x237.jpg\",\r\n            \"_265\": \"http:\/\/pavillon-s.com\/wp-content\/uploads\/2025\/06\/OutSide-FLow-@PeterSteven-2-265x122.jpg\"\r\n          },\r\n          \"w\": 1024,\r\n          \"h\": 473,\r\n          \"ar\": 0.4619140625,\r\n          \"alt\": \"\",\r\n          \"caption\": \"<p class=\\\"_texte_page\\\">\u00a9 Peter Steven<\/p>\"\r\n        }\r\n      ],\r\n      \"frameOverflow\": \"\"\r\n    },\r\n    {\r\n      \"type\": \"text\",\r\n      \"cont\": \"<p class=\\\"_texte_page\\\"><span style=\\\"color: #1500f6;\\\"><strong>Courts-m\u00e9trages danse et paysages - cin\u00e9ma<br \/><\/strong><\/span><span style=\\\"font-size: 15px;\\\">70mn<\/span><\/p><p class=\\\"_texte_page\\\"><span style=\\\"color: #0000ff;\\\">OutSide Flow<br \/><span style=\\\"color: #000000;\\\">Outside Flow est une installation immersive visant \u00e0 explorer les corr\u00e9lations entre <\/span><span style=\\\"color: #000000;\\\">gestes humains, les mouvements grandioses dans lequel nous \u00e9voluons et la <\/span><span style=\\\"color: #000000;\\\">perspective de la cam\u00e9ra conceptualis\u00e9 par Ashley Chen et Peter Steven. En <\/span><span style=\\\"color: #000000;\\\">collaboration avec le compositeur Pierre Le bourgeois, le plasticien Nicholas Vargelis <\/span><span style=\\\"color: #000000;\\\">et le musicien\/percussionniste\/batteur Arthur Vonfelt, ils cherchent \u00e0 plonger le <\/span><span style=\\\"color: #000000;\\\">spectateur dans une exp\u00e9rience singuli\u00e8re bas\u00e9e sur la spatialisation des mediums <\/span><span style=\\\"color: #000000;\\\">utilis\u00e9s: un film projet\u00e9 sur trois \u00e9crans, une chor\u00e9graphie, une bande sonore associ\u00e9e <\/span><span style=\\\"color: #000000;\\\">et une installation lumineuse.<\/span><br \/><span style=\\\"color: #000000;\\\">L'ensemble du dispositif a pour objectif d'immerger le visiteur dans univers de <\/span><span style=\\\"color: #000000;\\\">contrastes et d\u2019\u00e9chelles de mouvements, une danse universelle d'un monde <\/span><span style=\\\"color: #000000;\\\">nouveau.<\/span> <br \/><\/span><\/p><p class=\\\"_texte_page\\\"><span style=\\\"color: #0000ff;\\\">EVERSO<\/span><br \/>Trois femmes sur un balcon oscillent entre attente et \u00e9trange rituel chor\u00e9graphique, lequel vient jouer du renversement, tant dans l\u2019image en miroir int\u00e9grant le cadre, que de la fronti\u00e8re op\u00e9rant entre int\u00e9rieur et ext\u00e9rieur.<br \/>Dans l\u2019espace entre-deux de ce balcon aux architectures en mouvement, EVERSO propose un voyage pictural et sensoriel\u2026 \u00e0 sa fen\u00eatre.<\/p><p class=\\\"_texte_page\\\"><span style=\\\"letter-spacing: 0.01em; text-indent: 0em;\\\"><span style=\\\"color: #0000ff;\\\">MIRARI<\/span><br \/>Des formes organiques et vivantes s\u2019\u00e9l\u00e8vent doucement pour laisser appara\u00eetre trois femmes assises dans l'encadrement d\u2019une chemin\u00e9e. Elles offrent \u00e0 travers l\u2019unique pr\u00e9sence de leur dos, un \u00ab paysage \u00bb changeant aux multiples \u00e9vocations\u2026. un monde \u00e0 la fois v\u00e9g\u00e9tal, animal, et min\u00e9ral.\u00a0<\/span><\/p><div><div id=\\\"x_comp-ltd588652\\\" data-testid=\\\"richTextElement\\\"><p class=\\\"_texte_page\\\"><br \/>MIRARI\u00a0 et \u00a0EVERSO\u00a0\u00a0inaugurent un cycle filmique, ARCANES collection de courts-m\u00e9trages, proposant diff\u00e9rents opus\u00a0qui int\u00e8grent la question du paysage et de son rapport au cadre.<\/p><\/div><\/div><p class=\\\"_texte_page\\\"><strong><\/strong><strong>Dimanche 21 septembre \u00e0 14h - 18h40 (en boucle), th\u00e9\u00e2tre du moulin<\/strong><\/p>\",\r\n      \"align\": \"top\",\r\n      \"row\": 3,\r\n      \"col\": 0,\r\n      \"colspan\": 9,\r\n      \"offsetx\": 0,\r\n      \"offsety\": 0,\r\n      \"spaceabove\": 0,\r\n      \"spacebelow\": 0,\r\n      \"yvel\": 1,\r\n      \"push\": 0,\r\n      \"relid\": 6,\r\n      \"frameOverflow\": \"\"\r\n    },\r\n    {\r\n      \"type\": \"text\",\r\n      \"cont\": \"<p class=\\\"_texte_page\\\"><strong>OutSide Flow<\/strong><br \/>dur\u00e9e 27 minutes \/ conception Ashley Chen \/ chor\u00e9graphie et interpr\u00e9tation\u00a0Ashley Chen, Andrea Moufounda, Mai Ishiwata \/ vid\u00e9o et montage\u00a0Peter Steven \/ atmosph\u00e8re sonore Pierre Le Bourgeois \/ sc\u00e9nographie et dispositif lumineux Nicholas Vargelis \/ production\u00a0Compagnie Kashyl \/ production ex\u00e9cutive\u00a0Martin Geisler - Karus \/ productions et suivi de projet, communication et d\u00e9veloppement\u00a0Marie-Pierre Bourdier - Collectif Overjoyed<\/p><p class=\\\"_texte_page\\\"><strong>EVERSO<\/strong><br \/>dur\u00e9e 25 minutes \/ r\u00e9alisation Emmanuelle Vo-Dinh \/ cheffe op\u00e9ratrice et montage Laure Delamotte-Legrand \/ musique Olyphant \/ lumi\u00e8re Max Sautai \/ \u00e9criture du mouvement et interpr\u00e9tation Violette Ang\u00e9, Alexia Bigot, Emmanuelle Vo-Dinh \u00a0\/ avec la participation de Miku \/ costumes Emmanuelle Vo-Dinh \/ direction de production Solenne Racap\u00e9 \/ production Pavillon-s \/ coproduction Le Phare CCN du Havre Normandie, Dieppe Sc\u00e8ne Nationale, Centre chor\u00e9graphique national de Rillieux-la-Pape \u2013 direction Yuval Pick. \/ avec le soutien de l\u2019Onda, office national de diffusion artistique dans le cadre du dispositif \u00c9cran vivant<\/p><p class=\\\"_texte_page\\\"><strong>MIRARI<\/strong><br \/>dur\u00e9e 15 minutes \/ r\u00e9alisation Emmanuelle Vo-Dinh \u00a0\/ cheffe op\u00e9ratrice et montage Laure Delamotte-Legrand \/ musique Olyphant \u00a0\/ lumi\u00e8re Max Sautai\/ \u00e9criture du mouvement et interpr\u00e9tation Violette Ang\u00e9, Alexia Bigot, Emmanuelle Vo-Dinh \/ costumes Emmanuelle Vo-Dinh \/ direction de production Solenne Racap\u00e9 \/ production Pavillon-s \/ coproduction Le Phare CCN du Havre Normandie, Dieppe Sc\u00e8ne Nationale, Centre chor\u00e9graphique national de Rillieux-la-Pape \u2013 direction Yuval Pick \/ avec le soutien de l\u2019Onda, office national de diffusion artistique dans le cadre du dispositif \u00c9cran vivant <\/p>\",\r\n      \"align\": \"top\",\r\n      \"row\": 4,\r\n      \"col\": 0,\r\n      \"colspan\": 9,\r\n      \"offsetx\": 0,\r\n      \"offsety\": 0,\r\n      \"spaceabove\": 0,\r\n      \"spacebelow\": 0,\r\n      \"yvel\": 1,\r\n      \"push\": 0,\r\n      \"relid\": 5,\r\n      \"frameOverflow\": \"\"\r\n    }\r\n  ]\r\n}","phonegrid":"{\r\n  \"colCount\": 12,\r\n  \"colGutter\": 1,\r\n  \"rowGutters\": [\r\n    5,\r\n    5,\r\n    5,\r\n    5\r\n  ],\r\n  \"frameMargin\": 5,\r\n  \"leftFrameMargin\": 5,\r\n  \"rightFrameMargin\": 5,\r\n  \"topFrameMargin\": 15,\r\n  \"bottomFrameMargin\": 5,\r\n  \"rowAttrs\": [\r\n    {},\r\n    {},\r\n    {},\r\n    {},\r\n    {}\r\n  ],\r\n  \"bgColor\": null,\r\n  \"bgImage\": null,\r\n  \"cont\": [\r\n    {\r\n      \"type\": \"text\",\r\n      \"cont\": \"<h1 class=\\\"_menu_home\\\"><a href=\\\"https:\/\/pavillon-s.com\/wei-artistes-projets-2025\/\\\">Wei! \/ artistes projets<\/a><\/h1>\",\r\n      \"align\": \"top\",\r\n      \"row\": 0,\r\n      \"col\": 0,\r\n      \"colspan\": 12,\r\n      \"offsetx\": 0,\r\n      \"offsety\": 0,\r\n      \"spaceabove\": 0,\r\n      \"spacebelow\": 0,\r\n      \"yvel\": 1,\r\n      \"push\": 0,\r\n      \"relid\": 9,\r\n      \"frameOverflow\": \"\"\r\n    },\r\n    {\r\n      \"type\": \"text\",\r\n      \"cont\": \"<h1 class=\\\"_Titre_spectacle\\\"><span>Ashley Chen \/ Emmanuelle Vo-Dinh<br \/><\/span><\/h1>\",\r\n      \"align\": \"top\",\r\n      \"row\": 1,\r\n      \"col\": 0,\r\n      \"colspan\": 12,\r\n      \"offsetx\": 0,\r\n      \"offsety\": 0,\r\n      \"spaceabove\": 0,\r\n      \"spacebelow\": 0,\r\n      \"yvel\": 1,\r\n      \"push\": 0,\r\n      \"relid\": 4,\r\n      \"frameOverflow\": \"\"\r\n    },\r\n    {\r\n      \"type\": \"carousel\",\r\n      \"cont\": \"\",\r\n      \"align\": \"top\",\r\n      \"row\": 2,\r\n      \"col\": 0,\r\n      \"colspan\": 6,\r\n      \"offsetx\": 0,\r\n      \"offsety\": 0,\r\n      \"spaceabove\": 0,\r\n      \"spacebelow\": 0,\r\n      \"yvel\": 1,\r\n      \"push\": 0,\r\n      \"relid\": 1214,\r\n      \"carousel_options\": {\r\n        \"random\": false,\r\n        \"autoplay\": true,\r\n        \"showMultipleSlides\": false,\r\n        \"freeScroll\": false,\r\n        \"mousewheelScroll\": false,\r\n        \"size\": \"aspectRatioOfFirstElement\",\r\n        \"slidesWidth\": \"null\",\r\n        \"transition\": \"sliding\",\r\n        \"loop\": \"1\",\r\n        \"spaceBetween\": 0,\r\n        \"captionsUnderSlides\": false,\r\n        \"disableClick\": false\r\n      },\r\n      \"carousel\": [\r\n        {\r\n          \"type\": \"img\",\r\n          \"attid\": 1306,\r\n          \"cont\": \"http:\/\/pavillon-s.com\/wp-content\/uploads\/2025\/06\/EmmanuelleVoDinh-Projectiondanse@LaureDelamotte-Legrand-2.jpeg\",\r\n          \"sizes\": {\r\n            \"full\": \"http:\/\/pavillon-s.com\/wp-content\/uploads\/2025\/06\/EmmanuelleVoDinh-Projectiondanse@LaureDelamotte-Legrand-2.jpeg\",\r\n            \"_768\": \"http:\/\/pavillon-s.com\/wp-content\/uploads\/2025\/06\/EmmanuelleVoDinh-Projectiondanse@LaureDelamotte-Legrand-2-768x768.jpeg\",\r\n            \"_512\": \"http:\/\/pavillon-s.com\/wp-content\/uploads\/2025\/06\/EmmanuelleVoDinh-Projectiondanse@LaureDelamotte-Legrand-2-512x512.jpeg\",\r\n            \"_265\": \"http:\/\/pavillon-s.com\/wp-content\/uploads\/2025\/06\/EmmanuelleVoDinh-Projectiondanse@LaureDelamotte-Legrand-2-265x265.jpeg\"\r\n          },\r\n          \"w\": 960,\r\n          \"h\": 960,\r\n          \"ar\": 1,\r\n          \"alt\": \"\",\r\n          \"caption\": \"<p class=\\\"_texte_page\\\">\u00a9 Laure Delamotte-Legrand<\/p>\"\r\n        },\r\n        {\r\n          \"type\": \"img\",\r\n          \"attid\": 1316,\r\n          \"cont\": \"http:\/\/pavillon-s.com\/wp-content\/uploads\/2025\/06\/OutSide-FLow-@PeterSteven.jpg\",\r\n          \"sizes\": {\r\n            \"full\": \"http:\/\/pavillon-s.com\/wp-content\/uploads\/2025\/06\/OutSide-FLow-@PeterSteven.jpg\",\r\n            \"_1920\": \"http:\/\/pavillon-s.com\/wp-content\/uploads\/2025\/06\/OutSide-FLow-@PeterSteven-1920x1200.jpg\",\r\n            \"_1280\": \"http:\/\/pavillon-s.com\/wp-content\/uploads\/2025\/06\/OutSide-FLow-@PeterSteven-1280x800.jpg\",\r\n            \"_1024\": \"http:\/\/pavillon-s.com\/wp-content\/uploads\/2025\/06\/OutSide-FLow-@PeterSteven-1024x640.jpg\",\r\n            \"_768\": \"http:\/\/pavillon-s.com\/wp-content\/uploads\/2025\/06\/OutSide-FLow-@PeterSteven-768x480.jpg\",\r\n            \"_512\": \"http:\/\/pavillon-s.com\/wp-content\/uploads\/2025\/06\/OutSide-FLow-@PeterSteven-512x320.jpg\",\r\n            \"_265\": \"http:\/\/pavillon-s.com\/wp-content\/uploads\/2025\/06\/OutSide-FLow-@PeterSteven-265x166.jpg\"\r\n          },\r\n          \"w\": 2560,\r\n          \"h\": 1600,\r\n          \"ar\": 0.625,\r\n          \"alt\": \"\",\r\n          \"caption\": \"<p class=\\\"_texte_page\\\">\u00a9 Peter Steven<\/p>\"\r\n        },\r\n        {\r\n          \"type\": \"img\",\r\n          \"attid\": 1307,\r\n          \"cont\": \"http:\/\/pavillon-s.com\/wp-content\/uploads\/2025\/06\/EmmanuelleVoDinh-Projectiondanse@LaureDelamotte-Legrand.jpeg\",\r\n          \"sizes\": {\r\n            \"full\": \"http:\/\/pavillon-s.com\/wp-content\/uploads\/2025\/06\/EmmanuelleVoDinh-Projectiondanse@LaureDelamotte-Legrand.jpeg\",\r\n            \"_768\": \"http:\/\/pavillon-s.com\/wp-content\/uploads\/2025\/06\/EmmanuelleVoDinh-Projectiondanse@LaureDelamotte-Legrand-768x768.jpeg\",\r\n            \"_512\": \"http:\/\/pavillon-s.com\/wp-content\/uploads\/2025\/06\/EmmanuelleVoDinh-Projectiondanse@LaureDelamotte-Legrand-512x512.jpeg\",\r\n            \"_265\": \"http:\/\/pavillon-s.com\/wp-content\/uploads\/2025\/06\/EmmanuelleVoDinh-Projectiondanse@LaureDelamotte-Legrand-265x265.jpeg\"\r\n          },\r\n          \"w\": 960,\r\n          \"h\": 960,\r\n          \"ar\": 1,\r\n          \"alt\": \"\",\r\n          \"caption\": \"<p class=\\\"_texte_page\\\">\u00a9 Laure Delamotte-Legrand<\/p>\"\r\n        },\r\n        {\r\n          \"type\": \"img\",\r\n          \"attid\": 1315,\r\n          \"cont\": \"http:\/\/pavillon-s.com\/wp-content\/uploads\/2025\/06\/OutSide-FLow-@PeterSteven-2.jpg\",\r\n          \"sizes\": {\r\n            \"full\": \"http:\/\/pavillon-s.com\/wp-content\/uploads\/2025\/06\/OutSide-FLow-@PeterSteven-2.jpg\",\r\n            \"_768\": \"http:\/\/pavillon-s.com\/wp-content\/uploads\/2025\/06\/OutSide-FLow-@PeterSteven-2-768x355.jpg\",\r\n            \"_512\": \"http:\/\/pavillon-s.com\/wp-content\/uploads\/2025\/06\/OutSide-FLow-@PeterSteven-2-512x237.jpg\",\r\n            \"_265\": \"http:\/\/pavillon-s.com\/wp-content\/uploads\/2025\/06\/OutSide-FLow-@PeterSteven-2-265x122.jpg\"\r\n          },\r\n          \"w\": 1024,\r\n          \"h\": 473,\r\n          \"ar\": 0.4619140625,\r\n          \"alt\": \"\",\r\n          \"caption\": \"<p class=\\\"_texte_page\\\">\u00a9 Peter Steven<\/p>\"\r\n        }\r\n      ],\r\n      \"frameOverflow\": \"\"\r\n    },\r\n    {\r\n      \"type\": \"text\",\r\n      \"cont\": \"<p class=\\\"_texte_page\\\"><span style=\\\"color: #1500f6;\\\"><strong>Courts-m\u00e9trages danse et paysages - cin\u00e9ma<br \/><\/strong><\/span><span style=\\\"font-size: 15px;\\\">70mn<\/span><\/p><p class=\\\"_texte_page\\\"><span style=\\\"color: #0000ff;\\\">OutSide Flow<br \/><span style=\\\"color: #000000;\\\">Outside Flow est une installation immersive visant \u00e0 explorer les corr\u00e9lations entre <\/span><span style=\\\"color: #000000;\\\">gestes humains, les mouvements grandioses dans lequel nous \u00e9voluons et la <\/span><span style=\\\"color: #000000;\\\">perspective de la cam\u00e9ra conceptualis\u00e9 par Ashley Chen et Peter Steven. En <\/span><span style=\\\"color: #000000;\\\">collaboration avec le compositeur Pierre Le bourgeois, le plasticien Nicholas Vargelis <\/span><span style=\\\"color: #000000;\\\">et le musicien\/percussionniste\/batteur Arthur Vonfelt, ils cherchent \u00e0 plonger le <\/span><span style=\\\"color: #000000;\\\">spectateur dans une exp\u00e9rience singuli\u00e8re bas\u00e9e sur la spatialisation des mediums <\/span><span style=\\\"color: #000000;\\\">utilis\u00e9s: un film projet\u00e9 sur trois \u00e9crans, une chor\u00e9graphie, une bande sonore associ\u00e9e <\/span><span style=\\\"color: #000000;\\\">et une installation lumineuse.<\/span><br \/><span style=\\\"color: #000000;\\\">L'ensemble du dispositif a pour objectif d'immerger le visiteur dans univers de <\/span><span style=\\\"color: #000000;\\\">contrastes et d\u2019\u00e9chelles de mouvements, une danse universelle d'un monde <\/span><span style=\\\"color: #000000;\\\">nouveau.<\/span> <br \/><\/span><\/p><p class=\\\"_texte_page\\\"><span style=\\\"color: #0000ff;\\\">EVERSO<\/span><br \/>Trois femmes sur un balcon oscillent entre attente et \u00e9trange rituel chor\u00e9graphique, lequel vient jouer du renversement, tant dans l\u2019image en miroir int\u00e9grant le cadre, que de la fronti\u00e8re op\u00e9rant entre int\u00e9rieur et ext\u00e9rieur.<br \/>Dans l\u2019espace entre-deux de ce balcon aux architectures en mouvement, EVERSO propose un voyage pictural et sensoriel\u2026 \u00e0 sa fen\u00eatre.<\/p><p class=\\\"_texte_page\\\"><span style=\\\"letter-spacing: 0.01em; text-indent: 0em;\\\"><span style=\\\"color: #0000ff;\\\">MIRARI<\/span><br \/>Des formes organiques et vivantes s\u2019\u00e9l\u00e8vent doucement pour laisser appara\u00eetre trois femmes assises dans l'encadrement d\u2019une chemin\u00e9e. Elles offrent \u00e0 travers l\u2019unique pr\u00e9sence de leur dos, un \u00ab paysage \u00bb changeant aux multiples \u00e9vocations\u2026. un monde \u00e0 la fois v\u00e9g\u00e9tal, animal, et min\u00e9ral.\u00a0<\/span><\/p><div><div id=\\\"x_comp-ltd588652\\\" data-testid=\\\"richTextElement\\\"><p class=\\\"_texte_page\\\"><br \/>MIRARI\u00a0 et \u00a0EVERSO\u00a0\u00a0inaugurent un cycle filmique, ARCANES collection de courts-m\u00e9trages, proposant diff\u00e9rents opus\u00a0qui int\u00e8grent la question du paysage et de son rapport au cadre.<\/p><\/div><\/div><p class=\\\"_texte_page\\\"><strong><\/strong><strong>Dimanche 21 septembre \u00e0 14h - 18h40 (en boucle), th\u00e9\u00e2tre du moulin<\/strong><\/p>\",\r\n      \"align\": \"top\",\r\n      \"row\": 3,\r\n      \"col\": 0,\r\n      \"colspan\": 12,\r\n      \"offsetx\": 0,\r\n      \"offsety\": 0,\r\n      \"spaceabove\": 0,\r\n      \"spacebelow\": 0,\r\n      \"yvel\": 1,\r\n      \"push\": 0,\r\n      \"relid\": 6,\r\n      \"frameOverflow\": \"\"\r\n    }\r\n  ]\r\n}","_links":{"self":[{"href":"http:\/\/pavillon-s.com\/en\/wp-json\/wp\/v2\/posts\/1290","targetHints":{"allow":["GET"]}}],"collection":[{"href":"http:\/\/pavillon-s.com\/en\/wp-json\/wp\/v2\/posts"}],"about":[{"href":"http:\/\/pavillon-s.com\/en\/wp-json\/wp\/v2\/types\/post"}],"author":[{"embeddable":true,"href":"http:\/\/pavillon-s.com\/en\/wp-json\/wp\/v2\/users\/1"}],"replies":[{"embeddable":true,"href":"http:\/\/pavillon-s.com\/en\/wp-json\/wp\/v2\/comments?post=1290"}],"version-history":[{"count":0,"href":"http:\/\/pavillon-s.com\/en\/wp-json\/wp\/v2\/posts\/1290\/revisions"}],"wp:featuredmedia":[{"embeddable":true,"href":"http:\/\/pavillon-s.com\/en\/wp-json\/wp\/v2\/media\/1307"}],"wp:attachment":[{"href":"http:\/\/pavillon-s.com\/en\/wp-json\/wp\/v2\/media?parent=1290"}],"wp:term":[{"taxonomy":"category","embeddable":true,"href":"http:\/\/pavillon-s.com\/en\/wp-json\/wp\/v2\/categories?post=1290"},{"taxonomy":"post_tag","embeddable":true,"href":"http:\/\/pavillon-s.com\/en\/wp-json\/wp\/v2\/tags?post=1290"}],"curies":[{"name":"wp","href":"https:\/\/api.w.org\/{rel}","templated":true}]}}