{"id":1105,"date":"2024-11-28T09:43:45","date_gmt":"2022-07-16T20:14:41","guid":{"rendered":"http:\/\/pavillon-s.com\/dieppe-scene-nationale-2\/"},"modified":"2025-11-07T09:36:49","modified_gmt":"2025-11-07T08:36:49","slug":"college-lycee-saint-joseph","status":"publish","type":"post","link":"http:\/\/pavillon-s.com\/en\/college-lycee-saint-joseph\/","title":{"rendered":"Coll\u00e8ge Lyc\u00e9e Saint Joseph, Thonon-les-Bains"},"content":{"rendered":"","protected":false},"excerpt":{"rendered":"","protected":false},"author":1,"featured_media":1107,"comment_status":"closed","ping_status":"closed","sticky":false,"template":"","format":"standard","meta":[],"categories":[7],"tags":[],"class_list":["post-1105","post","type-post","status-publish","has-post-thumbnail","hentry","category-residences"],"grid":"{\r\n  \"colCount\": 12,\r\n  \"colGutter\": 1,\r\n  \"rowGutters\": [\r\n    2.5,\r\n    1\r\n  ],\r\n  \"frameMargin\": 5,\r\n  \"leftFrameMargin\": 2.5,\r\n  \"rightFrameMargin\": 5,\r\n  \"topFrameMargin\": 180,\r\n  \"bottomFrameMargin\": 5,\r\n  \"rowAttrs\": [\r\n    {},\r\n    {},\r\n    {}\r\n  ],\r\n  \"bgColor\": null,\r\n  \"bgImage\": null,\r\n  \"cont\": [\r\n    {\r\n      \"type\": \"text\",\r\n      \"cont\": \"<h1 class=\\\"_menu_home\\\"><a href=\\\"http:\/\/pavillon-s.com\/emmanuelle-vo-dinh\/\\\" data-type=\\\"page\\\" data-id=\\\"73\\\" data-title=\\\"Emmanuelle Vo-Dinh\\\">Cr\u00e9ations, r\u00e9sidences...<\/a><\/h1>\",\r\n      \"align\": \"top\",\r\n      \"row\": 0,\r\n      \"col\": 0,\r\n      \"colspan\": 8,\r\n      \"offsetx\": 0,\r\n      \"offsety\": 0,\r\n      \"spaceabove\": 0,\r\n      \"spacebelow\": 0,\r\n      \"yvel\": 1,\r\n      \"push\": 0,\r\n      \"relid\": 9\r\n    },\r\n    {\r\n      \"type\": \"text\",\r\n      \"cont\": \"<h1 class=\\\"_Titre_spectacle\\\">Coll\u00e8ge Lyc\u00e9e Saint Joseph, Thonon-les-Bains<\/h1>\",\r\n      \"align\": \"top\",\r\n      \"row\": 1,\r\n      \"col\": 0,\r\n      \"colspan\": 7,\r\n      \"offsetx\": 0,\r\n      \"offsety\": 0,\r\n      \"spaceabove\": 0,\r\n      \"spacebelow\": 0,\r\n      \"yvel\": 1,\r\n      \"push\": 0,\r\n      \"relid\": 4\r\n    },\r\n    {\r\n      \"type\": \"text\",\r\n      \"cont\": \"<p><span style=\\\"font-size: 20px;\\\">Emmanuelle Vo-Dinh a \u00e9t\u00e9 accueillie au Coll\u00e8ge Lyc\u00e9e Saint Joseph, en f\u00e9vrier 2025.<\/span><\/p><div class=\\\"page\\\" title=\\\"Page 1\\\"><div class=\\\"layoutArea\\\"><div class=\\\"column\\\"><p class=\\\"_texte_page\\\"><span>A\u0300 l\u2019invitation de Be\u0301atrice Hanin, directrice du The\u0301a\u0302tre sce\u0300ne nationale de Saint-Nazaire, Emmanuelle Vo- Dinh a souhaite\u0301 reprendre la pie\u0300ce <span style=\\\"text-decoration: underline; color: #ff0000;\\\"><em><span style=\\\"text-decoration: underline;\\\"><a style=\\\"color: #ff0000; text-decoration: underline;\\\" href=\\\"http:\/\/pavillon-s.com\/leitmotiv\/\\\" data-type=\\\"project\\\" data-id=\\\"690\\\" data-title=\\\"Leitmotiv\\\" data-catid=\\\"[3]\\\">Leitmotiv<\/a><\/span><\/em><\/span> avec une distribution partiellement renouvele\u0301e.<br \/>Gilles Baron et Violette Ange\u0301, fide\u0300les interpre\u0300tes d\u2019autres de ses pie\u0300ces, rejoignent ainsi Alexia Bigot et Cyril Geeroms pour une re\u0301 e\u0301criture de ce quatuor a\u0300 la lumie\u0300re de leurs talents chore\u0301graphiques et vocaux...laquelle dessinera sans aucun doute de nouveaux possibles dans ces mille et une fac\u0327ons d\u2019embrasser !<\/span><\/p><\/div><\/div><\/div><p><span style=\\\"font-size: 20px;\\\">R\u00e9sidence du 10 au 14 f\u00e9vrier 2025:<br \/><span>\u00b7\u00a0\u00a0\u00a0\u00a0\u00a0\u00a0 R\u00e9p\u00e9titions pour la reprise du spectacle <span style=\\\"color: #ff0000;\\\"><em>Leitmotiv<\/em><\/span><\/span><br \/><span>\u00b7\u00a0\u00a0\u00a0\u00a0\u00a0\u00a0 Repr\u00e9sentation le vendredi 14 f\u00e9vrier \u00e0 9h30 et 13h45<\/span><\/span><\/p><p>\u00a0<\/p>\",\r\n      \"align\": \"top\",\r\n      \"row\": 2,\r\n      \"col\": 0,\r\n      \"colspan\": 11,\r\n      \"offsetx\": 0,\r\n      \"offsety\": 0,\r\n      \"spaceabove\": 0,\r\n      \"spacebelow\": 0,\r\n      \"yvel\": 1,\r\n      \"push\": 0,\r\n      \"relid\": 6,\r\n      \"frameOverflow\": \"\"\r\n    }\r\n  ]\r\n}","phonegrid":"{\r\n  \"colCount\": 12,\r\n  \"colGutter\": 1,\r\n  \"rowGutters\": [\r\n    5,\r\n    5,\r\n    5\r\n  ],\r\n  \"frameMargin\": 5,\r\n  \"leftFrameMargin\": 5,\r\n  \"rightFrameMargin\": 5,\r\n  \"topFrameMargin\": \"15\",\r\n  \"bottomFrameMargin\": 5,\r\n  \"rowAttrs\": [\r\n    {},\r\n    {},\r\n    {},\r\n    {}\r\n  ],\r\n  \"bgColor\": null,\r\n  \"bgImage\": null,\r\n  \"cont\": [\r\n    {\r\n      \"type\": \"text\",\r\n      \"cont\": \"<h1 class=\\\"_menu_home\\\"><a href=\\\"http:\/\/pavillon-s.com\/emmanuelle-vo-dinh\/\\\" data-type=\\\"page\\\" data-id=\\\"73\\\" data-title=\\\"Emmanuelle Vo-Dinh\\\">Cr\u00e9ations, r\u00e9sidences...<\/a><\/h1>\",\r\n      \"align\": \"bottom\",\r\n      \"row\": 0,\r\n      \"col\": 0,\r\n      \"colspan\": 12,\r\n      \"offsetx\": 0,\r\n      \"offsety\": 0,\r\n      \"spaceabove\": 0,\r\n      \"spacebelow\": 0,\r\n      \"yvel\": 1,\r\n      \"push\": 0,\r\n      \"relid\": 9\r\n    },\r\n    {\r\n      \"type\": \"text\",\r\n      \"cont\": \"<h1 class=\\\"_Titre_spectacle\\\">Coll\u00e8ge Lyc\u00e9e Saint Joseph, Thonon-les-Bains<\/h1>\",\r\n      \"align\": \"bottom\",\r\n      \"row\": 1,\r\n      \"col\": 0,\r\n      \"colspan\": 12,\r\n      \"offsetx\": 0,\r\n      \"offsety\": 0,\r\n      \"spaceabove\": 0,\r\n      \"spacebelow\": 0,\r\n      \"yvel\": 1,\r\n      \"push\": 0,\r\n      \"relid\": 4\r\n    },\r\n    {\r\n      \"type\": \"text\",\r\n      \"cont\": \"<p class=\\\"_texte_page\\\">Cr\u00e9ations in situ 2022, 2023, ...<\/p>\",\r\n      \"align\": \"top\",\r\n      \"row\": 2,\r\n      \"col\": 0,\r\n      \"colspan\": 12,\r\n      \"offsetx\": 0,\r\n      \"offsety\": 0,\r\n      \"spaceabove\": 0,\r\n      \"spacebelow\": 0,\r\n      \"yvel\": 1,\r\n      \"push\": 0,\r\n      \"relid\": 5,\r\n      \"dosync\": false\r\n    },\r\n    {\r\n      \"type\": \"text\",\r\n      \"cont\": \"<p><span style=\\\"font-size: 20px;\\\">Emmanuelle Vo-Dinh a \u00e9t\u00e9 accueillie au Coll\u00e8ge Lyc\u00e9e Saint Joseph, en f\u00e9vrier 2025.<\/span><\/p><div class=\\\"page\\\" title=\\\"Page 1\\\"><div class=\\\"layoutArea\\\"><div class=\\\"column\\\"><p class=\\\"_texte_page\\\"><span>A\u0300 l\u2019invitation de Be\u0301atrice Hanin, directrice du The\u0301a\u0302tre sce\u0300ne nationale de Saint-Nazaire, Emmanuelle Vo- Dinh a souhaite\u0301 reprendre la pie\u0300ce <span style=\\\"text-decoration: underline; color: #ff0000;\\\"><em><span style=\\\"text-decoration: underline;\\\"><a style=\\\"color: #ff0000; text-decoration: underline;\\\" href=\\\"http:\/\/pavillon-s.com\/leitmotiv\/\\\" data-type=\\\"project\\\" data-id=\\\"690\\\" data-title=\\\"Leitmotiv\\\" data-catid=\\\"[3]\\\">Leitmotiv<\/a><\/span><\/em><\/span> avec une distribution partiellement renouvele\u0301e.<br \/>Gilles Baron et Violette Ange\u0301, fide\u0300les interpre\u0300tes d\u2019autres de ses pie\u0300ces, rejoignent ainsi Alexia Bigot et Cyril Geeroms pour une re\u0301 e\u0301criture de ce quatuor a\u0300 la lumie\u0300re de leurs talents chore\u0301graphiques et vocaux...laquelle dessinera sans aucun doute de nouveaux possibles dans ces mille et une fac\u0327ons d\u2019embrasser !<\/span><\/p><\/div><\/div><\/div><p><span style=\\\"font-size: 20px;\\\">R\u00e9sidence du 10 au 14 f\u00e9vrier 2025:<br \/><span>\u00b7\u00a0\u00a0\u00a0\u00a0\u00a0\u00a0 R\u00e9p\u00e9titions pour la reprise du spectacle <span style=\\\"color: #ff0000;\\\"><em>Leitmotiv<\/em><\/span><\/span><br \/><span>\u00b7\u00a0\u00a0\u00a0\u00a0\u00a0\u00a0 Repr\u00e9sentation le vendredi 14 f\u00e9vrier \u00e0 9h30 et 13h45<\/span><\/span><\/p><p>\u00a0<\/p>\",\r\n      \"align\": \"top\",\r\n      \"row\": 3,\r\n      \"col\": 0,\r\n      \"colspan\": 12,\r\n      \"offsetx\": 0,\r\n      \"offsety\": 0,\r\n      \"spaceabove\": 0,\r\n      \"spacebelow\": 0,\r\n      \"yvel\": 1,\r\n      \"push\": 0,\r\n      \"relid\": 6,\r\n      \"frameOverflow\": \"\"\r\n    }\r\n  ]\r\n}","_links":{"self":[{"href":"http:\/\/pavillon-s.com\/en\/wp-json\/wp\/v2\/posts\/1105","targetHints":{"allow":["GET"]}}],"collection":[{"href":"http:\/\/pavillon-s.com\/en\/wp-json\/wp\/v2\/posts"}],"about":[{"href":"http:\/\/pavillon-s.com\/en\/wp-json\/wp\/v2\/types\/post"}],"author":[{"embeddable":true,"href":"http:\/\/pavillon-s.com\/en\/wp-json\/wp\/v2\/users\/1"}],"replies":[{"embeddable":true,"href":"http:\/\/pavillon-s.com\/en\/wp-json\/wp\/v2\/comments?post=1105"}],"version-history":[{"count":0,"href":"http:\/\/pavillon-s.com\/en\/wp-json\/wp\/v2\/posts\/1105\/revisions"}],"wp:featuredmedia":[{"embeddable":true,"href":"http:\/\/pavillon-s.com\/en\/wp-json\/wp\/v2\/media\/1107"}],"wp:attachment":[{"href":"http:\/\/pavillon-s.com\/en\/wp-json\/wp\/v2\/media?parent=1105"}],"wp:term":[{"taxonomy":"category","embeddable":true,"href":"http:\/\/pavillon-s.com\/en\/wp-json\/wp\/v2\/categories?post=1105"},{"taxonomy":"post_tag","embeddable":true,"href":"http:\/\/pavillon-s.com\/en\/wp-json\/wp\/v2\/tags?post=1105"}],"curies":[{"name":"wp","href":"https:\/\/api.w.org\/{rel}","templated":true}]}}