{"id":1052,"date":"2024-10-19T15:26:51","date_gmt":"2022-07-16T20:14:41","guid":{"rendered":"https:\/\/pavillon-s.com\/sprint33-2\/"},"modified":"2024-10-21T11:33:00","modified_gmt":"2024-10-21T09:33:00","slug":"orukami-st-nazaire","status":"publish","type":"post","link":"http:\/\/pavillon-s.com\/en\/orukami-st-nazaire\/","title":{"rendered":"ORUKAMI Saint-Nazaire"},"content":{"rendered":"","protected":false},"excerpt":{"rendered":"","protected":false},"author":1,"featured_media":802,"comment_status":"closed","ping_status":"closed","sticky":false,"template":"","format":"standard","meta":[],"categories":[9],"tags":[],"class_list":["post-1052","post","type-post","status-publish","has-post-thumbnail","hentry","category-actions-artistiques"],"grid":"{\r\n  \"colCount\": 12,\r\n  \"colGutter\": 1,\r\n  \"rowGutters\": [\r\n    2.5,\r\n    1,\r\n    2,\r\n    2,\r\n    2,\r\n    2\r\n  ],\r\n  \"frameMargin\": 5,\r\n  \"leftFrameMargin\": 2.5,\r\n  \"rightFrameMargin\": 5,\r\n  \"topFrameMargin\": 180,\r\n  \"bottomFrameMargin\": 5,\r\n  \"rowAttrs\": [\r\n    {},\r\n    {},\r\n    {},\r\n    {},\r\n    {},\r\n    {},\r\n    {}\r\n  ],\r\n  \"bgColor\": null,\r\n  \"bgImage\": null,\r\n  \"cont\": [\r\n    {\r\n      \"type\": \"text\",\r\n      \"cont\": \"<h1 class=\\\"_menu_home\\\"><a href=\\\"http:\/\/pavillon-s.com\/emmanuelle-vo-dinh\/\\\" data-type=\\\"page\\\" data-id=\\\"73\\\" data-title=\\\"Emmanuelle Vo-Dinh\\\">Cr\u00e9ations, r\u00e9sidences...<\/a><\/h1>\",\r\n      \"align\": \"top\",\r\n      \"row\": 0,\r\n      \"col\": 0,\r\n      \"colspan\": 8,\r\n      \"offsetx\": 0,\r\n      \"offsety\": 0,\r\n      \"spaceabove\": 0,\r\n      \"spacebelow\": 0,\r\n      \"yvel\": 1,\r\n      \"push\": 0,\r\n      \"relid\": 9\r\n    },\r\n    {\r\n      \"type\": \"text\",\r\n      \"cont\": \"<h1 class=\\\"_Titre_spectacle\\\">ORUKAMI St-Nazaire<\/h1>\",\r\n      \"align\": \"top\",\r\n      \"row\": 1,\r\n      \"col\": 0,\r\n      \"colspan\": 7,\r\n      \"offsetx\": 0,\r\n      \"offsety\": 0,\r\n      \"spaceabove\": 0,\r\n      \"spacebelow\": 0,\r\n      \"yvel\": 1,\r\n      \"push\": 0,\r\n      \"relid\": 4\r\n    },\r\n    {\r\n      \"type\": \"text\",\r\n      \"cont\": \"<p class=\\\"_texte_page\\\">Cr\u00e9ation 2025 pour 20 danseur.se.s amateurs<\/p>\",\r\n      \"align\": \"top\",\r\n      \"row\": 2,\r\n      \"col\": 0,\r\n      \"colspan\": 9,\r\n      \"offsetx\": 0,\r\n      \"offsety\": 0,\r\n      \"spaceabove\": 0,\r\n      \"spacebelow\": 0,\r\n      \"yvel\": 1,\r\n      \"push\": 0,\r\n      \"relid\": 5,\r\n      \"frameOverflow\": \"\"\r\n    },\r\n    {\r\n      \"type\": \"carousel\",\r\n      \"cont\": \"\",\r\n      \"align\": \"top\",\r\n      \"row\": 3,\r\n      \"col\": 0,\r\n      \"colspan\": 7,\r\n      \"offsetx\": 0,\r\n      \"offsety\": 0,\r\n      \"spaceabove\": 0,\r\n      \"spacebelow\": 0,\r\n      \"yvel\": 1,\r\n      \"push\": 0,\r\n      \"relid\": 182,\r\n      \"carousel_options\": {\r\n        \"random\": false,\r\n        \"autoplay\": true,\r\n        \"showMultipleSlides\": false,\r\n        \"freeScroll\": false,\r\n        \"mousewheelScroll\": false,\r\n        \"size\": \"aspectRatioOfFirstElement\",\r\n        \"slidesWidth\": \"null\",\r\n        \"transition\": \"sliding\",\r\n        \"loop\": \"1\",\r\n        \"spaceBetween\": 0,\r\n        \"captionsUnderSlides\": false,\r\n        \"disableClick\": false\r\n      },\r\n      \"carousel\": [\r\n        {\r\n          \"type\": \"img\",\r\n          \"attid\": 1054,\r\n          \"cont\": \"http:\/\/pavillon-s.com\/wp-content\/uploads\/2024\/10\/PHOTO-2024-02-02-14-52-44.jpg\",\r\n          \"sizes\": {\r\n            \"full\": \"http:\/\/pavillon-s.com\/wp-content\/uploads\/2024\/10\/PHOTO-2024-02-02-14-52-44.jpg\",\r\n            \"_1920\": \"http:\/\/pavillon-s.com\/wp-content\/uploads\/2024\/10\/PHOTO-2024-02-02-14-52-44-1920x1440.jpg\",\r\n            \"_1280\": \"http:\/\/pavillon-s.com\/wp-content\/uploads\/2024\/10\/PHOTO-2024-02-02-14-52-44-1280x960.jpg\",\r\n            \"_1024\": \"http:\/\/pavillon-s.com\/wp-content\/uploads\/2024\/10\/PHOTO-2024-02-02-14-52-44-1024x768.jpg\",\r\n            \"_768\": \"http:\/\/pavillon-s.com\/wp-content\/uploads\/2024\/10\/PHOTO-2024-02-02-14-52-44-768x576.jpg\",\r\n            \"_512\": \"http:\/\/pavillon-s.com\/wp-content\/uploads\/2024\/10\/PHOTO-2024-02-02-14-52-44-512x384.jpg\",\r\n            \"_265\": \"http:\/\/pavillon-s.com\/wp-content\/uploads\/2024\/10\/PHOTO-2024-02-02-14-52-44-265x199.jpg\"\r\n          },\r\n          \"w\": 2048,\r\n          \"h\": 1536,\r\n          \"ar\": 0.75,\r\n          \"alt\": \"\",\r\n          \"caption\": \"<p class=\\\"_texte_page\\\">\u00a9 Ang\u00e8le Kurczewski<\/p>\"\r\n        }\r\n      ],\r\n      \"frameOverflow\": \"\"\r\n    },\r\n    {\r\n      \"type\": \"text\",\r\n      \"cont\": \"<p class=\\\"_texte_page\\\"><span><span style=\\\"color: #1500f6;\\\"><a style=\\\"color: #1500f6;\\\" href=\\\"https:\/\/pavillon-s.com\/orukami\/\\\" data-type=\\\"project\\\" data-id=\\\"699\\\" data-title=\\\"ORUKAMI\\\" data-catid=\\\"[3]\\\">ORUKAMI<\/a><\/span> est un rituel chor\u00e9graphique faisant partie de la pi\u00e8ce <span style=\\\"color: #1500f6;\\\"><a style=\\\"color: #1500f6;\\\" href=\\\"https:\/\/pavillon-s.com\/mirari\/\\\" data-type=\\\"project\\\" data-id=\\\"147\\\" data-title=\\\"MIRARI\\\" data-catid=\\\"[3]\\\">MIRARI<\/a><\/span>. Une transmission a \u00e9t\u00e9 pens\u00e9e pour des danseur.se.s nazairien.ne.s de La Petite pi\u00e8ce\/Vanessa Leprince<\/span>.<br \/>Au travail d\u2019origami avec des ponchos\/couvertures de survie, succ\u00e8dent diff\u00e9rents \u00e9tats de corps et d\u2019imaginaire ... un travail chor\u00e9graphique et plastique qui fait appara\u00eetre tentes, rochers, pyramides, fleurs de m\u00e9tal, ou marionnettes g\u00e9antes.<br \/>Des r\u00e9p\u00e9titions commenceront \u00e0 partir du mois de f\u00e9vrier 2025 et la cr\u00e9ation aura lieu le 15 mars 2025 dans le cadre du temps fort <span style=\\\"color: #1500f6;\\\"><a style=\\\"color: #1500f6;\\\" rel=\\\"noopener\\\" href=\\\"https:\/\/www.letheatre-saintnazaire.fr\/temps-forts\/\\\" target=\\\"_blank\\\">P.A.N.G !<\/a><\/span> du Th\u00e9\u00e2tre, sc\u00e8ne nationale de Saint-Nazaire.<\/p>\",\r\n      \"align\": \"top\",\r\n      \"row\": 4,\r\n      \"col\": 0,\r\n      \"colspan\": 8,\r\n      \"offsetx\": 0,\r\n      \"offsety\": 0,\r\n      \"spaceabove\": 0,\r\n      \"spacebelow\": 0,\r\n      \"yvel\": 1,\r\n      \"push\": 0,\r\n      \"relid\": 6\r\n    },\r\n    {\r\n      \"type\": \"text\",\r\n      \"cont\": \"<p class=\\\"_texte_page\\\"><span style=\\\"color: #1500f6;\\\">ORUKAMI Saint-Nazaire<br \/><\/span><span style=\\\"color: #1500f6;\\\">Conception\u00a0<\/span> Emmanuelle Vo-Dinh <br \/><span style=\\\"color: #1500f6;\\\">Environnement sonore<\/span> Olyphant<br \/><span style=\\\"color: #1500f6;\\\">Avec<\/span> les danseur.se.s du collectif nazairien La petite pi\u00e8ce \/ Vanessa Leprincce<br \/><span style=\\\"color: #1500f6;\\\">Coordination pour le Th\u00e9\u00e2tre, sc\u00e8ne nationale de Saint-Nazaire<\/span> service des publics et de l\u2019action culturelle\u00a0: Ang\u00e8le Kurczewski<span>, <\/span>C\u00e9cile Corb\u00e9ra, Cl\u00e9mence Jannot, Zo\u00e9 P\u00e9cate<br \/><span style=\\\"color: #1500f6;\\\">Direction de production<\/span> Pavillon-s Solenne Racap\u00e9<br \/><span style=\\\"color: #1500f6;\\\">Production<\/span> Pavillon-s<br \/><span style=\\\"color: #1500f6;\\\">Coproduction<\/span> Le Th\u00e9\u00e2tre, sc\u00e8ne nationale de Saint-Nazaire.<\/p><p class=\\\"_texte_page\\\">Pavillon-s est subventionn\u00e9 par le Minist\u00e8re de la culture \u2013 direction g\u00e9n\u00e9rale de la cr\u00e9ation artistique, la R\u00e9gion Normandie, le D\u00e9partement de l'Eure, le D\u00e9partement de Seine-Maritime et la Ville de Rouen.<\/p>\",\r\n      \"align\": \"top\",\r\n      \"row\": 5,\r\n      \"col\": 0,\r\n      \"colspan\": 8,\r\n      \"offsetx\": 0,\r\n      \"offsety\": 0,\r\n      \"spaceabove\": 0,\r\n      \"spacebelow\": 0,\r\n      \"yvel\": 1,\r\n      \"push\": 0,\r\n      \"relid\": 7\r\n    },\r\n    {\r\n      \"type\": \"text\",\r\n      \"cont\": \"<p class=\\\"_texte_page\\\"><span style=\\\"color: #1500f6;\\\">R\u00e9p\u00e9titions au Th\u00e9\u00e2tre, Sc\u00e8ne nationale de Saint-Nazaire<br \/><\/span>27, 28 f\u00e9vrier 2025<br \/>1<sup>er<\/sup>, 6, 7, 8 mars 2025<\/p><p class=\\\"_texte_page\\\"><span><span style=\\\"color: #1500f6;\\\">Cr\u00e9ation<\/span><br \/>15 mars 2025 - Le Th\u00e9\u00e2tre, sc\u00e8ne nationale de Saint-Nazaire, dans le cadre du temps fort P.A.N.G!<br \/><\/span><\/p>\",\r\n      \"align\": \"top\",\r\n      \"row\": 6,\r\n      \"col\": 0,\r\n      \"colspan\": 8,\r\n      \"offsetx\": 0,\r\n      \"offsety\": 0,\r\n      \"spaceabove\": 0,\r\n      \"spacebelow\": 0,\r\n      \"yvel\": 1,\r\n      \"push\": 0,\r\n      \"relid\": 8\r\n    }\r\n  ]\r\n}","phonegrid":"{\r\n  \"colCount\": 12,\r\n  \"colGutter\": 1,\r\n  \"rowGutters\": [\r\n    5,\r\n    5,\r\n    5,\r\n    5,\r\n    5,\r\n    5,\r\n    5,\r\n    5\r\n  ],\r\n  \"frameMargin\": 5,\r\n  \"leftFrameMargin\": 5,\r\n  \"rightFrameMargin\": 5,\r\n  \"topFrameMargin\": \"15\",\r\n  \"bottomFrameMargin\": 5,\r\n  \"rowAttrs\": [\r\n    {},\r\n    {},\r\n    {},\r\n    {},\r\n    {},\r\n    {},\r\n    {},\r\n    {},\r\n    {}\r\n  ],\r\n  \"bgColor\": null,\r\n  \"bgImage\": null,\r\n  \"cont\": [\r\n    {\r\n      \"type\": \"text\",\r\n      \"cont\": \"<h1 class=\\\"_menu_home\\\"><a href=\\\"http:\/\/pavillon-s.com\/emmanuelle-vo-dinh\/\\\" data-type=\\\"page\\\" data-id=\\\"73\\\" data-title=\\\"Emmanuelle Vo-Dinh\\\">Cr\u00e9ations, r\u00e9sidences...<\/a><\/h1>\",\r\n      \"align\": \"bottom\",\r\n      \"row\": 0,\r\n      \"col\": 0,\r\n      \"colspan\": 12,\r\n      \"offsetx\": 0,\r\n      \"offsety\": 0,\r\n      \"spaceabove\": 0,\r\n      \"spacebelow\": 0,\r\n      \"yvel\": 1,\r\n      \"push\": 0,\r\n      \"relid\": 9\r\n    },\r\n    {\r\n      \"type\": \"text\",\r\n      \"cont\": \"<h1 class=\\\"_Titre_spectacle\\\">ORUKAMI St-Nazaire<\/h1>\",\r\n      \"align\": \"bottom\",\r\n      \"row\": 1,\r\n      \"col\": 0,\r\n      \"colspan\": 12,\r\n      \"offsetx\": 0,\r\n      \"offsety\": 0,\r\n      \"spaceabove\": 0,\r\n      \"spacebelow\": 0,\r\n      \"yvel\": 1,\r\n      \"push\": 0,\r\n      \"relid\": 4\r\n    },\r\n    {\r\n      \"type\": \"text\",\r\n      \"cont\": \"<p class=\\\"_texte_page\\\">Cr\u00e9ation 2025 pour 20 danseur.se.s amateurs<\/p>\",\r\n      \"align\": \"bottom\",\r\n      \"row\": 2,\r\n      \"col\": 0,\r\n      \"colspan\": 12,\r\n      \"offsetx\": 0,\r\n      \"offsety\": 0,\r\n      \"spaceabove\": 0,\r\n      \"spacebelow\": 0,\r\n      \"yvel\": 1,\r\n      \"push\": 0,\r\n      \"relid\": 5,\r\n      \"frameOverflow\": \"\"\r\n    },\r\n    {\r\n      \"type\": \"carousel\",\r\n      \"cont\": \"\",\r\n      \"align\": \"bottom\",\r\n      \"row\": 3,\r\n      \"col\": 0,\r\n      \"colspan\": 12,\r\n      \"offsetx\": 0,\r\n      \"offsety\": 0,\r\n      \"spaceabove\": 0,\r\n      \"spacebelow\": 0,\r\n      \"yvel\": 1,\r\n      \"push\": 0,\r\n      \"relid\": 182,\r\n      \"carousel_options\": {\r\n        \"random\": false,\r\n        \"autoplay\": true,\r\n        \"showMultipleSlides\": false,\r\n        \"freeScroll\": false,\r\n        \"mousewheelScroll\": false,\r\n        \"size\": \"aspectRatioOfFirstElement\",\r\n        \"slidesWidth\": \"null\",\r\n        \"transition\": \"sliding\",\r\n        \"loop\": \"1\",\r\n        \"spaceBetween\": 0,\r\n        \"captionsUnderSlides\": false,\r\n        \"disableClick\": false\r\n      },\r\n      \"carousel\": [\r\n        {\r\n          \"type\": \"img\",\r\n          \"attid\": 1054,\r\n          \"cont\": \"http:\/\/pavillon-s.com\/wp-content\/uploads\/2024\/10\/PHOTO-2024-02-02-14-52-44.jpg\",\r\n          \"sizes\": {\r\n            \"full\": \"http:\/\/pavillon-s.com\/wp-content\/uploads\/2024\/10\/PHOTO-2024-02-02-14-52-44.jpg\",\r\n            \"_1920\": \"http:\/\/pavillon-s.com\/wp-content\/uploads\/2024\/10\/PHOTO-2024-02-02-14-52-44-1920x1440.jpg\",\r\n            \"_1280\": \"http:\/\/pavillon-s.com\/wp-content\/uploads\/2024\/10\/PHOTO-2024-02-02-14-52-44-1280x960.jpg\",\r\n            \"_1024\": \"http:\/\/pavillon-s.com\/wp-content\/uploads\/2024\/10\/PHOTO-2024-02-02-14-52-44-1024x768.jpg\",\r\n            \"_768\": \"http:\/\/pavillon-s.com\/wp-content\/uploads\/2024\/10\/PHOTO-2024-02-02-14-52-44-768x576.jpg\",\r\n            \"_512\": \"http:\/\/pavillon-s.com\/wp-content\/uploads\/2024\/10\/PHOTO-2024-02-02-14-52-44-512x384.jpg\",\r\n            \"_265\": \"http:\/\/pavillon-s.com\/wp-content\/uploads\/2024\/10\/PHOTO-2024-02-02-14-52-44-265x199.jpg\"\r\n          },\r\n          \"w\": 2048,\r\n          \"h\": 1536,\r\n          \"ar\": 0.75,\r\n          \"alt\": \"\",\r\n          \"caption\": \"<p class=\\\"_texte_page\\\">\u00a9 Ang\u00e8le Kurczewski<\/p>\"\r\n        }\r\n      ],\r\n      \"frameOverflow\": \"\"\r\n    },\r\n    {\r\n      \"type\": \"text\",\r\n      \"cont\": \"<p class=\\\"_texte_page\\\"><span><span style=\\\"color: #1500f6;\\\"><a style=\\\"color: #1500f6;\\\" href=\\\"https:\/\/pavillon-s.com\/orukami\/\\\" data-type=\\\"project\\\" data-id=\\\"699\\\" data-title=\\\"ORUKAMI\\\" data-catid=\\\"[3]\\\">ORUKAMI<\/a><\/span> est un rituel chor\u00e9graphique faisant partie de la pi\u00e8ce <span style=\\\"color: #1500f6;\\\"><a style=\\\"color: #1500f6;\\\" href=\\\"https:\/\/pavillon-s.com\/mirari\/\\\" data-type=\\\"project\\\" data-id=\\\"147\\\" data-title=\\\"MIRARI\\\" data-catid=\\\"[3]\\\">MIRARI<\/a><\/span>. Une transmission a \u00e9t\u00e9 pens\u00e9e pour des danseur.se.s nazairien.ne.s de La Petite pi\u00e8ce\/Vanessa Leprince<\/span>.<br \/>Au travail d\u2019origami avec des ponchos\/couvertures de survie, succ\u00e8dent diff\u00e9rents \u00e9tats de corps et d\u2019imaginaire ... un travail chor\u00e9graphique et plastique qui fait appara\u00eetre tentes, rochers, pyramides, fleurs de m\u00e9tal, ou marionnettes g\u00e9antes.<br \/>Des r\u00e9p\u00e9titions commenceront \u00e0 partir du mois de f\u00e9vrier 2025 et la cr\u00e9ation aura lieu le 15 mars 2025 dans le cadre du temps fort <span style=\\\"color: #1500f6;\\\"><a style=\\\"color: #1500f6;\\\" rel=\\\"noopener\\\" href=\\\"https:\/\/www.letheatre-saintnazaire.fr\/temps-forts\/\\\" target=\\\"_blank\\\">P.A.N.G !<\/a><\/span> du Th\u00e9\u00e2tre, sc\u00e8ne nationale de Saint-Nazaire.<\/p>\",\r\n      \"align\": \"bottom\",\r\n      \"row\": 4,\r\n      \"col\": 0,\r\n      \"colspan\": 12,\r\n      \"offsetx\": 0,\r\n      \"offsety\": 0,\r\n      \"spaceabove\": 0,\r\n      \"spacebelow\": 0,\r\n      \"yvel\": 1,\r\n      \"push\": 0,\r\n      \"relid\": 6\r\n    },\r\n    {\r\n      \"type\": \"video\",\r\n      \"cont\": \"https:\/\/i.vimeocdn.com\/video\/819814383-1e61f0d5eb5c8ee8800bae51ab2963ec4fc9385303cee770e6a640dc15b6eba2-d_295x166\",\r\n      \"align\": \"bottom\",\r\n      \"row\": 5,\r\n      \"col\": 0,\r\n      \"colspan\": 12,\r\n      \"offsetx\": 0,\r\n      \"offsety\": 0,\r\n      \"spaceabove\": 0,\r\n      \"spacebelow\": 0,\r\n      \"yvel\": 1,\r\n      \"push\": 0,\r\n      \"relid\": 10,\r\n      \"iframe\": \"<iframe src=\\\"\/\/player.vimeo.com\/video\/364392003?api=1&title=0&amp;byline=0&amp;portrait=0&amp;color=ffffff\\\" width=\\\"426\\\" height=\\\"240\\\" frameborder=\\\"0\\\" webkitallowfullscreen mozallowfullscreen allowfullscreen><\/iframe>\",\r\n      \"url\": \"https:\/\/vimeo.com\/364392003\",\r\n      \"w\": 426,\r\n      \"h\": 240,\r\n      \"ar\": 0.5633802816901409,\r\n      \"frameOverflow\": \"\",\r\n      \"dosync\": false\r\n    },\r\n    {\r\n      \"type\": \"text\",\r\n      \"cont\": \"<p class=\\\"_texte_page\\\"><span style=\\\"color: #1500f6;\\\">Presse <\/span><span style=\\\"color: #000000;\\\"><a style=\\\"color: #000000;\\\" rel=\\\"noopener\\\" href=\\\"https:\/\/sceneweb.fr\/cocagne-de-emmanuelle-vo-dinh\/\\\" target=\\\"_blank\\\">sceneweb<\/a><\/span> ; <span style=\\\"color: #000000;\\\"><a style=\\\"color: #000000;\\\" rel=\\\"noopener\\\" href=\\\"https:\/\/dansercanalhistorique.fr\/?q=content\/cocagne-d-emmanuelle-vo-dinh\\\" target=\\\"_blank\\\">Danser canal historique<\/a><\/span><\/p>\",\r\n      \"align\": \"bottom\",\r\n      \"row\": 6,\r\n      \"col\": 0,\r\n      \"colspan\": 12,\r\n      \"offsetx\": 0,\r\n      \"offsety\": 0,\r\n      \"spaceabove\": 0,\r\n      \"spacebelow\": 0,\r\n      \"yvel\": 1,\r\n      \"push\": 0,\r\n      \"relid\": 11,\r\n      \"dosync\": false\r\n    },\r\n    {\r\n      \"type\": \"text\",\r\n      \"cont\": \"<p class=\\\"_texte_page\\\"><span style=\\\"color: #1500f6;\\\">ORUKAMI Saint-Nazaire<br \/><\/span><span style=\\\"color: #1500f6;\\\">Conception\u00a0<\/span> Emmanuelle Vo-Dinh <br \/><span style=\\\"color: #1500f6;\\\">Environnement sonore<\/span> Olyphant<br \/><span style=\\\"color: #1500f6;\\\">Avec<\/span> les danseur.se.s du collectif nazairien La petite pi\u00e8ce \/ Vanessa Leprincce<br \/><span style=\\\"color: #1500f6;\\\">Coordination pour le Th\u00e9\u00e2tre, sc\u00e8ne nationale de Saint-Nazaire<\/span> service des publics et de l\u2019action culturelle\u00a0: Ang\u00e8le Kurczewski<span>, <\/span>C\u00e9cile Corb\u00e9ra, Cl\u00e9mence Jannot, Zo\u00e9 P\u00e9cate<br \/><span style=\\\"color: #1500f6;\\\">Direction de production<\/span> Pavillon-s Solenne Racap\u00e9<br \/><span style=\\\"color: #1500f6;\\\">Production<\/span> Pavillon-s<br \/><span style=\\\"color: #1500f6;\\\">Coproduction<\/span> Le Th\u00e9\u00e2tre, sc\u00e8ne nationale de Saint-Nazaire.<\/p><p class=\\\"_texte_page\\\">Pavillon-s est subventionn\u00e9 par le Minist\u00e8re de la culture \u2013 direction g\u00e9n\u00e9rale de la cr\u00e9ation artistique, la R\u00e9gion Normandie, le D\u00e9partement de l'Eure, le D\u00e9partement de Seine-Maritime et la Ville de Rouen.<\/p>\",\r\n      \"align\": \"bottom\",\r\n      \"row\": 7,\r\n      \"col\": 0,\r\n      \"colspan\": 12,\r\n      \"offsetx\": 0,\r\n      \"offsety\": 0,\r\n      \"spaceabove\": 0,\r\n      \"spacebelow\": 0,\r\n      \"yvel\": 1,\r\n      \"push\": 0,\r\n      \"relid\": 7\r\n    },\r\n    {\r\n      \"type\": \"text\",\r\n      \"cont\": \"<p class=\\\"_texte_page\\\"><span style=\\\"color: #1500f6;\\\">R\u00e9p\u00e9titions au Th\u00e9\u00e2tre, Sc\u00e8ne nationale de Saint-Nazaire<br \/><\/span>27, 28 f\u00e9vrier 2025<br \/>1<sup>er<\/sup>, 6, 7, 8 mars 2025<\/p><p class=\\\"_texte_page\\\"><span><span style=\\\"color: #1500f6;\\\">Cr\u00e9ation<\/span><br \/>15 mars 2025 - Le Th\u00e9\u00e2tre, sc\u00e8ne nationale de Saint-Nazaire, dans le cadre du temps fort P.A.N.G!<br \/><\/span><\/p>\",\r\n      \"align\": \"bottom\",\r\n      \"row\": 8,\r\n      \"col\": 0,\r\n      \"colspan\": 12,\r\n      \"offsetx\": 0,\r\n      \"offsety\": 0,\r\n      \"spaceabove\": 0,\r\n      \"spacebelow\": 0,\r\n      \"yvel\": 1,\r\n      \"push\": 0,\r\n      \"relid\": 8\r\n    }\r\n  ]\r\n}","_links":{"self":[{"href":"http:\/\/pavillon-s.com\/en\/wp-json\/wp\/v2\/posts\/1052","targetHints":{"allow":["GET"]}}],"collection":[{"href":"http:\/\/pavillon-s.com\/en\/wp-json\/wp\/v2\/posts"}],"about":[{"href":"http:\/\/pavillon-s.com\/en\/wp-json\/wp\/v2\/types\/post"}],"author":[{"embeddable":true,"href":"http:\/\/pavillon-s.com\/en\/wp-json\/wp\/v2\/users\/1"}],"replies":[{"embeddable":true,"href":"http:\/\/pavillon-s.com\/en\/wp-json\/wp\/v2\/comments?post=1052"}],"version-history":[{"count":0,"href":"http:\/\/pavillon-s.com\/en\/wp-json\/wp\/v2\/posts\/1052\/revisions"}],"wp:featuredmedia":[{"embeddable":true,"href":"http:\/\/pavillon-s.com\/en\/wp-json\/wp\/v2\/media\/802"}],"wp:attachment":[{"href":"http:\/\/pavillon-s.com\/en\/wp-json\/wp\/v2\/media?parent=1052"}],"wp:term":[{"taxonomy":"category","embeddable":true,"href":"http:\/\/pavillon-s.com\/en\/wp-json\/wp\/v2\/categories?post=1052"},{"taxonomy":"post_tag","embeddable":true,"href":"http:\/\/pavillon-s.com\/en\/wp-json\/wp\/v2\/tags?post=1052"}],"curies":[{"name":"wp","href":"https:\/\/api.w.org\/{rel}","templated":true}]}}